{"id":35405,"date":"2020-11-30T15:22:45","date_gmt":"2020-11-30T14:22:45","guid":{"rendered":"http:\/\/www.invarena.cz\/?p=35405"},"modified":"2020-11-30T15:22:47","modified_gmt":"2020-11-30T14:22:47","slug":"rozsvitte-i-tento-rok-spolecne-s-kauflandem-vanoce-nevidomym","status":"publish","type":"post","link":"https:\/\/www.invarena.cz\/?p=35405","title":{"rendered":"ROZSVI\u0164TE I TENTO ROK SPOLE\u010cN\u011a S KAUFLANDEM V\u00c1NOCE NEVIDOM\u00ddM"},"content":{"rendered":"\n<p>&#8222;Nejv\u011bt\u0161\u00ed hv\u011bzdou jsou ti, kte\u0159\u00ed pom\u00e1haj\u00ed,&#8220; \u0159\u00edk\u00e1 hudebn\u00edk V\u00e1clav Noid B\u00e1rta, jeden z patron\u016f v\u00e1no\u010dn\u00ed sb\u00edrky Kauflandu. V\u00e1noce jsou kouzeln\u00fd \u010das, kdy se pln\u00ed p\u0159\u00e1n\u00ed a lid\u00e9 d\u011blaj\u00ed dobr\u00e9 skutky. Proto ve v\u0161ech prodejn\u00e1ch Kaufland op\u011bt prob\u00edh\u00e1 tradi\u010dn\u00ed v\u00e1no\u010dn\u00ed sb\u00edrka, kter\u00e1 kon\u010d\u00ed v ned\u011bli 6. prosince. Zapojit se m\u016f\u017eete n\u00e1kupem v\u00e1no\u010dn\u00edch jmenovek, kter\u00e9 najdete na v\u0161ech pokladn\u00e1ch nebo informac\u00edch za 30 korun. A jmenovky na d\u00e1re\u010dky se hod\u00ed v\u017edy, ne? <br> <br> Pro Sv\u011btlu\u0161ku <br> <br>V\u00e1no\u010dn\u00ed sb\u00edrku po\u0159\u00e1d\u00e1 Kaufland ve spolupr\u00e1ci se Sv\u011btlu\u0161kou, projektem Nada\u010dn\u00edho fondu \u010cesk\u00e9ho rozhlasu, kter\u00fd pom\u00e1h\u00e1 d\u011btem a dosp\u011bl\u00fdm se zrakov\u00fdm posti\u017een\u00edm. &#8222;V\u011b\u0159\u00edme, \u017ee i v t\u00e9to nelehk\u00e9 dob\u011b bude vlna solidarity stejn\u011b velk\u00e1 jako v lo\u0148sk\u00e9m roce, a spole\u010dn\u011b tak s na\u0161imi z\u00e1kazn\u00edky rozsv\u00edt\u00edme V\u00e1noce nevidom\u00fdm. V\u00e1\u017e\u00edme si i aktivn\u00ed podpory na\u0161ich zam\u011bstnanc\u016f, kte\u0159\u00ed jsou pro \u00fasp\u011bch cel\u00e9 sb\u00edrky nepostradateln\u00ed. Letos se Kaufland nav\u00edc rozhodl v\u011bnovat Sv\u011btlu\u0161ce 10 K\u010d za ka\u017ed\u00fd prodan\u00fd arch jmenovek. Cel\u00fd v\u00fdt\u011b\u017eek bude prost\u0159ednictv\u00edm Fondu Kaufland v r\u00e1mci ve\u0159ejn\u00e9 sb\u00edrky Sv\u011btlu\u0161ka rozd\u011blen do posledn\u00ed koruny lidem se zrakov\u00fdm posti\u017een\u00edm ve v\u0161ech kraj\u00edch \u010cesk\u00e9 republiky,&#8220; \u0159\u00edk\u00e1 Renata Maierl, tiskov\u00e1 mluv\u010d\u00ed spole\u010dnosti Kaufland. <br> <br>P\u0159ekon\u00e1me lo\u0148sk\u00fdch 10 mili\u00f3n\u016f <br> <br>V lo\u0148sk\u00e9m roce vybrali z\u00e1kazn\u00edci rekordn\u00edch 9 070 500 korun, kter\u00e9 pak Kaufland dorovnal na rovn\u00fdch 10 mili\u00f3n\u016f. D\u00edky v\u00e1no\u010dn\u00ed sb\u00edrce Kauflandu tak m\u016f\u017ee letos Sv\u011btlu\u0161ka rozd\u011blit nejv\u00edce pen\u011bz ve sv\u00e9 18let\u00e9 historii. V tomto roce ji\u017e bylo schv\u00e1leno p\u0159es 120 nada\u010dn\u00edch p\u0159\u00edsp\u011bvk\u016f jednotlivc\u016fm i organizac\u00edm, nap\u0159\u00edklad byly po\u0159\u00edzeny kompenza\u010dn\u00ed pom\u016fcky pro nevidom\u00e9 a slabozrak\u00e9, hrazeny asisten\u010dn\u00ed, odleh\u010dovac\u00ed a pr\u016fvodcovsk\u00e9 slu\u017eby \u010di v\u00fdcvik vodic\u00edch ps\u016f atp. <br> <br>A kde konkr\u00e9tn\u011b Sv\u011btlu\u0161ka pomohla? <br> <br>\u0160kola Jaroslava Je\u017eka z\u00edskala dva granty v celkov\u00e9 v\u00fd\u0161i 154 399 K\u010d, kter\u00e9 ur\u010dit\u011b ud\u011blaly radost v\u0161em 175 \u017e\u00e1k\u016fm s posti\u017een\u00edm zraku. \u0160kola mohla nakoupit pom\u016fcky do \u0161koln\u00edch d\u00edlen, keramick\u00e9 d\u00edlny a kuchy\u0148ky a \u0161kolka pak speci\u00e1ln\u00ed baz\u00e9nek s m\u00ed\u010dky pro rehabilitaci. Sportovec Ond\u0159ej zase z\u00edskal p\u0159\u00edsp\u011bvek 40 000 K\u010d na tras\u00e9ra. Jeho c\u00edlem je dostat se mezi nejlep\u0161\u00ed triatlonisty sv\u011bta a tak\u00e9 motivovat ostatn\u00ed hendikepovan\u00e9. D\u00edky Fondu Kaufland mohla Sv\u011btlu\u0161ka uhradit 80 000 K\u010d za 22 n\u00e1cvikov\u00fdch dn\u00ed canisterapie pro d\u011bti. Po\u0159\u00e1d\u00e1 je organizace Pestr\u00e1 a prob\u00edhaj\u00ed formou her a dal\u0161\u00edch aktivit s asisten\u010dn\u00edm psem. P\u0159\u00edsp\u011bvek z\u00edskala \u0159ada dal\u0161\u00edch jednotlivc\u016f i organizac\u00ed, kter\u00e9 zaji\u0161\u0165uj\u00ed slu\u017eby pro zrakov\u011b posti\u017een\u00e9.<\/p>\n\n\n\n<p>Do 6. prosince se tak v ka\u017ed\u00e9 prodejn\u011b Kaufland po cel\u00e9 republice m\u016f\u017eete i Vy zapojit a pomoci. Srde\u010dn\u011b zve i patron v\u00e1no\u010dn\u00ed sb\u00edrky V\u00e1clav Noid B\u00e1rta: &#8222;Sta\u0148te se i vy hv\u011bzdou a rozsvi\u0165te s n\u00e1mi V\u00e1noce nevidom\u00fdm.&#8220;<\/p>\n\n\n\n<p>Pra\u017esk\u00fd den\u00edk<\/p>\n\n\n\n<p><a rel=\"noreferrer noopener\" aria-label=\" (otev\u0159e se na nov\u00e9 z\u00e1lo\u017ece)\" href=\"http:\/\/www.prazsky.denik.cz\/\" target=\"_blank\">http:\/\/www.prazsky.denik.cz\/<\/a><\/p>\n","protected":false},"excerpt":{"rendered":"<div class=\"mh-excerpt\"><p>&#8222;Nejv\u011bt\u0161\u00ed hv\u011bzdou jsou ti, kte\u0159\u00ed pom\u00e1haj\u00ed,&#8220; \u0159\u00edk\u00e1 hudebn\u00edk V\u00e1clav Noid B\u00e1rta, jeden z patron\u016f v\u00e1no\u010dn\u00ed sb\u00edrky Kauflandu. V\u00e1noce jsou kouzeln\u00fd \u010das, kdy se pln\u00ed p\u0159\u00e1n\u00ed <a class=\"mh-excerpt-more\" href=\"https:\/\/www.invarena.cz\/?p=35405\" title=\"ROZSVI\u0164TE I TENTO ROK SPOLE\u010cN\u011a S KAUFLANDEM V\u00c1NOCE NEVIDOM\u00ddM\">[&#8230;]<\/a><\/p>\n<\/div>","protected":false},"author":1,"featured_media":14120,"comment_status":"open","ping_status":"closed","sticky":false,"template":"","format":"standard","meta":{"footnotes":""},"categories":[9],"tags":[],"class_list":["post-35405","post","type-post","status-publish","format-standard","has-post-thumbnail","hentry","category-zpravy"],"_links":{"self":[{"href":"https:\/\/www.invarena.cz\/index.php?rest_route=\/wp\/v2\/posts\/35405","targetHints":{"allow":["GET"]}}],"collection":[{"href":"https:\/\/www.invarena.cz\/index.php?rest_route=\/wp\/v2\/posts"}],"about":[{"href":"https:\/\/www.invarena.cz\/index.php?rest_route=\/wp\/v2\/types\/post"}],"author":[{"embeddable":true,"href":"https:\/\/www.invarena.cz\/index.php?rest_route=\/wp\/v2\/users\/1"}],"replies":[{"embeddable":true,"href":"https:\/\/www.invarena.cz\/index.php?rest_route=%2Fwp%2Fv2%2Fcomments&post=35405"}],"version-history":[{"count":0,"href":"https:\/\/www.invarena.cz\/index.php?rest_route=\/wp\/v2\/posts\/35405\/revisions"}],"wp:featuredmedia":[{"embeddable":true,"href":"https:\/\/www.invarena.cz\/index.php?rest_route=\/wp\/v2\/media\/14120"}],"wp:attachment":[{"href":"https:\/\/www.invarena.cz\/index.php?rest_route=%2Fwp%2Fv2%2Fmedia&parent=35405"}],"wp:term":[{"taxonomy":"category","embeddable":true,"href":"https:\/\/www.invarena.cz\/index.php?rest_route=%2Fwp%2Fv2%2Fcategories&post=35405"},{"taxonomy":"post_tag","embeddable":true,"href":"https:\/\/www.invarena.cz\/index.php?rest_route=%2Fwp%2Fv2%2Ftags&post=35405"}],"curies":[{"name":"wp","href":"https:\/\/api.w.org\/{rel}","templated":true}]}}