{"id":35433,"date":"2020-12-03T09:09:18","date_gmt":"2020-12-03T08:09:18","guid":{"rendered":"http:\/\/www.invarena.cz\/?p=35433"},"modified":"2020-12-03T09:09:20","modified_gmt":"2020-12-03T08:09:20","slug":"vladni-opatreni-pro-nevidome","status":"publish","type":"post","link":"https:\/\/www.invarena.cz\/?p=35433","title":{"rendered":"Vl\u00e1dn\u00ed opat\u0159en\u00ed pro nevidom\u00e9"},"content":{"rendered":"\n<p>Dodr\u017eov\u00e1n\u00ed vl\u00e1dn\u00edch opat\u0159en\u00ed, jako jsou rozestupy nebo chozen\u00ed do supermarketu bez doprovodu, p\u0159edstavuje velk\u00fd probl\u00e9m pro\u00a0nevidom\u00e9\u00a0a slabozrak\u00e9 lidi. \u010casto toti\u017e pot\u0159ebuj\u00ed pomoc od kolemjdouc\u00edch. Report\u00e1\u017e  <br>CNN Prima News \u00a0<\/p>\n\n\n\n<p>report\u00e9rka\u00a0<br>O tom, jak se \u017eije\u00a0nevidom\u00fdm\u00a0v dob\u011b covidu, o tom si popov\u00edd\u00e1me s dev\u011btat\u0159icetiletou Lindou Albrechtovou z Plzn\u011b, kter\u00e1 m\u00e1 posledn\u00ed zbytky zraku.  Komplikuj\u00ed v\u00e1m ty vl\u00e1dn\u00ed na\u0159\u00edzen\u00ed n\u011bjak \u017eivot moment\u00e1ln\u011b?\u00a0<\/p>\n\n\n\n<p>Linda ALBRECHTOV\u00c1, obyvatelka Plzn\u011b&nbsp;<br>J\u00e1 si mysl\u00edm, \u017ee ur\u010dit\u011b. Nen\u00ed to samoz\u0159ejm\u011b, tak, \u017ee by \u010dlov\u011bk si \u00fapln\u011b jako st\u011b\u017eoval, ale \u0159ekn\u011bme, \u017ee jsou vl\u00e1dn\u00ed za\u0159\u00edzen\u00ed pro na\u0159\u00edzen\u00ed, pro lidi ze zrakov\u00fdm a jin\u00fdm handicapem tro\u0161ku nedota\u017een\u00e1.&nbsp;<\/p>\n\n\n\n<p> report\u00e9rka\u00a0<br>Nap\u0159\u00edklad to je t\u0159eba to, kdy\u017e pot\u0159ebujete pomoci, kdy\u017e se porouch\u00e1 semafor a vy pot\u0159ebujete na t\u011bch ru\u0161n\u00fdch k\u0159i\u017eovatk\u00e1ch pomoci vlastn\u011b s p\u0159echodem, tak jak vy si t\u0159eba ov\u011b\u0159\u00edte, \u017ee ten doty\u010dn\u00fd nem\u00e1 rou\u0161ku, a je v\u017edy dostatek lid\u00ed, kte\u0159\u00ed by v\u00e1m mohli pomoct.\u00a0<\/p>\n\n\n\n<p>Linda ALBRECHTOV\u00c1, \u00a0<br>Pr\u00e1v\u011b p\u0159i tom p\u0159ech\u00e1zen\u00ed jak kde. Samoz\u0159ejm\u011b z\u00e1le\u017e\u00ed na hustot\u011b obydlen\u00ed toho m\u00edsta, kde chci p\u0159ech\u00e1zet. T\u011bch lid\u00ed te\u010f moc nen\u00ed. J\u00e1 si ov\u011b\u0159it sama nem\u016f\u017eu, jestli \u010dlov\u011bk m\u00e1 rou\u0161ku nebo nem\u00e1. Lid\u00e9 jsou v t\u00e9to dob\u011b, jako jsou obzvl\u00e1\u0161\u0165 takov\u00ed jako ost\u00fdchav\u00ed a samoz\u0159ejm\u011b se boj\u00ed t\u00fd mo\u017enosti t\u00fd n\u00e1kazy, tak se \u00fapln\u011b jako nehrnou t\u00e9 pomoci, ale zase samoz\u0159ejm\u011b nen\u00ed to tak jako markantn\u00ed, \u017ee by se \u010dlov\u011bk nedovolal, kdy\u017e pot\u0159ebuje.\u00a0<\/p>\n\n\n\n<p>, report\u00e9rka\u00a0<br>Co t\u0159eba ty n\u00e1kupn\u00ed centra, kde vlastn\u011b bylo zak\u00e1zan\u00e9 chodit ve dvou, s t\u00edm n\u00e1kupn\u00edm ko\u0161\u00edkem. Jak vy jste to \u0159e\u0161ila.\u00a0<\/p>\n\n\n\n<p>Linda ALBRECHTOV\u00c1, <br>Zase z\u00e1le\u017eelo to jako v tom, v t\u011bch prvn\u00edch dnech ne\u017e se ta vl\u00e1dn\u00ed na\u0159\u00edzen\u00ed n\u011bjak opravila nebo, ne\u017e se dalo najevo, \u017ee opravdu jsou lidi, kte\u0159\u00ed ten doprovod pot\u0159ebujou, tak to byl pro n\u011bkoho probl\u00e9m. J\u00e1 jsem, ten prvn\u00ed den poslala man\u017eela samotn\u00e9ho, ale m\u011bla jsem pr\u00e1v\u011b ohlasy i od m\u00fdch kamar\u00e1d\u016f a zn\u00e1m\u00fdch, \u017ee je necht\u011bli pustit do prodejny bez toho, ani\u017e by oba m\u011bli ko\u0161\u00edk, co\u017e t\u011b\u017eko asi jde, \u017ee, kdy\u017e \u010dlov\u011bk pot\u0159ebuje se dr\u017eet n\u011bkoho, nebo v\u016fbec nevid\u00ed, tak nem\u016f\u017ee p\u0159ed sebou tla\u010dit ko\u0161\u00edk.\u00a0<\/p>\n\n\n\n<p><\/p>\n","protected":false},"excerpt":{"rendered":"<div class=\"mh-excerpt\"><p>Dodr\u017eov\u00e1n\u00ed vl\u00e1dn\u00edch opat\u0159en\u00ed, jako jsou rozestupy nebo chozen\u00ed do supermarketu bez doprovodu, p\u0159edstavuje velk\u00fd probl\u00e9m pro\u00a0nevidom\u00e9\u00a0a slabozrak\u00e9 lidi. \u010casto toti\u017e pot\u0159ebuj\u00ed pomoc od kolemjdouc\u00edch. Report\u00e1\u017e <a class=\"mh-excerpt-more\" href=\"https:\/\/www.invarena.cz\/?p=35433\" title=\"Vl\u00e1dn\u00ed opat\u0159en\u00ed pro nevidom\u00e9\">[&#8230;]<\/a><\/p>\n<\/div>","protected":false},"author":1,"featured_media":19084,"comment_status":"open","ping_status":"closed","sticky":false,"template":"","format":"standard","meta":{"footnotes":""},"categories":[7],"tags":[],"class_list":["post-35433","post","type-post","status-publish","format-standard","has-post-thumbnail","hentry","category-spolecnost"],"_links":{"self":[{"href":"https:\/\/www.invarena.cz\/index.php?rest_route=\/wp\/v2\/posts\/35433","targetHints":{"allow":["GET"]}}],"collection":[{"href":"https:\/\/www.invarena.cz\/index.php?rest_route=\/wp\/v2\/posts"}],"about":[{"href":"https:\/\/www.invarena.cz\/index.php?rest_route=\/wp\/v2\/types\/post"}],"author":[{"embeddable":true,"href":"https:\/\/www.invarena.cz\/index.php?rest_route=\/wp\/v2\/users\/1"}],"replies":[{"embeddable":true,"href":"https:\/\/www.invarena.cz\/index.php?rest_route=%2Fwp%2Fv2%2Fcomments&post=35433"}],"version-history":[{"count":0,"href":"https:\/\/www.invarena.cz\/index.php?rest_route=\/wp\/v2\/posts\/35433\/revisions"}],"wp:featuredmedia":[{"embeddable":true,"href":"https:\/\/www.invarena.cz\/index.php?rest_route=\/wp\/v2\/media\/19084"}],"wp:attachment":[{"href":"https:\/\/www.invarena.cz\/index.php?rest_route=%2Fwp%2Fv2%2Fmedia&parent=35433"}],"wp:term":[{"taxonomy":"category","embeddable":true,"href":"https:\/\/www.invarena.cz\/index.php?rest_route=%2Fwp%2Fv2%2Fcategories&post=35433"},{"taxonomy":"post_tag","embeddable":true,"href":"https:\/\/www.invarena.cz\/index.php?rest_route=%2Fwp%2Fv2%2Ftags&post=35433"}],"curies":[{"name":"wp","href":"https:\/\/api.w.org\/{rel}","templated":true}]}}