{"id":35457,"date":"2020-12-04T11:03:44","date_gmt":"2020-12-04T10:03:44","guid":{"rendered":"http:\/\/www.invarena.cz\/?p=35457"},"modified":"2020-12-04T11:03:46","modified_gmt":"2020-12-04T10:03:46","slug":"handicapovanemu-vrati-dustojny-zivot","status":"publish","type":"post","link":"https:\/\/www.invarena.cz\/?p=35457","title":{"rendered":"Handicapovan\u00e9mu vr\u00e1t\u00ed d\u016fstojn\u00fd \u017eivot"},"content":{"rendered":"\n<p>\u0160luknov \u2013 Maj\u00ed hluboko do kapsy a k tomu je stihla r\u00e1na osudu. \u0160estadvacetilet\u00fd Patrik Petrement ze \u0160luknova trp\u00ed od narozen\u00ed d\u011btskou mozkovou obrnou. Je upoutan\u00fd na invalidn\u00ed mechanick\u00fd voz\u00edk, nav\u00edc trp\u00ed i o\u010dn\u00ed vadou. M\u00e1 t\u0159et\u00ed stupe\u0148 invalidity a cel\u00e9 dny se o n\u011bj star\u00e1 jeho maminka Marie C\u00ednov\u00e1. Do jejich \u017eivota zas\u00e1hla n\u00e1hl\u00e1 smrt man\u017eela, kter\u00fd do t\u00e9 doby pom\u00e1hal s p\u00e9\u010d\u00ed o syna. Matka, kter\u00e1 je sama v invalidn\u00edm d\u016fchodu, se tak dostala do finan\u010dn\u00ed t\u00edsn\u011b. Byt, kter\u00fd ob\u00fdvaj\u00ed, nen\u00ed bezbari\u00e9rov\u00fd a nutn\u011b pot\u0159ebuje upravit koupelnu a toaletu, aby je mohl Patrik pou\u017e\u00edvat. Se sv\u00fdm p\u0159\u00edb\u011bhem se obr\u00e1tila na m\u00e9dia ve v\u00ed\u0159e, \u017ee se j\u00ed poda\u0159\u00ed sehnat materi\u00e1ln\u00ed a finan\u010dn\u00ed podporu. <\/p>\n\n\n\n<p>Na \u010dl\u00e1nek na webu Den\u00edku narazil Jan Ravasz z firmy PePe RAVA, kter\u00e1 se zab\u00fdv\u00e1 kompletn\u00edmi rekonstrukcemi byt\u016f. &#8222;Uv\u011bdomil jsem si, \u017ee pro n\u00e1s je v\u00fdm\u011bna futer a podobn\u00e9 bezbari\u00e9rov\u00e9 \u00fapravy mali\u010dkost. Zat\u00edmco pro Patrika p\u0159edstavuj\u00ed z\u00e1sadn\u00ed v\u011bc, aby mohl \u017e\u00edt norm\u00e1ln\u00ed \u017eivot,&#8220; podotkl Ravasz, kter\u00fd d\u0159\u00edve p\u016fsobil i jako pe\u010dovatel pro lidi s posti\u017een\u00edm. &#8222;P\u0159ijel jsem na m\u00edsto, kter\u00e9 absolutn\u011b neodpov\u00edd\u00e1 tomu, co \u010dlov\u011bk s takov\u00fdm hendikepem pot\u0159ebuje. Docela m\u011b to \u0161okovalo. Ale p\u0159iv\u00edtal m\u011b mil\u00fd skromn\u00fd kluk s bystr\u00fdm pohledem,&#8220; zavzpom\u00ednal Ravasz na prvn\u00ed setk\u00e1n\u00ed s Patrikem.<\/p>\n\n\n\n<p>Jeho n\u00e1pad se u koleg\u016f setkal s pozitivn\u00edm ohlasem a rozhodli se ve voln\u00e9m \u010dase kompletn\u011b zrekonstruovat toaletu a koupelnu na m\u00edru tak, aby byl Patrik sob\u011bsta\u010dn\u00fd. Aktu\u00e1ln\u011b maj\u00ed hotov\u00fd pl\u00e1n projektu a b\u011bhem prosince cht\u011bj\u00ed p\u0159ev\u00e9zt nakoupen\u00fd materi\u00e1l do \u0160luknova. Pr\u00e1ci rozlo\u017e\u00ed do dvou f\u00e1z\u00ed s t\u00edm, \u017ee ta prvn\u00ed za\u010dne v lednu. &#8222;Mus\u00edme zpevnit n\u011bkter\u00e9 p\u0159\u00ed\u010dky speci\u00e1ln\u00ed konstrukc\u00ed, aby m\u011bl Patrik p\u0159i op\u011bru o madlo pot\u0159ebnou stabilitu,&#8220; popsal budouc\u00ed pl\u00e1ny Ravasz s t\u00edm, \u017ee by cht\u011bli upravit i kuchy\u0148.<\/p>\n\n\n\n<p>Hotovo by m\u011blo b\u00fdt za\u010d\u00e1tkem \u00fanora p\u0159\u00ed\u0161t\u00edho roku.<\/p>\n\n\n\n<p>&#8222;Moc d\u011bkujeme v\u0161em za dosavadn\u00ed pomoc, ani jsme to ne\u010dekali. Kdy\u017e mi volal p\u00e1n ze stavebn\u00ed firmy se svou nab\u00eddkou, nemohla jsem tomu uv\u011b\u0159it. M\u011bla jsem slzy v o\u010d\u00edch,&#8220; sv\u011b\u0159ila se C\u00ednov\u00e1. Ta ocenila i p\u0159\u00edsp\u011bvky ostatn\u00edch lid\u00ed, kte\u0159\u00ed ji podpo\u0159ili, a to nejen materi\u00e1ln\u011b.<\/p>\n\n\n\n<p>D\u00edky z\u00e1sahu firmy odpadla posledn\u00ed alternativa, kter\u00e1 spo\u010d\u00edvala v p\u0159\u00edpadn\u00e9m st\u011bhov\u00e1n\u00ed do Liberce, kde rodina p\u016fvodn\u011b \u017eila v pron\u00e1jmu. Posledn\u00ed metou je snaha z\u00edskat kombinovan\u00fd invalidn\u00ed voz\u00edk, kter\u00fd lze slo\u017eit do auta. Patrik je upout\u00e1n na mechanick\u00fd voz\u00edk, a jeliko\u017e jeho matka sama trp\u00ed po\u0161kozen\u00edm p\u00e1te\u0159e, nen\u00ed schopn\u00e1 ho ut\u00e1hnout.<\/p>\n\n\n\n<p>Zdej\u0161\u00ed kopcovit\u00e9 prost\u0159ed\u00ed tomu nepom\u00e1h\u00e1.<\/p>\n\n\n\n<p>&#8222;Jsem moc r\u00e1d za pomoc, kter\u00e1 se n\u00e1m dostala. Mamince se trochu ulevilo od tr\u00e1pen\u00ed a j\u00e1 budu moci b\u00fdt v\u00edce samostatn\u00fd,&#8220; ocenil Patrik. V p\u0159\u00edpad\u011b z\u00e1jmu je mo\u017en\u00e9 p\u0159isp\u011bt na tento \u00fa\u010det: 2113754545\/2700. Patrik by d\u00e1le ocenil oble\u010den\u00ed na doma jako tepl\u00e1ky, dezinfek\u010dn\u00ed prost\u0159edky nebo jednor\u00e1zov\u00e9 \u017e\u00ednky.<\/p>\n\n\n\n<p>JI\u0158\u00cd LOUDA<\/p>\n\n\n\n<p>Libereck\u00fd den\u00edk<\/p>\n\n\n\n<p><a rel=\"noreferrer noopener\" aria-label=\" (otev\u0159e se na nov\u00e9 z\u00e1lo\u017ece)\" href=\"http:\/\/www.liberecky.denik.cz\/\" target=\"_blank\">http:\/\/www.liberecky.denik.cz\/<\/a><\/p>\n","protected":false},"excerpt":{"rendered":"<div class=\"mh-excerpt\"><p>\u0160luknov \u2013 Maj\u00ed hluboko do kapsy a k tomu je stihla r\u00e1na osudu. \u0160estadvacetilet\u00fd Patrik Petrement ze \u0160luknova trp\u00ed od narozen\u00ed d\u011btskou mozkovou obrnou. Je <a class=\"mh-excerpt-more\" href=\"https:\/\/www.invarena.cz\/?p=35457\" title=\"Handicapovan\u00e9mu vr\u00e1t\u00ed d\u016fstojn\u00fd \u017eivot\">[&#8230;]<\/a><\/p>\n<\/div>","protected":false},"author":1,"featured_media":13669,"comment_status":"open","ping_status":"closed","sticky":false,"template":"","format":"standard","meta":{"footnotes":""},"categories":[9],"tags":[],"class_list":["post-35457","post","type-post","status-publish","format-standard","has-post-thumbnail","hentry","category-zpravy"],"_links":{"self":[{"href":"https:\/\/www.invarena.cz\/index.php?rest_route=\/wp\/v2\/posts\/35457","targetHints":{"allow":["GET"]}}],"collection":[{"href":"https:\/\/www.invarena.cz\/index.php?rest_route=\/wp\/v2\/posts"}],"about":[{"href":"https:\/\/www.invarena.cz\/index.php?rest_route=\/wp\/v2\/types\/post"}],"author":[{"embeddable":true,"href":"https:\/\/www.invarena.cz\/index.php?rest_route=\/wp\/v2\/users\/1"}],"replies":[{"embeddable":true,"href":"https:\/\/www.invarena.cz\/index.php?rest_route=%2Fwp%2Fv2%2Fcomments&post=35457"}],"version-history":[{"count":0,"href":"https:\/\/www.invarena.cz\/index.php?rest_route=\/wp\/v2\/posts\/35457\/revisions"}],"wp:featuredmedia":[{"embeddable":true,"href":"https:\/\/www.invarena.cz\/index.php?rest_route=\/wp\/v2\/media\/13669"}],"wp:attachment":[{"href":"https:\/\/www.invarena.cz\/index.php?rest_route=%2Fwp%2Fv2%2Fmedia&parent=35457"}],"wp:term":[{"taxonomy":"category","embeddable":true,"href":"https:\/\/www.invarena.cz\/index.php?rest_route=%2Fwp%2Fv2%2Fcategories&post=35457"},{"taxonomy":"post_tag","embeddable":true,"href":"https:\/\/www.invarena.cz\/index.php?rest_route=%2Fwp%2Fv2%2Ftags&post=35457"}],"curies":[{"name":"wp","href":"https:\/\/api.w.org\/{rel}","templated":true}]}}