{"id":35460,"date":"2020-12-05T19:20:53","date_gmt":"2020-12-05T18:20:53","guid":{"rendered":"http:\/\/www.invarena.cz\/?p=35460"},"modified":"2020-12-05T19:20:56","modified_gmt":"2020-12-05T18:20:56","slug":"zamestnavatele-zdravotne-postizenych-nemusi-dokladat-bezdluznost","status":"publish","type":"post","link":"https:\/\/www.invarena.cz\/?p=35460","title":{"rendered":"Zam\u011bstnavatel\u00e9 zdravotn\u011b posti\u017een\u00fdch nemus\u00ed dokl\u00e1dat bezdlu\u017enost"},"content":{"rendered":"\n<p><strong>Firmy, kter\u00e9 zam\u011bstn\u00e1vaj\u00ed posti\u017een\u00e9 pracovn\u00edky, nebudou muset z\u0159ejm\u011b ani v p\u0159\u00ed\u0161t\u00edm roce dokladovat \u00fa\u0159ad\u016fm pr\u00e1ce svoji bezdlu\u017enost, pokud budou v dob\u011b na\u0159\u00edzen\u00fdch omezen\u00ed \u017e\u00e1dat o p\u0159\u00edsp\u011bvky na jejich zam\u011bstn\u00e1v\u00e1n\u00ed. S p\u0159\u00edsp\u011bvkem budou moci \u010derpat i pen\u00edze z programu Antivirus. Po\u010d\u00edt\u00e1 s t\u00edm novela z\u00e1kona o zam\u011bstnanosti, kterou v p\u00e1tek ve zrychlen\u00e9m re\u017eimu ve stavu legislativn\u00ed nouze schv\u00e1lila Sn\u011bmovna. Nyn\u00ed ji dostane k projedn\u00e1n\u00ed Sen\u00e1t.<\/strong><\/p>\n\n\n\n<p>Novelu o zam\u011bstnanosti se zm\u011bnou pravidel u potvrzen\u00ed o bezdlu\u017enosti u p\u0159\u00edsp\u011bvk\u016f na zam\u011bstn\u00e1v\u00e1n\u00ed posti\u017een\u00fdch vl\u00e1da prosadila v dubnu v prvn\u00ed vln\u011b koronavirov\u00e9 n\u00e1kazy. Zam\u011bstnavatel\u00e9 za nouzov\u00e9ho stavu nemuseli dokl\u00e1dat \u00fa\u0159adu pr\u00e1ce, \u017ee nedlu\u017e\u00ed na dan\u00edch \u010di odvodech a pen\u00e1le. Podle ministerstva pr\u00e1ce by toti\u017e nemuseli kv\u016fli vyt\u00ed\u017eenosti \u00fa\u0159ad\u016f a omezen\u00ed jejich provozu dostat pot\u0159ebn\u00e9 doklady v\u010das a o podporu od st\u00e1tu by mohli p\u0159ij\u00edt. Lid\u00e9 s handicapem by tak mohli ztratit pr\u00e1ci. Povinnost platit dan\u011b a odvody \u010di dluhy a pen\u00e1le norma neru\u0161\u00ed.<\/p>\n\n\n\n<p>Firmy mohou \u010derpat p\u0159\u00edsp\u011bvek na handicapovan\u00e9 pracovn\u00edky i v dob\u011b, kdy musely za nouzov\u00e9ho stavu omezit v\u00fdrobu \u010di slu\u017eby a nechat zam\u011bstnance doma. M\u00edrn\u011bj\u0161\u00ed pravidla podle nyn\u011bj\u0161\u00edho z\u00e1kona maj\u00ed platit jen do konce roku. Novela je proto prodlu\u017euje na celou dobu na\u0159\u00edzen\u00fdch omezen\u00ed.<\/p>\n\n\n\n<p>&#8222;Epidemie onemocn\u011bn\u00ed covid-19 nebude omezena pouze na rok 2020 a opat\u0159en\u00ed bude t\u0159eba p\u0159ij\u00edmat i v n\u00e1sleduj\u00edc\u00edm obdob\u00ed,&#8220; uvedlo ministerstvo pr\u00e1ce v podkladech k z\u00e1konu.<\/p>\n","protected":false},"excerpt":{"rendered":"<div class=\"mh-excerpt\"><p>Firmy, kter\u00e9 zam\u011bstn\u00e1vaj\u00ed posti\u017een\u00e9 pracovn\u00edky, nebudou muset z\u0159ejm\u011b ani v p\u0159\u00ed\u0161t\u00edm roce dokladovat \u00fa\u0159ad\u016fm pr\u00e1ce svoji bezdlu\u017enost, pokud budou v dob\u011b na\u0159\u00edzen\u00fdch omezen\u00ed \u017e\u00e1dat o <a class=\"mh-excerpt-more\" href=\"https:\/\/www.invarena.cz\/?p=35460\" title=\"Zam\u011bstnavatel\u00e9 zdravotn\u011b posti\u017een\u00fdch nemus\u00ed dokl\u00e1dat bezdlu\u017enost\">[&#8230;]<\/a><\/p>\n<\/div>","protected":false},"author":1,"featured_media":16920,"comment_status":"open","ping_status":"closed","sticky":false,"template":"","format":"standard","meta":{"footnotes":""},"categories":[7],"tags":[],"class_list":["post-35460","post","type-post","status-publish","format-standard","has-post-thumbnail","hentry","category-spolecnost"],"_links":{"self":[{"href":"https:\/\/www.invarena.cz\/index.php?rest_route=\/wp\/v2\/posts\/35460","targetHints":{"allow":["GET"]}}],"collection":[{"href":"https:\/\/www.invarena.cz\/index.php?rest_route=\/wp\/v2\/posts"}],"about":[{"href":"https:\/\/www.invarena.cz\/index.php?rest_route=\/wp\/v2\/types\/post"}],"author":[{"embeddable":true,"href":"https:\/\/www.invarena.cz\/index.php?rest_route=\/wp\/v2\/users\/1"}],"replies":[{"embeddable":true,"href":"https:\/\/www.invarena.cz\/index.php?rest_route=%2Fwp%2Fv2%2Fcomments&post=35460"}],"version-history":[{"count":0,"href":"https:\/\/www.invarena.cz\/index.php?rest_route=\/wp\/v2\/posts\/35460\/revisions"}],"wp:featuredmedia":[{"embeddable":true,"href":"https:\/\/www.invarena.cz\/index.php?rest_route=\/wp\/v2\/media\/16920"}],"wp:attachment":[{"href":"https:\/\/www.invarena.cz\/index.php?rest_route=%2Fwp%2Fv2%2Fmedia&parent=35460"}],"wp:term":[{"taxonomy":"category","embeddable":true,"href":"https:\/\/www.invarena.cz\/index.php?rest_route=%2Fwp%2Fv2%2Fcategories&post=35460"},{"taxonomy":"post_tag","embeddable":true,"href":"https:\/\/www.invarena.cz\/index.php?rest_route=%2Fwp%2Fv2%2Ftags&post=35460"}],"curies":[{"name":"wp","href":"https:\/\/api.w.org\/{rel}","templated":true}]}}