{"id":35531,"date":"2020-12-14T15:00:01","date_gmt":"2020-12-14T14:00:01","guid":{"rendered":"http:\/\/www.invarena.cz\/?p=35531"},"modified":"2020-12-14T15:00:02","modified_gmt":"2020-12-14T14:00:02","slug":"lupenka-muze-napadat-i-klouby-priznaky-neni-radno-podcenovat","status":"publish","type":"post","link":"https:\/\/www.invarena.cz\/?p=35531","title":{"rendered":"Lup\u00e9nka m\u016f\u017ee napadat i klouby. P\u0159\u00edznaky nen\u00ed radno podce\u0148ovat"},"content":{"rendered":"\n<p>O psori\u00e1ze neboli lup\u00e9nce u\u017e jsme psali v p\u0159edchoz\u00edch d\u00edlech. Toto autoimunitn\u00ed onemocn\u011bn\u00ed se projevuje p\u0159edev\u0161\u00edm na k\u016f\u017ei, nehtech a vlasech. Krom\u011b toho ale m\u016f\u017ee zp\u016fsobit rozvoj dal\u0161\u00edho onemocn\u011bn\u00ed, jako je psoriatick\u00e1 artritida, kter\u00e9 napad\u00e1 i klouby. <br> <br>&#8222;\u0158\u00edk\u00e1 se, \u017ee je pom\u011brn\u011b obt\u00ed\u017en\u00e9 psoriatickou artritidu diagnostikovat. O tom n\u011bco v\u00edm\u2026 Bylo mi 25 let, kdy\u017e jsem poprv\u00e9 za\u010dal poci\u0165ovat p\u0159\u00edznaky artritidy, ale trvalo dal\u0161\u00edch dvacet p\u011bt let, ne\u017e mi byla diagnostikov\u00e1na psoriatick\u00e1 artritida, tak\u017ee a\u017e v pades\u00e1ti letech jsem se dostal k relevantn\u00ed l\u00e9\u010db\u011b,&#8220; kr\u010d\u00ed rameny dnes 56let\u00fd Martin. <br> <br>&#8222;Podle l\u00e9ka\u0159\u016f je t\u011b\u017ek\u00e9 rovnou tuto nemoc diagnostikovat, proto\u017ee nen\u00ed tak b\u011b\u017en\u00e1, a hlavn\u011b jej\u00ed p\u0159\u00edznaky jsou podobn\u00e9 jin\u00fdm nemocem jako je revmatoidn\u00ed artritida, osteoartritida nebo dna. Mo\u017en\u00e1 to tak je, p\u0159esto to u m\u011b nikdo nepoznal, a\u010dkoli jsem m\u011bl psori\u00e1zu (lup\u00e9nku) u\u017e od d\u011btstv\u00ed.<\/p>\n\n\n\n<p>Kdy\u017e jsem ve 25 letech za\u010dal m\u00edt p\u0159\u00edznaky artritidy, otekl mi prvn\u011b jeden kloub na prstu a z\u00e1rove\u0148 se mi za\u010daly tvo\u0159it \u0161upiny i na nehtech na rukou i na nohou. L\u00e9ka\u0159i si tehdy mysleli, \u017ee je to kv\u016fli moj\u00ed lup\u00e9nce a nikdy m\u011b netestovali na psoriatickou artritidu.<\/p>\n\n\n\n<p>Otoky se postupn\u011b na t\u00e9 jedn\u00e9 ruce p\u0159id\u00e1valy. N\u011bkter\u00e9 dny jsem m\u011bl dokonce probl\u00e9m udr\u017eet v ruce tu\u017eku, abych se jen podepsal. Postupem \u010dasu se otoky kloub\u016f za\u010daly objevovat po cel\u00e9m t\u011ble. Nebylo to sice tak znateln\u00e9 jako na prav\u00e9 ruce, ale i tak jsem bojoval s otokem lokte a kolena. N\u011bjak\u00fd \u010das otok a bolesti trvaly, pak se v\u0161e vr\u00e1tilo do norm\u00e1lu, a takhle se to po\u0159\u00e1d opakovalo. Za ty roky jsem nav\u0161t\u00edvil mnoho l\u00e9ka\u0159\u016f, dost\u00e1val nejr\u016fzn\u011bj\u0161\u00ed l\u00e9ky proti bolesti, co\u017e samoz\u0159ejm\u011b nijak zvl\u00e1\u0161\u0165 nepom\u00e1halo.<\/p>\n\n\n\n<p>B\u011bhem \u017eivota se moje bolesti zhor\u0161ovaly a p\u0159izn\u00e1m se, \u017ee vedle p\u0159edepsan\u00fdch l\u00e9k\u016f jsem vyzkou\u0161el i hodn\u011b bylinek, p\u0159\u00edrodn\u00ed a alternativn\u00ed l\u00e9\u010dby. N\u011bco do\u010dasn\u011b zab\u00edralo, ale nestal se \u00fapln\u00fd z\u00e1zrak, aby mi to ulevilo napo\u0159\u00e1d.<\/p>\n\n\n\n<p>Tak jsem se nau\u010dil p\u0159ij\u00edmat \u017eivot a \u017e\u00edt se sv\u00fdmi bolestmi. Kdy\u017e byla moje lup\u00e9nka opravdu \u0161patn\u00e1, mazal jsem se doporu\u010den\u00fdmi mastmi a \u010dekal, a\u017e se p\u0159\u00edznaky zlep\u0161\u00ed. Kdykoli se projevila moje artritida, \u0161et\u0159il jsem klouby, pravideln\u011b cvi\u010dil, aby neztuhly \u00fapln\u011b a sna\u017eil se to vydr\u017eet p\u00e1r m\u011bs\u00edc\u016f, dokud se stav zase nezlep\u0161il. Bylo to jako na horsk\u00e9 dr\u00e1ze. Jednou dole, jednou naho\u0159e,&#8220; vzpom\u00edn\u00e1 na t\u011b\u017ek\u00e9 obdob\u00ed Martin. <br> <br>&#8222;P\u0159ed osmi lety se artritida zhor\u0161ila. \u0160patn\u011b jsem chodil, kolikr\u00e1t jsem r\u00e1no bolest\u00ed nemohl ani vst\u00e1t z postele. Do auta a z auta jsem se soukal \u010dtvrt hodiny. N\u011bkdy i zvednout p\u0159i sn\u00eddan\u00ed hrne\u010dek mi \u010dinilo probl\u00e9m. \u010cekal jsem, kdy to zase p\u0159ejde, ale bylo to jen hor\u0161\u00ed. Shodou okolnost\u00ed jsem se tehdy sezn\u00e1mil s \u010dlov\u011bkem, kter\u00fd trp\u011bl jak lup\u00e9nkou, tak psoriatickou artritidou a na\u0161e zku\u0161enosti se shodovaly. Poslal m\u011b tedy ke sv\u00e9mu revmatologovi, kter\u00fd byl prvn\u00ed, kdo mi kone\u010dn\u011b po dlouh\u00fdch letech ur\u010dil diagn\u00f3zu. Vlastn\u011b se mi stra\u0161n\u011b ulevilo, \u017ee nejsem bl\u00e1zen a v\u00edm, co mi je. Posledn\u00edch p\u00e1r let mi pom\u00e1h\u00e1 biologick\u00e1 l\u00e9\u010dba, d\u00edky kter\u00e9 m\u00e1m pocit, \u017ee zase norm\u00e1ln\u011b \u017eiju.&#8220;<\/p>\n\n\n\n<p>N\u00e1zor odborn\u00edka<\/p>\n\n\n\n<p>Psori\u00e1za nemus\u00ed postihovat jen k\u016f\u017ei, um\u00ed napadnout i klouby. Z\u00e1n\u011bt postihuje jak klouby na rukou a nohou, tak i \u0161lachy nebo klouby na p\u00e1te\u0159i a ty ot\u00e9kaj\u00ed. Takzvan\u00e1 psoriatick\u00e1 artritida dok\u00e1\u017ee b\u00fdt velmi bolestiv\u00e1. Podle odborn\u00edk\u016f nemoc na kloubech a k\u016f\u017ei spou\u0161t\u00ed mimo jin\u00e9 fyzick\u00e1 z\u00e1t\u011b\u017e, infekce a dlouhodob\u00e9 vystavov\u00e1n\u00ed stresu. Pr\u00e1v\u011b psychick\u00e1 pohoda je d\u016fle\u017eit\u00e1 i pro ty, kte\u0159\u00ed ji\u017e psori\u00e1zou a k tomu po\u010d\u00ednaj\u00edc\u00ed psoriatickou artritidou trp\u00ed, aby nedo\u0161lo ke zhor\u0161ov\u00e1n\u00ed stavu. <br> <br>&#8222;Bolesti, sv\u011bd\u011bn\u00ed, p\u00e1len\u00ed a s t\u00edm spojen\u00fd nedostatek sp\u00e1nku bohu\u017eel negativn\u011b ovliv\u0148uj\u00ed pacientovu psychiku. Nemocn\u00ed se \u010dasto setk\u00e1vaj\u00ed s nepochopen\u00edm okol\u00ed a jsou vylou\u010deni ze soci\u00e1ln\u00edho \u017eivota. Nez\u0159\u00eddka se pot\u00fdkaj\u00ed krom\u011b psori\u00e1zy tak\u00e9 s depresemi,&#8220; upozor\u0148uje prof. Petr Arenberger, p\u0159ednosta Dermatovenerologick\u00e9 kliniky a \u0159editel Fakultn\u00ed nemocnice Kr\u00e1lovsk\u00e9 Vinohrady.<\/p>\n\n\n\n<p>Informace o nemoci <br> * Psoriatick\u00e1 artritida je chronick\u00e9 z\u00e1n\u011btliv\u00e9 onemocn\u011bn\u00ed postihuj\u00edc\u00ed klouby. <br> * Nej\u010dast\u011bji se vyskytuje u pacient\u016f s t\u011b\u017ekou formou lup\u00e9nky. <br> * Ko\u017en\u00ed a kloubn\u00ed p\u0159\u00edznaky se jen m\u00e1lokdy objevuj\u00ed sou\u010dasn\u011b. <br> * Posti\u017een\u00ed kloub\u016f v\u011bt\u0161inou p\u0159ich\u00e1z\u00ed pozd\u011bji, \u010dasto a\u017e po deseti letech probl\u00e9m\u016f s lup\u00e9nkou. <br> * Dosud nen\u00ed zn\u00e1m\u00e1 p\u0159esn\u00e1 p\u0159\u00ed\u010dina vzniku nemoci, ur\u010ditou roli hraje d\u011bdi\u010dnost. <br> * U psoriatick\u00e9 artritidy v\u011bt\u0161inou chyb\u00ed v krvi nemocn\u00e9ho revmatoidn\u00edho faktoru. To je protil\u00e1tka, kter\u00e1 se ve zv\u00fd\u0161en\u00e9 koncentraci vyskytuje pr\u00e1v\u011b u pacient\u016f s revmatick\u00fdm onemocn\u011bn\u00edm.  <\/p>\n\n\n\n<p>PO\u010cTY<\/p>\n\n\n\n<p>A\u017e 30 % osob s lup\u00e9nkou se pot\u00fdk\u00e1 tak\u00e9 s psoriatickou  artritidou. Okolo 40 % osob, u kter\u00fdch propukne psoriatick\u00e1 artritida, m\u00e1  v rodin\u011b n\u011bkoho s psori\u00e1zou nebo psoriatickou artritidou. M\u016f\u017ee se  objevit kdykoliv, ale nej\u010dast\u011bji se tak d\u011bje v pubert\u011b a pak mezi 35\u201350  lety, jak u mu\u017e\u016f, tak u \u017een.<\/p>\n\n\n\n<p>Tipy pro zdrav\u00ed<\/p>\n\n\n\n<p>Psoriatick\u00e1 artritida je bolestiv\u00e9 onemocn\u011bn\u00ed, kter\u00e9 vede ke ztuhl\u00fdm a otekl\u00fdm kloub\u016fm. Jedna v\u011bc v\u00e1s p\u0159ed ztuhlost\u00ed dovede zachr\u00e1nit \u2013 ka\u017edodenn\u00edm cvi\u010den\u00ed. Nejlep\u0161\u00ed je zam\u011b\u0159it se na sport, p\u0159i kter\u00e9m nejsou tolik zat\u011b\u017eov\u00e1ny klouby a nedoch\u00e1z\u00ed k p\u0159\u00edli\u0161 velk\u00fdm n\u00e1raz\u016fm. Ide\u00e1ln\u00ed je plav\u00e1n\u00ed, j\u00f3ga, j\u00edzda na kole nebo ch\u016fze.Vyhnout byste se naopak m\u011bli b\u011bh\u00e1n\u00ed, tenisu, p\u0159\u00edpadn\u011b extr\u00e9mn\u00edmu posilov\u00e1n\u00ed. Nezapom\u00ednejte na protahov\u00e1n\u00ed, aby se svaly zah\u0159\u00e1ly. Vyberte si takov\u00fd pohyb, kter\u00fd v\u00e1s bude bavit a budete se mu v\u011bnovat pravideln\u011b.<\/p>\n\n\n\n<p>Alena Ben\u00ed\u0161kov\u00e1<\/p>\n\n\n\n<p>Slov\u00e1ck\u00fd den\u00edk<\/p>\n\n\n\n<p><a rel=\"noreferrer noopener\" aria-label=\" (otev\u0159e se na nov\u00e9 z\u00e1lo\u017ece)\" href=\"https:\/\/slovacky.denik.cz\/\" target=\"_blank\">https:\/\/slovacky.denik.cz\/<\/a><\/p>\n","protected":false},"excerpt":{"rendered":"<div class=\"mh-excerpt\"><p>O psori\u00e1ze neboli lup\u00e9nce u\u017e jsme psali v p\u0159edchoz\u00edch d\u00edlech. Toto autoimunitn\u00ed onemocn\u011bn\u00ed se projevuje p\u0159edev\u0161\u00edm na k\u016f\u017ei, nehtech a vlasech. Krom\u011b toho ale m\u016f\u017ee <a class=\"mh-excerpt-more\" href=\"https:\/\/www.invarena.cz\/?p=35531\" title=\"Lup\u00e9nka m\u016f\u017ee napadat i klouby. P\u0159\u00edznaky nen\u00ed radno podce\u0148ovat\">[&#8230;]<\/a><\/p>\n<\/div>","protected":false},"author":1,"featured_media":15420,"comment_status":"open","ping_status":"closed","sticky":false,"template":"","format":"standard","meta":{"footnotes":""},"categories":[9],"tags":[],"class_list":["post-35531","post","type-post","status-publish","format-standard","has-post-thumbnail","hentry","category-zpravy"],"_links":{"self":[{"href":"https:\/\/www.invarena.cz\/index.php?rest_route=\/wp\/v2\/posts\/35531","targetHints":{"allow":["GET"]}}],"collection":[{"href":"https:\/\/www.invarena.cz\/index.php?rest_route=\/wp\/v2\/posts"}],"about":[{"href":"https:\/\/www.invarena.cz\/index.php?rest_route=\/wp\/v2\/types\/post"}],"author":[{"embeddable":true,"href":"https:\/\/www.invarena.cz\/index.php?rest_route=\/wp\/v2\/users\/1"}],"replies":[{"embeddable":true,"href":"https:\/\/www.invarena.cz\/index.php?rest_route=%2Fwp%2Fv2%2Fcomments&post=35531"}],"version-history":[{"count":0,"href":"https:\/\/www.invarena.cz\/index.php?rest_route=\/wp\/v2\/posts\/35531\/revisions"}],"wp:featuredmedia":[{"embeddable":true,"href":"https:\/\/www.invarena.cz\/index.php?rest_route=\/wp\/v2\/media\/15420"}],"wp:attachment":[{"href":"https:\/\/www.invarena.cz\/index.php?rest_route=%2Fwp%2Fv2%2Fmedia&parent=35531"}],"wp:term":[{"taxonomy":"category","embeddable":true,"href":"https:\/\/www.invarena.cz\/index.php?rest_route=%2Fwp%2Fv2%2Fcategories&post=35531"},{"taxonomy":"post_tag","embeddable":true,"href":"https:\/\/www.invarena.cz\/index.php?rest_route=%2Fwp%2Fv2%2Ftags&post=35531"}],"curies":[{"name":"wp","href":"https:\/\/api.w.org\/{rel}","templated":true}]}}