{"id":35540,"date":"2020-12-16T00:18:04","date_gmt":"2020-12-15T23:18:04","guid":{"rendered":"http:\/\/www.invarena.cz\/?p=35540"},"modified":"2020-12-28T11:00:03","modified_gmt":"2020-12-28T10:00:03","slug":"prace-a-invalidni-duchod","status":"publish","type":"post","link":"https:\/\/www.invarena.cz\/?p=35540","title":{"rendered":"Pr\u00e1ce a invalidn\u00ed d\u016fchod"},"content":{"rendered":"\n<p>Ot\u00e1zka: Cht\u011bl bych se zeptat, pob\u00edr\u00e1m invalidn\u00ed d\u016fchod 3. stupn\u011b. R\u00e1d bych se informoval o mo\u017enosti p\u0159iv\u00fdd\u011blku. Kolik si mohu vyd\u011blat? A na jak\u00fd pracovn\u00ed \u00favazek mohu pracovat? <\/p>\n\n\n\n<p><\/p>\n\n\n\n<p>Odpov\u011b\u010f: Pr\u00e1vn\u00ed p\u0159edpisy neomezuj\u00ed p\u0159\u00edjemce jak\u00e9hokoliv invalidn\u00edho d\u016fchodu nikterak pracovat. Kl\u00ed\u010dov\u00fd je pracovn\u00ed \u00favazek, kter\u00fd stanovuje mno\u017estv\u00ed odpracovan\u00fdch hodin. A sou\u010dasn\u011b s t\u00edm nen\u00ed \u017e\u00e1dn\u00fdm pr\u00e1vn\u00edm p\u0159edpisem omezena v\u00fd\u0161e finan\u010dn\u00ed odm\u011bny.<br> <\/p>\n\n\n\n<p>Invalidn\u00ed d\u016fchod b\u00fdv\u00e1 v\u0161ak p\u0159izn\u00e1v\u00e1n z d\u016fvodu poklesu pracovn\u00ed<br> schopnosti. Ve va\u0161em p\u0159\u00edpad\u011b, poklesla pracovn\u00ed schopnost nejm\u00e9n\u011b o 70%. Doporu\u010duji V\u00e1m, pokud je to mo\u017en\u00e9, sjednat si pr\u00e1ci na zkr\u00e1cen\u00fd \u00favazek, aby v&nbsp;budoucnu nenastaly pot\u00ed\u017ee v p\u0159\u00edpad\u011b kontroln\u00edho posouzen\u00ed va\u0161eho<br> zdravotn\u00edho stavu, nebo\u0165 pr\u00e1ce na pln\u00fd \u00favazek by mohla p\u0159isp\u011bt ke sn\u00ed\u017een\u00ed \u010di odebr\u00e1n\u00ed pobran\u00e9ho invalidn\u00edho d\u016fchodu. <\/p>\n\n\n\n<p>admin<br> <br> <br> <\/p>\n","protected":false},"excerpt":{"rendered":"<div class=\"mh-excerpt\"><p>Ot\u00e1zka: Cht\u011bl bych se zeptat, pob\u00edr\u00e1m invalidn\u00ed d\u016fchod 3. stupn\u011b. R\u00e1d bych se informoval o mo\u017enosti p\u0159iv\u00fdd\u011blku. Kolik si mohu vyd\u011blat? A na jak\u00fd pracovn\u00ed <a class=\"mh-excerpt-more\" href=\"https:\/\/www.invarena.cz\/?p=35540\" title=\"Pr\u00e1ce a invalidn\u00ed d\u016fchod\">[&#8230;]<\/a><\/p>\n<\/div>","protected":false},"author":1,"featured_media":1077,"comment_status":"open","ping_status":"closed","sticky":false,"template":"","format":"standard","meta":{"footnotes":""},"categories":[18],"tags":[],"class_list":["post-35540","post","type-post","status-publish","format-standard","has-post-thumbnail","hentry","category-poradna"],"_links":{"self":[{"href":"https:\/\/www.invarena.cz\/index.php?rest_route=\/wp\/v2\/posts\/35540","targetHints":{"allow":["GET"]}}],"collection":[{"href":"https:\/\/www.invarena.cz\/index.php?rest_route=\/wp\/v2\/posts"}],"about":[{"href":"https:\/\/www.invarena.cz\/index.php?rest_route=\/wp\/v2\/types\/post"}],"author":[{"embeddable":true,"href":"https:\/\/www.invarena.cz\/index.php?rest_route=\/wp\/v2\/users\/1"}],"replies":[{"embeddable":true,"href":"https:\/\/www.invarena.cz\/index.php?rest_route=%2Fwp%2Fv2%2Fcomments&post=35540"}],"version-history":[{"count":0,"href":"https:\/\/www.invarena.cz\/index.php?rest_route=\/wp\/v2\/posts\/35540\/revisions"}],"wp:featuredmedia":[{"embeddable":true,"href":"https:\/\/www.invarena.cz\/index.php?rest_route=\/wp\/v2\/media\/1077"}],"wp:attachment":[{"href":"https:\/\/www.invarena.cz\/index.php?rest_route=%2Fwp%2Fv2%2Fmedia&parent=35540"}],"wp:term":[{"taxonomy":"category","embeddable":true,"href":"https:\/\/www.invarena.cz\/index.php?rest_route=%2Fwp%2Fv2%2Fcategories&post=35540"},{"taxonomy":"post_tag","embeddable":true,"href":"https:\/\/www.invarena.cz\/index.php?rest_route=%2Fwp%2Fv2%2Ftags&post=35540"}],"curies":[{"name":"wp","href":"https:\/\/api.w.org\/{rel}","templated":true}]}}