{"id":35543,"date":"2020-12-16T07:41:36","date_gmt":"2020-12-16T06:41:36","guid":{"rendered":"http:\/\/www.invarena.cz\/?p=35543"},"modified":"2020-12-16T07:41:39","modified_gmt":"2020-12-16T06:41:39","slug":"vanocni-vyrobky-z-chranenych-dilen","status":"publish","type":"post","link":"https:\/\/www.invarena.cz\/?p=35543","title":{"rendered":"V\u00e1no\u010dn\u00ed v\u00fdrobky z chr\u00e1n\u011bn\u00fdch d\u00edlen"},"content":{"rendered":"\n<p>Opat\u0159en\u00ed proti epidemii se u n\u00e1s  dotkla i chr\u00e1n\u011bn\u00fdch d\u00edlen. Ty letos nemohou prod\u00e1vat v\u00fdrobky na  v\u00e1no\u010dn\u00edch trz\u00edch v takov\u00e9 m\u00ed\u0159e jako v p\u0159edchoz\u00edch letech. V\u011bt\u0161inu  objedn\u00e1vek proto vy\u0159izuj\u00ed on-line. Lid\u00e9 vyu\u017e\u00edvaj\u00ed mo\u017enosti zakoupit si  v\u00fdrobky p\u0159\u00edmo v d\u00edln\u00e1ch.  Report\u00e1\u017e &#8218;CT.<br><br>Jan NEDBAL, vedouc\u00ed v\u00fdtvarn\u00e9 d\u00edlny, chr\u00e1n\u011bn\u00e1 d\u00edlna Prosaz  <br>Z\u00e1kazn\u00edk\u016f  chod\u00ed v\u00edce ne\u017e loni a jsem za to moc r\u00e1d. Vlastn\u011b n\u00e1m sd\u011bluj\u00ed sv\u00e9  z\u00e1\u017eitky s koronakriz\u00ed. A mus\u00edm \u0159\u00edct, \u017ee ta solidarita je opravdu velik\u00e1.  Samoz\u0159ejm\u011b my m\u016f\u017eeme zde m\u00edt maxim\u00e1ln\u011b jednoho z\u00e1kazn\u00edka. Mus\u00ed  dodr\u017eovat klasick\u00e1 protiepidemick\u00e1 opat\u0159en\u00ed, jako je dezinfekce rukou,  rozestupy, rou\u0161ka, tak\u017ee to plat\u00ed i tady. Na\u0161imi zam\u011bstnanci jsou osoby,  kter\u00e9 maj\u00ed invalidn\u00ed d\u016fchod. U n\u00e1s zam\u011bstn\u00e1v\u00e1me v\u011bt\u0161inou osoby s psychick\u00fdm posti\u017een\u00edm.  <\/p>\n\n\n\n<p> \u010cT 24 <br><br><\/p>\n","protected":false},"excerpt":{"rendered":"<div class=\"mh-excerpt\"><p>Opat\u0159en\u00ed proti epidemii se u n\u00e1s dotkla i chr\u00e1n\u011bn\u00fdch d\u00edlen. Ty letos nemohou prod\u00e1vat v\u00fdrobky na v\u00e1no\u010dn\u00edch trz\u00edch v takov\u00e9 m\u00ed\u0159e jako v p\u0159edchoz\u00edch letech. <a class=\"mh-excerpt-more\" href=\"https:\/\/www.invarena.cz\/?p=35543\" title=\"V\u00e1no\u010dn\u00ed v\u00fdrobky z chr\u00e1n\u011bn\u00fdch d\u00edlen\">[&#8230;]<\/a><\/p>\n<\/div>","protected":false},"author":1,"featured_media":14118,"comment_status":"open","ping_status":"closed","sticky":false,"template":"","format":"standard","meta":{"footnotes":""},"categories":[7],"tags":[],"class_list":["post-35543","post","type-post","status-publish","format-standard","has-post-thumbnail","hentry","category-spolecnost"],"_links":{"self":[{"href":"https:\/\/www.invarena.cz\/index.php?rest_route=\/wp\/v2\/posts\/35543","targetHints":{"allow":["GET"]}}],"collection":[{"href":"https:\/\/www.invarena.cz\/index.php?rest_route=\/wp\/v2\/posts"}],"about":[{"href":"https:\/\/www.invarena.cz\/index.php?rest_route=\/wp\/v2\/types\/post"}],"author":[{"embeddable":true,"href":"https:\/\/www.invarena.cz\/index.php?rest_route=\/wp\/v2\/users\/1"}],"replies":[{"embeddable":true,"href":"https:\/\/www.invarena.cz\/index.php?rest_route=%2Fwp%2Fv2%2Fcomments&post=35543"}],"version-history":[{"count":0,"href":"https:\/\/www.invarena.cz\/index.php?rest_route=\/wp\/v2\/posts\/35543\/revisions"}],"wp:featuredmedia":[{"embeddable":true,"href":"https:\/\/www.invarena.cz\/index.php?rest_route=\/wp\/v2\/media\/14118"}],"wp:attachment":[{"href":"https:\/\/www.invarena.cz\/index.php?rest_route=%2Fwp%2Fv2%2Fmedia&parent=35543"}],"wp:term":[{"taxonomy":"category","embeddable":true,"href":"https:\/\/www.invarena.cz\/index.php?rest_route=%2Fwp%2Fv2%2Fcategories&post=35543"},{"taxonomy":"post_tag","embeddable":true,"href":"https:\/\/www.invarena.cz\/index.php?rest_route=%2Fwp%2Fv2%2Ftags&post=35543"}],"curies":[{"name":"wp","href":"https:\/\/api.w.org\/{rel}","templated":true}]}}