{"id":35555,"date":"2020-12-21T09:43:46","date_gmt":"2020-12-21T08:43:46","guid":{"rendered":"http:\/\/www.invarena.cz\/?p=35555"},"modified":"2020-12-21T09:43:48","modified_gmt":"2020-12-21T08:43:48","slug":"kdo-pomaha","status":"publish","type":"post","link":"https:\/\/www.invarena.cz\/?p=35555","title":{"rendered":"Kdo pom\u00e1h\u00e1?"},"content":{"rendered":"\n<p>Dev\u011bt neziskov\u00fdch organizac\u00ed, kter\u00e9 pom\u00e1haj\u00ed zdravotn\u011b posti\u017een\u00fdm nebo soci\u00e1ln\u011b slab\u00fdm.<\/p>\n\n\n\n<p>Pop\u00e1lky\u00a0<\/p>\n\n\n\n<p>Opa\u0159ili se nebo pop\u00e1lili, a mnoh\u00fdm z nich se tak \u017eivot oto\u010dil naruby. Takov\u00fdm lidem pom\u00e1h\u00e1 organizace Pop\u00e1lky ze \u017d\u010f\u00e1ru nad S\u00e1zavou. Ta prioritn\u011b doj\u00ed\u017ed\u00ed jednou t\u00fddn\u011b na pop\u00e1leninov\u00e9 centrum v Brn\u011b. Jej\u00ed p\u016fsobnost je v\u0161ak celorepublikov\u00e1. Hlavn\u00ed p\u0159edstavitelkou je Jana Lacinov\u00e1, \u017eena, kterou ve 13 letech pop\u00e1lil elektrick\u00fd proud. Ta se i s jej\u00edmi kolegy pravideln\u011b setk\u00e1v\u00e1 s podobn\u011b zran\u011bn\u00fdmi lidmi. <br><a href=\"https:\/\/popalky.cz\/kontakty\/\">Kontakty<\/a><br>+420 776 259 126 <br>info@popalky.cz\u00a0  <br>Havl\u00ed\u010dkovo n\u00e1m\u011bst\u00ed 287\/46<br>591 01 \u017d\u010f\u00e1r nad S\u00e1zavou <\/p>\n\n\n\n<p>Klub&nbsp;voz\u00ed\u010dk\u00e1\u0159\u016f&nbsp;Pet\u00fdrkova&nbsp;<\/p>\n\n\n\n<p>Nemoc, \u00faraz, nehoda\u2026 Nep\u0159\u00edzniv\u00fd osud jim zkomplikoval \u017eivot. Sta\u010d\u00ed v\u0161ak podat pomocnou ruku a lid\u00e9 na\u00a0invalidn\u00edm\u00a0voz\u00edku zase mohou zvl\u00e1dat \u0159adu v\u011bc\u00ed jako d\u0159\u00edv. T\u00e9m\u011b\u0159 30 let se o to sna\u017e\u00ed organizace Klub\u00a0voz\u00ed\u010dk\u00e1\u0159\u016f\u00a0Pet\u00fdrkova (KVP). <br><\/p>\n\n\n\n<ul class=\"wp-block-list\"><li><strong>Tel.:<\/strong>\u00a0(+420)\u00a0727 821 669\u00a0(kancel\u00e1\u0159)<\/li><li><strong>E-mail<\/strong>:\u00a0<a href=\"mailto:info@kvp.cz\">info@kvp.cz<\/a><\/li><li> Praha 4 &#8211; Chodov <\/li><\/ul>\n\n\n\n<p>Colliery Srdcem&nbsp;<\/p>\n\n\n\n<p>Organizace pom\u00e1h\u00e1 lidem, kter\u00fdm \u017eivot uk\u00e1zal p\u0159edev\u0161\u00edm nep\u0159\u00edv\u011btivou tv\u00e1\u0159. Jsou\u00a0zdravotn\u011b\u00a0posti\u017een\u00ed, nebo po \u00faraze. Handicapovan\u00ed z Ostravska v\u0161ak maj\u00ed jedine\u010dnou mo\u017enost, jak se se sv\u00fdmi neduhy alespo\u0148 \u010d\u00e1ste\u010dn\u011b vyrovn\u00e1vat. Jednodu\u0161e chod\u00ed do t\u011blocvi\u010dny organizace cvi\u010dit spole\u010dn\u011b se speci\u00e1ln\u011b vy\u0161kolen\u00fdmi tren\u00e9ry. Zvy\u0161uj\u00ed si nejen kondici, ale i sebev\u011bdom\u00ed.  <br> <br>M\u00edrov\u00e1, Ostrava <br><strong>E-mail:<\/strong>\u00a0<a href=\"mailto:info@collierysrdcem.cz?subject=Zpr%C3%A1va%20z%20www.collierysrdcem.cz\">info@collierysrdcem.cz<\/a> <\/p>\n\n\n\n<p>Toulc\u016fv dv\u016fr\u00a0<\/p>\n\n\n\n<p>Stovky vz\u00e1cn\u00fdch zv\u00ed\u0159at, p\u0159\u00edjemn\u00e9 proch\u00e1zky sadem p\u0159i cvrlik\u00e1n\u00ed pt\u00e1k\u016f nebo cenn\u00e9 mok\u0159ady. Dok\u00e1\u017eete si n\u011bco takov\u00e9ho p\u0159edstavit jen sedm kilometr\u016f vzdu\u0161nou \u010darou od pra\u017esk\u00e9ho V\u00e1clavsk\u00e9ho n\u00e1m\u011bst\u00ed? Nemus\u00edte sn\u00edt, sta\u010d\u00ed jen zaj\u00edt do Toulcova dvora!\u00a0<br> <br>Kubatova 32\/1<br>102 00 Praha 10 &#8211; Hostiva\u0159 <br>Telefon: +420 272 660 500<br>E-mail: info@toulcuvdvur.cz <\/p>\n\n\n\n<p>V\u00fdcvikov\u00e9 canisterapeutick\u00e9 sdru\u017een\u00ed Haf\u00edk\u00a0<\/p>\n\n\n\n<p>Kde jen t\u011b\u017eko pom\u00e1haj\u00ed l\u00e9ka\u0159i, m\u016f\u017ee lehce pomoci pes. Tlapku nad\u011bje u\u017e t\u00e9m\u011b\u0159 20 let pod\u00e1v\u00e1 spolek V\u00fdcvikov\u00e9 canisterapeutick\u00e9 sdru\u017een\u00ed Haf\u00edk z T\u0159ebo\u0148ska. U\u010d\u00ed chlup\u00e1\u010de tzv. canisterapii, kter\u00e1 pom\u00e1h\u00e1 senior\u016fm i lidem s posti\u017een\u00edm. <br>Doman\u00edn 150, T\u0159ebo\u0148<br>ludmila.cimlova@canisterapie.org<\/p>\n\n\n\n<p>Elim Vset\u00edn\u00a0<\/p>\n\n\n\n<p>P\u0159i\u0161li o st\u0159echu nad hlavou a cel\u00fd sv\u011bt se k nim oto\u010dil z\u00e1dy. P\u0159itom leckdy to nebylo jejich vinou. Lid\u00e9 bez domova v\u0161ak maj\u00ed i tak nad\u011bji na lep\u0161\u00ed \u017eivot. Na\u0161li ji v organizaci Elim Vset\u00edn. Ta lidem stoj\u00edc\u00edm mimo z\u00e1jem spole\u010dnosti nab\u00edz\u00ed odpo\u010dinut\u00ed a \u00falevu p\u0159ed dal\u0161\u00ed cestou \u017eivotem. <br><\/p>\n\n\n\n<p>Ild\u017ea Miroslav, Mgr.\u0159editel   720 736 720 miroslav.ildza@elimvsetin.cz <br><br><\/p>\n\n\n\n<p>Sdru\u017een\u00ed Neratov&nbsp;<\/p>\n\n\n\n<p>Malebn\u00e1 vesni\u010dka Neratov na hranic\u00edch s Polskem m\u011bla nam\u00e1le. V roce 1989 m\u011bla jen dva obyvatele, p\u0159ed z\u00e1nikem ji zachr\u00e1nil kn\u011bz Josef Such\u00e1r (61) s t\u00fdmem lid\u00ed, kte\u0159\u00ed necht\u011bli, aby poutn\u00ed m\u00edsto zmizelo z mapy! Do Neratova nyn\u00ed po obnov\u011b jezd\u00ed tis\u00edce turist\u016f, dokonce zde bydl\u00ed na 150 lid\u00ed. S obnovou pom\u00e1haj\u00ed i lid\u00e9 s posti\u017een\u00edm. <br>  <br>Barto\u0161ovice v Orlick\u00fdch hor\u00e1ch 84,  <br>jana@neratov.cz <br><br><br><\/p>\n\n\n\n<p>Mezin\u00e1rodn\u00ed v\u011bze\u0148sk\u00e9 spole\u010denstv\u00ed&nbsp;<\/p>\n\n\n\n<p>Dostali se na scest\u00ed a skon\u010dili ve v\u011bzen\u00ed. Kdy\u017e znovu vstoup\u00ed do svobodn\u00e9ho \u017eivota, \u010dasto nev\u011bd\u00ed, kudy kam. A\u017e 70 procent trestan\u00fdch lid\u00ed kon\u010d\u00ed znovu v krimin\u00e1le. Boj proti recidiv\u011b sv\u00e1d\u00ed u\u017e 10 let Mezin\u00e1rodn\u00ed v\u011bze\u0148sk\u00e9 spole\u010denstv\u00ed (MVS). To pom\u00e1h\u00e1 i ob\u011btem trestn\u00fdch \u010din\u016f nebo d\u011btem v\u011bz\u0148\u016f. <br><br><\/p>\n\n\n\n<p>Balb\u00ednova 550\/10<br>120 00 Praha 2 \u2013 Vinohrady<br><br><a href=\"mailto:info@mvs.cz\">info@mvs.cz<\/a><\/p>\n\n\n\n<p>Freya&nbsp;<\/p>\n\n\n\n<p>Narodili se se zdravotn\u00edm zd posti\u017een\u00edm nebo jim \u017eivot obr\u00e1til naruby \u00faraz. I tito lid\u00e9 maj\u00ed sexu\u00e1ln\u00ed touhy, pot\u0159eby, ot\u00e1zky. \u010cty\u0159i roky jim pom\u00e1h\u00e1 organizace Freya. <br> <br>Pal\u00e1c YMCA, Na Po\u0159\u00ed\u010d\u00ed 1041, 110 00 Nov\u00e9 M\u011bsto <br>poradenstvi<a href=\"mailto:zychova@freya.live\">@freya.live<\/a><br><br><\/p>\n","protected":false},"excerpt":{"rendered":"<div class=\"mh-excerpt\"><p>Dev\u011bt neziskov\u00fdch organizac\u00ed, kter\u00e9 pom\u00e1haj\u00ed zdravotn\u011b posti\u017een\u00fdm nebo soci\u00e1ln\u011b slab\u00fdm. Pop\u00e1lky\u00a0 Opa\u0159ili se nebo pop\u00e1lili, a mnoh\u00fdm z nich se tak \u017eivot oto\u010dil naruby. Takov\u00fdm <a class=\"mh-excerpt-more\" href=\"https:\/\/www.invarena.cz\/?p=35555\" title=\"Kdo pom\u00e1h\u00e1?\">[&#8230;]<\/a><\/p>\n<\/div>","protected":false},"author":1,"featured_media":14228,"comment_status":"open","ping_status":"closed","sticky":false,"template":"","format":"standard","meta":{"footnotes":""},"categories":[7],"tags":[],"class_list":["post-35555","post","type-post","status-publish","format-standard","has-post-thumbnail","hentry","category-spolecnost"],"_links":{"self":[{"href":"https:\/\/www.invarena.cz\/index.php?rest_route=\/wp\/v2\/posts\/35555","targetHints":{"allow":["GET"]}}],"collection":[{"href":"https:\/\/www.invarena.cz\/index.php?rest_route=\/wp\/v2\/posts"}],"about":[{"href":"https:\/\/www.invarena.cz\/index.php?rest_route=\/wp\/v2\/types\/post"}],"author":[{"embeddable":true,"href":"https:\/\/www.invarena.cz\/index.php?rest_route=\/wp\/v2\/users\/1"}],"replies":[{"embeddable":true,"href":"https:\/\/www.invarena.cz\/index.php?rest_route=%2Fwp%2Fv2%2Fcomments&post=35555"}],"version-history":[{"count":0,"href":"https:\/\/www.invarena.cz\/index.php?rest_route=\/wp\/v2\/posts\/35555\/revisions"}],"wp:featuredmedia":[{"embeddable":true,"href":"https:\/\/www.invarena.cz\/index.php?rest_route=\/wp\/v2\/media\/14228"}],"wp:attachment":[{"href":"https:\/\/www.invarena.cz\/index.php?rest_route=%2Fwp%2Fv2%2Fmedia&parent=35555"}],"wp:term":[{"taxonomy":"category","embeddable":true,"href":"https:\/\/www.invarena.cz\/index.php?rest_route=%2Fwp%2Fv2%2Fcategories&post=35555"},{"taxonomy":"post_tag","embeddable":true,"href":"https:\/\/www.invarena.cz\/index.php?rest_route=%2Fwp%2Fv2%2Ftags&post=35555"}],"curies":[{"name":"wp","href":"https:\/\/api.w.org\/{rel}","templated":true}]}}