{"id":35557,"date":"2020-12-22T09:11:47","date_gmt":"2020-12-22T08:11:47","guid":{"rendered":"http:\/\/www.invarena.cz\/?p=35557"},"modified":"2020-12-22T09:11:50","modified_gmt":"2020-12-22T08:11:50","slug":"od-noveho-roku-nemusi-mit-dalnicni-znamku-sluchove-postizeni-se-ztp","status":"publish","type":"post","link":"https:\/\/www.invarena.cz\/?p=35557","title":{"rendered":"Od Nov\u00e9ho roku nemus\u00ed m\u00edt  d\u00e1lni\u010dn\u00ed zn\u00e1mku sluchov\u011b posti\u017een\u00ed se ZTP"},"content":{"rendered":"\n<p>Novinkou od 1. ledna 2021 je osvobozen\u00ed od d\u00e1lni\u010dn\u00edho poplatku pro dr\u017eitele pr\u016fkazu\u00a0ZTP\u00a0nebo\u00a0ZTP\/P, kte\u0159\u00ed jsou sluchov\u011b posti\u017een\u00ed, co\u017e a\u017e do konce leto\u0161n\u00edho roku neplat\u00ed. Od 1. ledna se tedy bude osvobozen\u00ed vztahovat na v\u0161echny dr\u017eitele pr\u016fkazu\u00a0ZTP\u00a0a\u00a0ZTP\/P, pokud z\u00e1rove\u0148 spln\u00ed dal\u0161\u00ed podm\u00ednky, kter\u00e9 jsou pops\u00e1ny n\u00ed\u017ee.\u00a0<\/p>\n\n\n\n<p>Od za\u010d\u00e1tku leto\u0161n\u00edho prosince byl spu\u0161t\u011bn nov\u00fd syst\u00e9m d\u00e1lni\u010dn\u00edch zn\u00e1mek, kdy m\u00edsto klasick\u00e9 nalepovac\u00ed d\u00e1lni\u010dn\u00ed zn\u00e1mky, na kterou jsme byli des\u00edtky let zvykl\u00ed, bude nutn\u00e9 zakoupit elektronickou d\u00e1lni\u010dn\u00ed zn\u00e1mku p\u0159es internetov\u00fd port\u00e1l nebo na vybran\u00fdch \u010derpac\u00edch stanic\u00edch.  V\u00fdhodou je, \u017ee odpadaj\u00ed nep\u0159\u00edjemnosti se slepov\u00e1n\u00edm star\u00e9 d\u00e1lni\u010dn\u00ed zn\u00e1mky, co\u017e byl \u010dasto obt\u00ed\u017en\u00fd \u00fakol. <\/p>\n\n\n\n<p>N\u011bkter\u00e1 vozidla a osoby jsou u\u017e mnoho let od d\u00e1lni\u010dn\u00edho poplatku osvobozena, mimo jin\u00e9 i dr\u017eitel\u00e9 pr\u016fkazu\u00a0ZTP\u00a0a\u00a0ZTP\/P.\u00a0<\/p>\n\n\n\n<p>Pokud je dr\u017eitel pr\u016fkazu\u00a0ZTP\u00a0nebo\u00a0ZTP\/P p\u0159epravov\u00e1n vozidlem, jeho\u017e je s\u00e1m provozovatelem nebo je provozovatelem osoba bl\u00edzk\u00e1, je zcela osvobozen od d\u00e1lni\u010dn\u00edho poplatku. S nov\u00fdm syst\u00e9mem elektronick\u00fdch d\u00e1lni\u010dn\u00edch zn\u00e1mek se pro dr\u017eitele pr\u016fkazu\u00a0ZTP\u00a0a\u00a0ZTP\/P zat\u00edm nic nem\u011bn\u00ed. Pokud chce n\u011bkdo vyu\u017e\u00edt osvobozen\u00ed od d\u00e1lni\u010dn\u00edho poplatku, nemus\u00ed nikde uv\u00e1d\u011bt registra\u010dn\u00ed zna\u010dku vozidla, kter\u00fdm se bude p\u0159epravovat. <\/p>\n\n\n\n<p>Pro mo\u017enost osvobozen\u00ed od d\u00e1lni\u010dn\u00edho poplatku je nutn\u00e9 splnit n\u00e1sleduj\u00edc\u00ed po\u017eadavky:\u00a0<\/p>\n\n\n\n<ul class=\"wp-block-list\"><li>provozovatelem automobilu mus\u00ed b\u00fdt dr\u017eitel pr\u016fkazu\u00a0ZTP\u00a0nebo ZTP\/P \u010di osoba jemu bl\u00edzk\u00e1 <\/li><\/ul>\n\n\n\n<ul class=\"wp-block-list\"><li>dr\u017eitel pr\u016fkazu\u00a0ZTP\u00a0nebo\u00a0ZTP\/P mus\u00ed b\u00fdt v automobilu p\u0159i j\u00edzd\u011b p\u0159\u00edtomen s v\u00fdjimkou, kter\u00e1 je uvedena d\u00e1le v \u010dl\u00e1nku.\u00a0<\/li><\/ul>\n\n\n\n<p>P\u0159\u00edpadn\u00e1 kontrola bude prob\u00edhat stejn\u011b jako dosud \u2013 tedy p\u0159\u00edmo na zpoplatn\u011bn\u00e9 pozemn\u00ed komunikaci, p\u0159i kontrole sta\u010d\u00ed p\u0159edlo\u017eit pr\u016fkaz\u00a0ZTP\u00a0nebo\u00a0ZTP\/P \u010di doklad o onemocn\u011bn\u00ed (v p\u0159\u00edpad\u011b nezaopat\u0159en\u00e9ho d\u00edt\u011bte, kter\u00e9 je l\u00e9\u010deno se zhoubn\u00fdm n\u00e1dorem nebo hemoblastosou), dr\u017eitel\u00e9 pr\u016fkazu\u00a0ZTP\u00a0a\u00a0ZTP\/P u\u017e nebudou muset n\u00e1sledn\u011b nic prokazovat. Nen\u00ed nutn\u00e9 m\u00edt auto, kter\u00e9 je osvobozen\u00e9 od d\u00e1lni\u010dn\u00edho poplatku, ozna\u010den\u00e9 parkovac\u00edm pr\u016fkazem osoby se zdravotn\u00edm posti\u017een\u00edm. Nicm\u00e9n\u011b parkovac\u00ed pr\u016fkaz na dob\u0159e viditeln\u00e9m m\u00edst\u011b p\u0159i j\u00edzd\u011b po d\u00e1lni\u010dn\u00ed s\u00edti je prosp\u011b\u0161n\u00fd t\u00edm, \u017ee d\u00e1te t\u00edm policii nebo p\u0159\u00edslu\u0161n\u00edkovi celn\u00ed spr\u00e1vy dop\u0159edu na v\u011bdom\u00ed, \u017ee jde o opr\u00e1vn\u011bn\u00e9 osvobozen\u00ed od d\u00e1lni\u010dn\u00edho poplatku. Neznamen\u00e1 to v\u0161ak, \u017ee se t\u00edm vyhnete p\u0159\u00edpadn\u00e9 d\u00e1lni\u010dn\u00ed kontrole.\u00a0<\/p>\n\n\n\n<p>Opatrn\u00ed bychom m\u011bli b\u00fdt, pokud vezeme dr\u017eitele pr\u016fkazu\u00a0ZTP nebo\u00a0ZTP\/P do zdravotnick\u00e9ho za\u0159\u00edzen\u00ed nebo nap\u0159\u00edklad do l\u00e1zn\u00ed a zp\u011bt se vrac\u00edme po d\u00e1lnici bez n\u011bj. V tomto p\u0159\u00edpad\u011b bu\u010f bychom m\u011bli m\u00edt d\u00e1lni\u010dn\u00ed zn\u00e1mku zakoupenu, nebo m\u00edt p\u0159ipraveno k p\u0159edlo\u017een\u00ed potvrzen\u00ed od zdravotnick\u00e9ho za\u0159\u00edzen\u00ed nebo l\u00e1zn\u00ed, \u017ee se vrac\u00edme z tohoto za\u0159\u00edzen\u00ed, kam jsme vezli dr\u017eitele pr\u016fkazu\u00a0ZTP\u00a0nebo ZTP\/P. Pokud budeme m\u00edt toto potvrzen\u00ed, budeme od pokuty osvobozeni, m\u016f\u017ee v\u0161ak doj\u00edt ke spr\u00e1vn\u00edmu \u0159\u00edzen\u00ed, kde tyto skute\u010dnosti budeme muset je\u0161t\u011b prokazovat. Nav\u00edc pokud vezeme dr\u017eitele pr\u016fkazu\u00a0ZTP\u00a0 nebo\u00a0ZTP\/P na dovolenou nebo k p\u0159\u00edbuzn\u00fdm, na zp\u00e1te\u010dn\u00ed cestu se u\u017e tato v\u00fdjimka nevztahuje, \u017e\u00e1dn\u00e9 potvrzen\u00ed n\u00e1m nepom\u016f\u017ee, a tud\u00ed\u017e jsme nuceni bu\u010f se d\u00e1lnici vyhnout, nebo si zakoupit d\u00e1lni\u010dn\u00ed zn\u00e1mku, a\u010dkoli jsme d\u00e1lnici vyu\u017eili jen kv\u016fli odvozu dr\u017eitele pr\u016fkazu\u00a0ZTP\u00a0nebo\u00a0ZTP\/P. \u00a0<\/p>\n\n\n\n<p>Osvobozen\u00ed od d\u00e1lni\u010dn\u00edho poplatku se vztahuje i na vozidla, jejich\u017e provozovatelem jsou domovy pro osoby se zdravotn\u00edm posti\u017een\u00edm, pokud tato auta slou\u017e\u00ed k p\u0159eprav\u011b klient\u016f se zdravotn\u00edm posti\u017een\u00edm.&nbsp;<\/p>\n\n\n\n<p>Osvobozen\u00ed od d\u00e1lni\u010dn\u00edho poplatku se na dr\u017eitele pr\u016fkazu\u00a0ZTP\u00a0a\u00a0ZTP\/P vztahuje pouze na \u00fazem\u00ed \u010cesk\u00e9 republiky, v jin\u00fdch zem\u00edch si d\u00e1lni\u010dn\u00ed zn\u00e1mku mus\u00edme zakoupit.<\/p>\n\n\n\n<p>redakce invArena\u00a0 <\/p>\n","protected":false},"excerpt":{"rendered":"<div class=\"mh-excerpt\"><p>Novinkou od 1. ledna 2021 je osvobozen\u00ed od d\u00e1lni\u010dn\u00edho poplatku pro dr\u017eitele pr\u016fkazu\u00a0ZTP\u00a0nebo\u00a0ZTP\/P, kte\u0159\u00ed jsou sluchov\u011b posti\u017een\u00ed, co\u017e a\u017e do konce leto\u0161n\u00edho roku neplat\u00ed. Od <a class=\"mh-excerpt-more\" href=\"https:\/\/www.invarena.cz\/?p=35557\" title=\"Od Nov\u00e9ho roku nemus\u00ed m\u00edt  d\u00e1lni\u010dn\u00ed zn\u00e1mku sluchov\u011b posti\u017een\u00ed se ZTP\">[&#8230;]<\/a><\/p>\n<\/div>","protected":false},"author":1,"featured_media":35558,"comment_status":"open","ping_status":"closed","sticky":false,"template":"","format":"standard","meta":{"footnotes":""},"categories":[18],"tags":[],"class_list":["post-35557","post","type-post","status-publish","format-standard","has-post-thumbnail","hentry","category-poradna"],"_links":{"self":[{"href":"https:\/\/www.invarena.cz\/index.php?rest_route=\/wp\/v2\/posts\/35557","targetHints":{"allow":["GET"]}}],"collection":[{"href":"https:\/\/www.invarena.cz\/index.php?rest_route=\/wp\/v2\/posts"}],"about":[{"href":"https:\/\/www.invarena.cz\/index.php?rest_route=\/wp\/v2\/types\/post"}],"author":[{"embeddable":true,"href":"https:\/\/www.invarena.cz\/index.php?rest_route=\/wp\/v2\/users\/1"}],"replies":[{"embeddable":true,"href":"https:\/\/www.invarena.cz\/index.php?rest_route=%2Fwp%2Fv2%2Fcomments&post=35557"}],"version-history":[{"count":0,"href":"https:\/\/www.invarena.cz\/index.php?rest_route=\/wp\/v2\/posts\/35557\/revisions"}],"wp:featuredmedia":[{"embeddable":true,"href":"https:\/\/www.invarena.cz\/index.php?rest_route=\/wp\/v2\/media\/35558"}],"wp:attachment":[{"href":"https:\/\/www.invarena.cz\/index.php?rest_route=%2Fwp%2Fv2%2Fmedia&parent=35557"}],"wp:term":[{"taxonomy":"category","embeddable":true,"href":"https:\/\/www.invarena.cz\/index.php?rest_route=%2Fwp%2Fv2%2Fcategories&post=35557"},{"taxonomy":"post_tag","embeddable":true,"href":"https:\/\/www.invarena.cz\/index.php?rest_route=%2Fwp%2Fv2%2Ftags&post=35557"}],"curies":[{"name":"wp","href":"https:\/\/api.w.org\/{rel}","templated":true}]}}