{"id":35578,"date":"2021-01-04T09:30:46","date_gmt":"2021-01-04T08:30:46","guid":{"rendered":"http:\/\/www.invarena.cz\/?p=35578"},"modified":"2021-01-04T09:42:06","modified_gmt":"2021-01-04T08:42:06","slug":"zvysuji-se-duchody-i-minimalni-mzda","status":"publish","type":"post","link":"https:\/\/www.invarena.cz\/?p=35578","title":{"rendered":"Zvy\u0161uj\u00ed se d\u016fchody i minim\u00e1ln\u00ed mzda"},"content":{"rendered":"\n<p>Minim\u00e1ln\u00ed mzda se od za\u010d\u00e1tku nov\u00e9ho roku zvy\u0161uje o 600 korun na 15 200 korun. Sou\u010dasn\u011b se zved\u00e1 i zaru\u010den\u00e1 mzda, kter\u00e1 se vypl\u00e1c\u00ed v osmi stupn\u00edch podle odbornosti, odpov\u011bdnosti a slo\u017eitosti pr\u00e1ce. Upravuj\u00ed se tak\u00e9 platov\u00e9 tarify ve ve\u0159ejn\u00e9m sektoru. Zdravotn\u00edk\u016fm a v soci\u00e1ln\u00edch slu\u017eb\u00e1ch vzrostou o deset procent, u\u010ditel\u016fm o \u010dty\u0159i procenta. Ostatn\u00ed zam\u011bstnanci st\u00e1tu a ve\u0159ejn\u00e9 sf\u00e9ry p\u0159id\u00e1no nedostali. <br><br>Hodinov\u00e1 \u010d\u00e1stka minim\u00e1ln\u00ed mzdy p\u0159i t\u00fddenn\u00ed pracovn\u00ed dob\u011b \u010din\u00ed 90,50 korun. Loni dosahovala 87,30 korun. Pracovn\u00edci s nejvy\u0161\u0161\u00ed kvalifikac\u00ed a odpov\u011bdnost\u00ed maj\u00ed letos zaru\u010denou mzdu nejm\u00e9n\u011b 181 korun na hodinu.\u00a0\u00a0<\/p>\n\n\n\n<p>Starobn\u00ed,&nbsp;invalidn\u00ed&nbsp;a poz\u016fstalostn\u00ed penze se zvy\u0161uj\u00ed. V\u0161ichni d\u016fchodci a d\u016fchodkyn\u011b dostanou 60 korun nav\u00edc a k tomu se jim o 7,1 procenta zved\u00e1 z\u00e1sluhov\u00e1 \u010d\u00e1st jejich d\u016fchodu. Pr\u016fm\u011brn\u00fd starobn\u00ed \u010di invalidn\u00ed d\u016fchod tak roste celkem o 839 korun. O ni\u017e\u0161\u00ed \u010d\u00e1stku si p\u0159ilep\u0161\u00ed lid\u00e9, kte\u0159\u00ed pob\u00edrali dosud m\u011bs\u00ed\u010dn\u011b m\u00e9n\u011b ne\u017e 14 449 korun. Nav\u00fd\u0161en\u00ed penz\u00ed upravuje vl\u00e1dn\u00ed na\u0159\u00edzen\u00ed, kter\u00e9 za\u010dalo platit.  Pr\u016fm\u011brn\u00e1 starobn\u00ed penze by tak m\u011bla podle ministerstva pr\u00e1ce \u010dinit 15 336 korun. Vl\u00e1da tak pln\u00ed slib, \u017ee pr\u016fm\u011brn\u00fd d\u016fchod do leto\u0161n\u00edch podzimn\u00edch sn\u011bmovn\u00edch voleb dos\u00e1hne 15 000 korun.&nbsp;<\/p>\n","protected":false},"excerpt":{"rendered":"<div class=\"mh-excerpt\"><p>Minim\u00e1ln\u00ed mzda se od za\u010d\u00e1tku nov\u00e9ho roku zvy\u0161uje o 600 korun na 15 200 korun. Sou\u010dasn\u011b se zved\u00e1 i zaru\u010den\u00e1 mzda, kter\u00e1 se vypl\u00e1c\u00ed v <a class=\"mh-excerpt-more\" href=\"https:\/\/www.invarena.cz\/?p=35578\" title=\"Zvy\u0161uj\u00ed se d\u016fchody i minim\u00e1ln\u00ed mzda\">[&#8230;]<\/a><\/p>\n<\/div>","protected":false},"author":1,"featured_media":24717,"comment_status":"open","ping_status":"closed","sticky":false,"template":"","format":"standard","meta":{"footnotes":""},"categories":[1],"tags":[],"class_list":["post-35578","post","type-post","status-publish","format-standard","has-post-thumbnail","hentry","category-nezarazene"],"_links":{"self":[{"href":"https:\/\/www.invarena.cz\/index.php?rest_route=\/wp\/v2\/posts\/35578","targetHints":{"allow":["GET"]}}],"collection":[{"href":"https:\/\/www.invarena.cz\/index.php?rest_route=\/wp\/v2\/posts"}],"about":[{"href":"https:\/\/www.invarena.cz\/index.php?rest_route=\/wp\/v2\/types\/post"}],"author":[{"embeddable":true,"href":"https:\/\/www.invarena.cz\/index.php?rest_route=\/wp\/v2\/users\/1"}],"replies":[{"embeddable":true,"href":"https:\/\/www.invarena.cz\/index.php?rest_route=%2Fwp%2Fv2%2Fcomments&post=35578"}],"version-history":[{"count":0,"href":"https:\/\/www.invarena.cz\/index.php?rest_route=\/wp\/v2\/posts\/35578\/revisions"}],"wp:featuredmedia":[{"embeddable":true,"href":"https:\/\/www.invarena.cz\/index.php?rest_route=\/wp\/v2\/media\/24717"}],"wp:attachment":[{"href":"https:\/\/www.invarena.cz\/index.php?rest_route=%2Fwp%2Fv2%2Fmedia&parent=35578"}],"wp:term":[{"taxonomy":"category","embeddable":true,"href":"https:\/\/www.invarena.cz\/index.php?rest_route=%2Fwp%2Fv2%2Fcategories&post=35578"},{"taxonomy":"post_tag","embeddable":true,"href":"https:\/\/www.invarena.cz\/index.php?rest_route=%2Fwp%2Fv2%2Ftags&post=35578"}],"curies":[{"name":"wp","href":"https:\/\/api.w.org\/{rel}","templated":true}]}}