{"id":35582,"date":"2021-01-04T11:36:14","date_gmt":"2021-01-04T10:36:14","guid":{"rendered":"http:\/\/www.invarena.cz\/?p=35582"},"modified":"2021-01-04T11:36:16","modified_gmt":"2021-01-04T10:36:16","slug":"covid-19-zastavil-sestup-do-udoli-doubravky-novorocni-ctyrlistek-ale-nezhatil","status":"publish","type":"post","link":"https:\/\/www.invarena.cz\/?p=35582","title":{"rendered":"Covid 19 zastavil sestup do \u00fadol\u00ed Doubravky, Novoro\u010dn\u00ed \u010dty\u0159l\u00edstek ale nezhatil"},"content":{"rendered":"\n<p>Havl\u00ed\u010dkobrod\u0161t\u00ed turist\u00e9 v\u00edtali dlouh\u00e1 l\u00e9ta nov\u00fd rok\ntradi\u010dn\u00edm sestupem do \u00fadol\u00ed Doubravky. Letos si m\u011bli vy\u0161l\u00e1pnout do ka\u0148onovit\u00e9ho\n\u00fadol\u00ed malebn\u00e9 \u0159eky ji\u017e po osmat\u0159ic\u00e1t\u00e9. Bohu\u017eel si v\u0161ichni na spole\u010dnou akci\nbudeme muset po\u010dkat, proto\u017ee vy\u0161\u0161\u00ed moc v&nbsp;podob\u011b onemocn\u011bn\u00ed COVID-19, n\u00e1m\nna\u0161e pl\u00e1ny zastavila.<\/p>\n\n\n\n<p>Skaln\u00ed vyhl\u00eddky \u010cert\u016fv stolek, Sokolohrady i samotn\u00e1 \u0159eka Doubravka, tak pro leto\u0161n\u00ed rok nebyly sou\u010d\u00e1st\u00ed obl\u00edben\u00e9 organizovan\u00e9 turistick\u00e9 akce, kterou pro sv\u00e9 turistick\u00e9 kamar\u00e1dy i \u0161irokou ve\u0159ejnost za\u010dal organizovat Jaroslav Jon\u00e1k. Sou\u010d\u00e1st\u00ed novoro\u010dn\u00edch akc\u00ed r\u016fzn\u00fdch klub\u016f \u010desk\u00fdch turist\u016f je u\u017e osmn\u00e1ct let ve\u0159ejn\u00e1 sb\u00edrka pod n\u00e1zvem Novoro\u010dn\u00ed \u010dty\u0159l\u00edstek. Havl\u00ed\u010dkobrod\u0161t\u00ed turist\u00e9 se ke sb\u00edrce, kter\u00e1 pom\u00e1h\u00e1 budovat stezky pro voz\u00ed\u010dk\u00e1\u0159e, m\u011bli p\u0159ipojit u\u017e po des\u00e1t\u00e9<\/p>\n\n\n\n<p>Sestup se sice nekonal, ale sb\u00edrka ano. \u010cty\u0159l\u00edstky jsme prod\u00e1vali v r\u00e1mci vyb\u00edr\u00e1n\u00ed \u010dlensk\u00fdch p\u0159\u00edsp\u011bvk\u016f, kter\u00e9 samoz\u0159ejm\u011b s dodr\u017een\u00edm v\u0161ech vl\u00e1dn\u00edch na\u0159\u00edzen\u00ed, prob\u011bhlo b\u011bhem prosince. Za 150 kus\u016f prodan\u00fdch samolepek a kalend\u00e1\u0159\u00edk\u016f jsme na \u00fa\u010det sb\u00edrky odeslali celkem 4 592 korun.\u00a0 V\u0161em, kte\u0159\u00ed p\u0159isp\u011bli na dobrou v\u011bc, moc d\u011bkujeme a budeme se t\u011b\u0161it na brzk\u00e9 setk\u00e1n\u00ed na n\u011bjak\u00e9 z na\u0161ich vych\u00e1zek.<\/p>\n\n\n\n<p>LENKA \u017d\u00c1KOV\u00c1 Klub \u010desk\u00fdch turist\u016f, odbor Havl\u00ed\u010dk\u016fv Brod<\/p>\n\n\n\n<p>Havl\u00ed\u010dkobrodsk\u00fd den\u00edk<\/p>\n\n\n\n<p><a rel=\"noreferrer noopener\" aria-label=\" (otev\u0159e se na nov\u00e9 z\u00e1lo\u017ece)\" href=\"https:\/\/havlickobrodsky.denik.cz\/\" target=\"_blank\">https:\/\/havlickobrodsky.denik.cz\/<\/a><br><\/p>\n","protected":false},"excerpt":{"rendered":"<div class=\"mh-excerpt\"><p>Havl\u00ed\u010dkobrod\u0161t\u00ed turist\u00e9 v\u00edtali dlouh\u00e1 l\u00e9ta nov\u00fd rok tradi\u010dn\u00edm sestupem do \u00fadol\u00ed Doubravky. Letos si m\u011bli vy\u0161l\u00e1pnout do ka\u0148onovit\u00e9ho \u00fadol\u00ed malebn\u00e9 \u0159eky ji\u017e po osmat\u0159ic\u00e1t\u00e9. Bohu\u017eel <a class=\"mh-excerpt-more\" href=\"https:\/\/www.invarena.cz\/?p=35582\" title=\"Covid 19 zastavil sestup do \u00fadol\u00ed Doubravky, Novoro\u010dn\u00ed \u010dty\u0159l\u00edstek ale nezhatil\">[&#8230;]<\/a><\/p>\n<\/div>","protected":false},"author":1,"featured_media":12418,"comment_status":"open","ping_status":"closed","sticky":false,"template":"","format":"standard","meta":{"footnotes":""},"categories":[9],"tags":[],"class_list":["post-35582","post","type-post","status-publish","format-standard","has-post-thumbnail","hentry","category-zpravy"],"_links":{"self":[{"href":"https:\/\/www.invarena.cz\/index.php?rest_route=\/wp\/v2\/posts\/35582","targetHints":{"allow":["GET"]}}],"collection":[{"href":"https:\/\/www.invarena.cz\/index.php?rest_route=\/wp\/v2\/posts"}],"about":[{"href":"https:\/\/www.invarena.cz\/index.php?rest_route=\/wp\/v2\/types\/post"}],"author":[{"embeddable":true,"href":"https:\/\/www.invarena.cz\/index.php?rest_route=\/wp\/v2\/users\/1"}],"replies":[{"embeddable":true,"href":"https:\/\/www.invarena.cz\/index.php?rest_route=%2Fwp%2Fv2%2Fcomments&post=35582"}],"version-history":[{"count":0,"href":"https:\/\/www.invarena.cz\/index.php?rest_route=\/wp\/v2\/posts\/35582\/revisions"}],"wp:featuredmedia":[{"embeddable":true,"href":"https:\/\/www.invarena.cz\/index.php?rest_route=\/wp\/v2\/media\/12418"}],"wp:attachment":[{"href":"https:\/\/www.invarena.cz\/index.php?rest_route=%2Fwp%2Fv2%2Fmedia&parent=35582"}],"wp:term":[{"taxonomy":"category","embeddable":true,"href":"https:\/\/www.invarena.cz\/index.php?rest_route=%2Fwp%2Fv2%2Fcategories&post=35582"},{"taxonomy":"post_tag","embeddable":true,"href":"https:\/\/www.invarena.cz\/index.php?rest_route=%2Fwp%2Fv2%2Ftags&post=35582"}],"curies":[{"name":"wp","href":"https:\/\/api.w.org\/{rel}","templated":true}]}}