{"id":35615,"date":"2021-01-05T17:06:04","date_gmt":"2021-01-05T16:06:04","guid":{"rendered":"http:\/\/www.invarena.cz\/?p=35615"},"modified":"2021-01-05T17:06:09","modified_gmt":"2021-01-05T16:06:09","slug":"klub-vozickaru-v-trutnove-podnikal-vanocni-aktivity","status":"publish","type":"post","link":"https:\/\/www.invarena.cz\/?p=35615","title":{"rendered":"Klub voz\u00ed\u010dk\u00e1\u0159\u016f v Trutnov\u011b podnikal v\u00e1no\u010dn\u00ed aktivity"},"content":{"rendered":"\n<p>Kv\u016fli leto\u0161n\u00edm koronavirov\u00fdm omezen\u00edm je \u010dinnost klubu jako dal\u0161\u00edch mnoha z\u00e1jmov\u00fdch organizac\u00ed omezen\u00e1. Celkem se konalo 18 akc\u00ed, a to i s dvoj\u00edm omezen\u00edm na dobu asi 4 m\u011bs\u00edc\u016f. <br> <br>Uskute\u010dnilo se \u0161est v\u00fdlet\u016f (Stezka korunami strom\u016f, Nov\u00e1 Paka, Sn\u011b\u017eka, mini zoo Broumov, pivovar Pomezn\u00ed boudy, Muzeum Dv\u016fr Kr\u00e1lov\u00e9 nad Labem).<\/p>\n\n\n\n<p>Setk\u00e1n\u00ed s dobrovoln\u00edky<\/p>\n\n\n\n<p>V \u00fater\u00fd 1.12. hned po rozvol\u0148ov\u00e1n\u00ed prob\u011bhlo setk\u00e1n\u00ed s dobrovoln\u00edky. \u0158editel J. Ro\u010dek s man\u017eelkou tuto akci za\u010dlenili do po\u0159\u00e1dan\u00fdch akc\u00ed klubu, kdy d\u016fvodem bylo v\u017edy pod\u011bkov\u00e1n\u00ed v\u0161em dobrovoln\u00edk\u016fm za jejich pomoc p\u0159i jak\u00e9koli akci. Tato akce se ji\u017e st\u00e1v\u00e1 pravidelnou \u2013 \u0159editel s man\u017eelkou cht\u011bj\u00ed uk\u00e1zat dobrovoln\u00edk\u016fm, jak si jejich spolupr\u00e1ce v\u00e1\u017e\u00ed. Ale jak p\u0159ed V\u00e1noci b\u00fdv\u00e1, ne v\u0161ichni doraz\u00ed \u2013 p\u0159edv\u00e1no\u010dn\u00ed shon n\u011bkdy zabere v\u00edce \u010dasu. Man\u017eel\u00e9 Ro\u010dkovi pro dobrovoln\u00edky doma vyrobili i pern\u00edkov\u00e9 betl\u00e9my a drobn\u00e9 pern\u00edkov\u00e9 kousky.<\/p>\n\n\n\n<p>P\u0159edv\u00e1no\u010dn\u00ed posezen\u00ed v restauraci Jedni\u010dka<\/p>\n\n\n\n<p>Na st\u0159edu 9.12. \u0159editel klubu zajistil rezervaci v restauraci Jedni\u010dka, kam se sjeli \u010dlenov\u00e9 s doprovodem. Op\u011bt nastal \u010das nejprve pogratulovat \u010dlence Marys k nadch\u00e1zej\u00edc\u00edm narozenin\u00e1m a pak jak ka\u017ed\u00fd rok i nad\u011blit d\u00e1rky. Tato akce b\u00fdv\u00e1 pova\u017eov\u00e1na za p\u0159\u00edjemn\u00e9 ukon\u010den\u00ed roku. Po gratulac\u00edch a rozd\u011blov\u00e1n\u00ed d\u00e1rk\u016f za\u010dala hostina \u2013 ka\u017ed\u00fd si objednal na co m\u011bl chu\u0165. V\u017edy\u0165 co jin\u00e9ho se d\u00e1 d\u011blat v restauraci. \u0158editel s man\u017eelkou op\u011bt jak pro dobrovoln\u00edky, tak i pro \u010dleny doma napekli pern\u00edkov\u00e9 betl\u00e9my a na chaloupky lepili polevou lentilky. Pokladn\u00ed klubu V\u011bra jezdila \u010dasto za \u0159editelem a p\u0159\u00e1la si k V\u00e1noc\u016fm lentilkovou chaloupku, a tak si ji vyprosila.<\/p>\n\n\n\n<p>\u010cesko-francouzsk\u00e9 V\u00e1noce<\/p>\n\n\n\n<p>Na p\u00e1tek 11.12. \u0159editel Klubu zajistil letos t\u0159et\u00edho zaj\u00edmav\u00e9ho hosta. Tato akce se ji\u017e uskute\u010dnila pot\u0159et\u00ed a st\u00e1v\u00e1 se tak\u00e9 velmi obl\u00edbenou. Hostem byli nov\u00fd \u0159editel Francouzsk\u00e9 aliance v Pardubic\u00edch Simon. Doprov\u00e1zela ho tlumo\u010dnice sle\u010dna Barbora a dv\u011b st\u00e1\u017eistky \u2013 Bretonka Noa z Dinard a Casandra z jihofrancouzsk\u00e9ho m\u011bsta pln\u00e9ho univerzit Montpellier. \u0158editel op\u011bt doma s man\u017eelkou napekl i pro tyto hosty pern\u00edky se znaky m\u011bst, odkud poch\u00e1z\u00ed. \u0158editel Simon poch\u00e1z\u00ed z m\u011bsta Castres na jihu Francie v regionu katarsk\u00fdch hrad\u016f. \u0158editel klubu s dobrovoln\u00edky p\u0159ipravili vzorovou v\u00e1no\u010dn\u00ed tabuli na dva stoly, kter\u00e9 se pod v\u00e1hou j\u00eddla lehce proh\u00fdbaly. Po p\u0159edstaven\u00ed host\u016f a rozd\u00e1n\u00ed d\u00e1rk\u016f nastala hostina, kter\u00e1 i mohla m\u00edt bl\u00edzko k \u010desk\u00e9mu ob\u017eerstv\u00ed. P\u0159i tom prob\u011bhla i gratulace se st\u0159\u00edlen\u00edm \u0161punt\u016f pro oslavenkyni Marys \u2013 d\u00e1rky ji\u017e dostala ve st\u0159edu. Do\u0161lo k pohansk\u00fdm v\u00e1no\u010dn\u00edm zvyk\u016fm \u2013 h\u00e1zen\u00ed pantoflem i rozkrajov\u00e1n\u00ed jabl\u00ed\u010dek. Na z\u00e1v\u011br francouz\u0161t\u00ed host\u00e9 zazp\u00edvali Marys francouzskou p\u00edsni\u010dku \u2013 maminka Marys byla Francouzka. Akce se v\u0161em p\u0159\u00edtomn\u00fdm hodn\u011b l\u00edbila a jestli to vyjde, tak p\u0159\u00ed\u0161t\u00ed rok se zopakuje.<\/p>\n\n\n\n<p>Grant Kr\u00e1lovehradeck\u00e9ho kraje<\/p>\n\n\n\n<p>V leto\u0161n\u00edm roce tak\u00e9 \u0159editel klubu zajistil dotaci Kr\u00e1lovehradeck\u00e9ho kraje na dopravu voz\u00ed\u010dk\u00e1\u0159e Lu\u010fka. \u010cesk\u00e9 dr\u00e1hy m\u011bly do prosince 2019 p\u016fj\u010deny motorov\u00e9 vozy Stadler z N\u011bmecka, kter\u00e9 provozovali na Rychnovsku. Bohu\u017eel ukon\u010den\u00edm pron\u00e1jmu nastal v Kr\u00e1lov\u00e9hradeck\u00e9m kraji p\u0159esun vozidel, z trati Broumov \u2013 N\u00e1chod byly p\u0159eveleny n\u00edzkopodla\u017en\u00ed vozidla do Rychnovska, jejich m\u00edsto na trati Broumov \u2013 N\u00e1chod nahradila vozidla 854 s \u0159\u00edd\u00edc\u00edmi vozy s plo\u0161inou na p\u0159epravu voz\u00ed\u010dk\u00e1\u0159\u016f, ty byly vzaty z trati Trutnov \u2013 Chlumec n\/Cidlinou. A ty Lud\u011bk pravideln\u011b vyu\u017e\u00edval k cest\u00e1m z Nov\u00e9 Paky do Trutnova a zp\u011bt do Klubu voz\u00ed\u010dk\u00e1\u0159\u016f nebo k zuba\u0159i u\u017e n\u011bkolik let. S ohledem na omezen\u00fd vozov\u00fd park \u010cD byly nasazeny na trati Trutnov \u2013 Chlumec n\/Cidlinou vozy 854 bez \u0159\u00edd\u00edc\u00edch voz\u016f a bez plo\u0161iny pro voz\u00ed\u010dk\u00e1\u0159e. Na trati z\u016fstalo jen 1 vozidlo k p\u0159eprav\u011b voz\u00ed\u010dk\u00e1\u0159\u016f, to v\u0161ak m\u00e1 nevyhovuj\u00edc\u00ed obraty. Kdy\u017e vy\u0161el v prosinci nov\u00fd j\u00edzdn\u00ed \u0159\u00e1d, tak vlak p\u0159ivezl voz\u00ed\u010dk\u00e1\u0159e do Trutnova v cca 12.00 a v cca 12.20 jel zp\u00e1tky. To platilo v t\u00fddnu a ne v\u017edy, jin\u00fd spoj nebyl ani o v\u00edkendu. Je ot\u00e1zkou, kde jsou ostatn\u00ed vozidla \u010cD pro p\u0159epravu voz\u00ed\u010dk\u00e1\u0159\u016f? Jsou sta\u017eena do Prahy a okol\u00ed a zbytek \u010cR je asi t\u00edmto v\u016fbec nezaj\u00edm\u00e1? P\u0159esto \u010cD cht\u011bj\u00ed po Kr\u00e1lov\u00e9hradeck\u00e9m kraji ka\u017edoro\u010dn\u011b vy\u0161\u0161\u00ed pen\u00edze. Proto se \u0159editel klubu na ja\u0159e obr\u00e1til na K\u00da a vy\u017e\u00e1dal dotaci 20.000,- na dopravu voz\u00ed\u010dk\u00e1\u0159e z Nov\u00e9 Paky. Dotace slou\u017eila na dopravu voz\u00ed\u010dk\u00e1\u0159e Lu\u010fka mezi sv\u00e9 kamar\u00e1dy, kdy\u017e \u010cD vy\u0159adily mo\u017enost rezervace vag\u00f3n\u016f s plo\u0161inou. T\u00edm dotace suplovala snad i povinnost \u010cD zohled\u0148ovat dopravu TLP nejen v Praze. P\u0159esto se \u010cD chlub\u00ed, jak jsou v\u00edc a v\u00edc bezbari\u00e9rov\u00e9. V r\u00e1mci dobr\u00e9 spolupr\u00e1ce s Kr\u00e1lov\u00e9hradeck\u00fdm krajem v\u011b\u0159\u00edme, \u017ee v roce 2021 se op\u011bt poda\u0159\u00ed d\u00edky tvrd\u00fdm jedn\u00e1n\u00edm objednatele navr\u00e1tit do kraje vozidla, kter\u00e1 umo\u017en\u00ed p\u0159epravu voz\u00ed\u010dk\u00e1\u0159\u016f i na trati Trutnov \u2013 Chlumec nad Cidlinou. A stejn\u011b tak v\u011b\u0159\u00ed, \u017ee od prosince 2021 bude bezbari\u00e9rovost zaji\u0161t\u011bna s platnost\u00ed nov\u00fdch smluv, o kter\u00fdch Kr\u00e1lov\u00e9hradeck\u00fd kraj s dopravci vyjedn\u00e1v\u00e1. Ji\u017e v p\u0159\u00ed\u0161t\u00edm roce se lze d\u00edky po\u017eadavk\u016fm ve v\u00fdb\u011brov\u00e9m \u0159\u00edzen\u00ed t\u011b\u0161it na zcela nov\u00e9 n\u00edzkopodla\u017en\u00ed autobusy, kter\u00e9 vyjedou 7. 3. 2021.<\/p>\n\n\n\n<p>Jan Ro\u010dek<\/p>\n\n\n\n<p>Krkono\u0161sk\u00fd den\u00edk<\/p>\n\n\n\n<p><a rel=\"noreferrer noopener\" aria-label=\" (otev\u0159e se na nov\u00e9 z\u00e1lo\u017ece)\" href=\"https:\/\/krkonossky.denik.cz\/\" target=\"_blank\">https:\/\/krkonossky.denik.cz\/<\/a><\/p>\n","protected":false},"excerpt":{"rendered":"<div class=\"mh-excerpt\"><p>Kv\u016fli leto\u0161n\u00edm koronavirov\u00fdm omezen\u00edm je \u010dinnost klubu jako dal\u0161\u00edch mnoha z\u00e1jmov\u00fdch organizac\u00ed omezen\u00e1. Celkem se konalo 18 akc\u00ed, a to i s dvoj\u00edm omezen\u00edm na <a class=\"mh-excerpt-more\" href=\"https:\/\/www.invarena.cz\/?p=35615\" title=\"Klub voz\u00ed\u010dk\u00e1\u0159\u016f v Trutnov\u011b podnikal v\u00e1no\u010dn\u00ed aktivity\">[&#8230;]<\/a><\/p>\n<\/div>","protected":false},"author":1,"featured_media":17308,"comment_status":"open","ping_status":"closed","sticky":false,"template":"","format":"standard","meta":{"footnotes":""},"categories":[9],"tags":[],"class_list":["post-35615","post","type-post","status-publish","format-standard","has-post-thumbnail","hentry","category-zpravy"],"_links":{"self":[{"href":"https:\/\/www.invarena.cz\/index.php?rest_route=\/wp\/v2\/posts\/35615","targetHints":{"allow":["GET"]}}],"collection":[{"href":"https:\/\/www.invarena.cz\/index.php?rest_route=\/wp\/v2\/posts"}],"about":[{"href":"https:\/\/www.invarena.cz\/index.php?rest_route=\/wp\/v2\/types\/post"}],"author":[{"embeddable":true,"href":"https:\/\/www.invarena.cz\/index.php?rest_route=\/wp\/v2\/users\/1"}],"replies":[{"embeddable":true,"href":"https:\/\/www.invarena.cz\/index.php?rest_route=%2Fwp%2Fv2%2Fcomments&post=35615"}],"version-history":[{"count":0,"href":"https:\/\/www.invarena.cz\/index.php?rest_route=\/wp\/v2\/posts\/35615\/revisions"}],"wp:featuredmedia":[{"embeddable":true,"href":"https:\/\/www.invarena.cz\/index.php?rest_route=\/wp\/v2\/media\/17308"}],"wp:attachment":[{"href":"https:\/\/www.invarena.cz\/index.php?rest_route=%2Fwp%2Fv2%2Fmedia&parent=35615"}],"wp:term":[{"taxonomy":"category","embeddable":true,"href":"https:\/\/www.invarena.cz\/index.php?rest_route=%2Fwp%2Fv2%2Fcategories&post=35615"},{"taxonomy":"post_tag","embeddable":true,"href":"https:\/\/www.invarena.cz\/index.php?rest_route=%2Fwp%2Fv2%2Ftags&post=35615"}],"curies":[{"name":"wp","href":"https:\/\/api.w.org\/{rel}","templated":true}]}}