{"id":35619,"date":"2021-01-06T18:05:27","date_gmt":"2021-01-06T17:05:27","guid":{"rendered":"http:\/\/www.invarena.cz\/?p=35619"},"modified":"2021-01-06T18:05:28","modified_gmt":"2021-01-06T17:05:28","slug":"bezdomovci-mohou-pracovat-okamzite","status":"publish","type":"post","link":"https:\/\/www.invarena.cz\/?p=35619","title":{"rendered":"Bezdomovci mohou pracovat okam\u017eit\u011b"},"content":{"rendered":"\n<p>Chrudim \u2013 Kdo chce pracovat, dostane k tomu v Chrudimi p\u0159\u00edle\u017eitost. Soci\u00e1ln\u00ed podnik p\u0159i m\u00edstn\u00edch technick\u00fdch slu\u017eb\u00e1ch m\u016f\u017ee zam\u011bstnat zdravotn\u011b posti\u017een\u00e9, ale i lidi bez pracovn\u00edch n\u00e1vyk\u016f \u2013 t\u0159eba bezdomovce.<\/p>\n\n\n\n<p>Kdy\u017e starosta m\u011bsta Franti\u0161ek Piln\u00fd nav\u0161t\u00edvil na \u0160t\u011bdr\u00fd den nocleh\u00e1rnu, aby pop\u0159\u00e1l lidem bez p\u0159\u00edst\u0159e\u0161\u00ed hezk\u00e9 V\u00e1noce, zm\u00ednil se o mo\u017enosti zam\u011bstn\u00e1n\u00ed v soci\u00e1ln\u00edm podniku. &#8222;Jedna \u017eena se hned p\u0159ihl\u00e1sila, ostatn\u00ed se vyj\u00e1d\u0159ili v tom smyslu, \u017ee se pr\u00fd zamysl\u00ed. \u0158editel spole\u010dnosti Sopre CR Petr \u010c\u00e1pek ale u\u017e nyn\u00ed jedn\u00e1 s technick\u00fdmi slu\u017ebami o podm\u00ednk\u00e1ch, tak\u017ee mysl\u00edm, \u017ee se p\u0159ihl\u00e1s\u00ed v\u00edc lid\u00ed,&#8220; \u0159ekl chrudimsk\u00fd starosta Franti\u0161ek Piln\u00fd.<\/p>\n\n\n\n<p>&#8222;Ano, pokud to p\u016fjde, z\u00e1jemc\u016f z \u0159ad lid\u00ed bez p\u0159\u00edst\u0159e\u0161\u00ed bude dost. Jsme schopni je do pr\u00e1ce dov\u00e9zt a i jinak je podpo\u0159it,&#8220; potvrdil \u0159editel \u010c\u00e1pek.<\/p>\n\n\n\n<p>Technick\u00e9 slu\u017eby mohou zam\u011bstnat i dal\u0161\u00ed z\u00e1jemce na \u00faklidu m\u011bsta. Soci\u00e1ln\u00ed podnik spolupracuj\u00edc\u00ed s \u00fa\u0159adem pr\u00e1ce vyjde vst\u0159\u00edc i ostatn\u00edm z\u00e1jemc\u016fm, t\u0159eba \u0159ad zdravotn\u011b hendikepovan\u00fdch lid\u00ed.<\/p>\n\n\n\n<p>Ti mohou nov\u011b z\u00edskat pr\u00e1ci t\u0159eba v chrudimsk\u00e9m \u00fatulku. Ro\u010dn\u00ed provoz tohoto za\u0159\u00edzen\u00ed stoj\u00ed m\u011bstskou kasu 1,2 milionu korun, jen\u017ee m\u00e1 poddimenzovan\u00fd stav zam\u011bstnanc\u016f. &#8222;Pokud by \u00fatulek p\u0159ijal dal\u0161\u00ed pracovn\u00edky, ro\u010dn\u011b by to st\u00e1lo o milion korun v\u00edc ne\u017e dosud. \u0158e\u0161en\u00ed m\u016f\u017ee p\u0159in\u00e9st pr\u00e1v\u011b soci\u00e1ln\u00ed podnik \u2013 p\u0159ijme-li p\u00e1r lid\u00ed, z\u00edsk\u00e1 dotaci od \u00fa\u0159adu pr\u00e1ce milion korun. A je\u0161t\u011b to p\u0159inese dal\u0161\u00ed efekt v podob\u011b zam\u011bstn\u00e1n\u00ed pro znev\u00fdhodn\u011bn\u00e9 ob\u010dany,&#8220; dodal starosta.<\/p>\n\n\n\n<p>Soci\u00e1ln\u00ed podnik byl v Chrudimi z\u0159\u00edzen loni v \u00fanoru. Jeho smyslem je poskytnout pr\u00e1ci lidem, kte\u0159\u00ed kv\u016fli sv\u00e9mu posti\u017een\u00ed nemohou splnit pracovn\u00ed po\u017eadavky v b\u011b\u017en\u00e9m zam\u011bstn\u00e1n\u00ed. Po\u010d\u00edt\u00e1 s r\u016fzn\u00fdmi tr\u00e9ninky a \u0161kolen\u00edmi, je\u017e zv\u00fd\u0161\u00ed uplatn\u011bn\u00ed na trhu pr\u00e1ce.<\/p>\n\n\n\n<p>Z\u00e1jemci s hendikepem mohou soci\u00e1ln\u00ed podnik kontaktovat p\u0159\u00edmo, ale sch\u016fdn\u011bj\u0161\u00ed cesta vede p\u0159es \u00fa\u0159ad pr\u00e1ce. Ten dok\u00e1\u017ee jednotliv\u00e9 p\u0159\u00edpady dop\u0159edu vyhodnotit a adepty doporu\u010dit.<\/p>\n\n\n\n<p>ROMANA NETOLICK\u00c1<\/p>\n\n\n\n<p>Chrudimsk\u00fd den\u00edk<\/p>\n\n\n\n<p><a rel=\"noreferrer noopener\" aria-label=\" (otev\u0159e se na nov\u00e9 z\u00e1lo\u017ece)\" href=\"http:\/\/chrudimsky.denik.cz\/\" target=\"_blank\">http:\/\/chrudimsky.denik.cz\/<\/a><\/p>\n","protected":false},"excerpt":{"rendered":"<div class=\"mh-excerpt\"><p>Chrudim \u2013 Kdo chce pracovat, dostane k tomu v Chrudimi p\u0159\u00edle\u017eitost. Soci\u00e1ln\u00ed podnik p\u0159i m\u00edstn\u00edch technick\u00fdch slu\u017eb\u00e1ch m\u016f\u017ee zam\u011bstnat zdravotn\u011b posti\u017een\u00e9, ale i lidi bez <a class=\"mh-excerpt-more\" href=\"https:\/\/www.invarena.cz\/?p=35619\" title=\"Bezdomovci mohou pracovat okam\u017eit\u011b\">[&#8230;]<\/a><\/p>\n<\/div>","protected":false},"author":1,"featured_media":2196,"comment_status":"open","ping_status":"closed","sticky":false,"template":"","format":"standard","meta":{"footnotes":""},"categories":[9],"tags":[],"class_list":["post-35619","post","type-post","status-publish","format-standard","has-post-thumbnail","hentry","category-zpravy"],"_links":{"self":[{"href":"https:\/\/www.invarena.cz\/index.php?rest_route=\/wp\/v2\/posts\/35619","targetHints":{"allow":["GET"]}}],"collection":[{"href":"https:\/\/www.invarena.cz\/index.php?rest_route=\/wp\/v2\/posts"}],"about":[{"href":"https:\/\/www.invarena.cz\/index.php?rest_route=\/wp\/v2\/types\/post"}],"author":[{"embeddable":true,"href":"https:\/\/www.invarena.cz\/index.php?rest_route=\/wp\/v2\/users\/1"}],"replies":[{"embeddable":true,"href":"https:\/\/www.invarena.cz\/index.php?rest_route=%2Fwp%2Fv2%2Fcomments&post=35619"}],"version-history":[{"count":0,"href":"https:\/\/www.invarena.cz\/index.php?rest_route=\/wp\/v2\/posts\/35619\/revisions"}],"wp:featuredmedia":[{"embeddable":true,"href":"https:\/\/www.invarena.cz\/index.php?rest_route=\/wp\/v2\/media\/2196"}],"wp:attachment":[{"href":"https:\/\/www.invarena.cz\/index.php?rest_route=%2Fwp%2Fv2%2Fmedia&parent=35619"}],"wp:term":[{"taxonomy":"category","embeddable":true,"href":"https:\/\/www.invarena.cz\/index.php?rest_route=%2Fwp%2Fv2%2Fcategories&post=35619"},{"taxonomy":"post_tag","embeddable":true,"href":"https:\/\/www.invarena.cz\/index.php?rest_route=%2Fwp%2Fv2%2Ftags&post=35619"}],"curies":[{"name":"wp","href":"https:\/\/api.w.org\/{rel}","templated":true}]}}