{"id":35668,"date":"2021-01-18T15:25:32","date_gmt":"2021-01-18T14:25:32","guid":{"rendered":"http:\/\/www.invarena.cz\/?p=35668"},"modified":"2021-01-18T15:25:34","modified_gmt":"2021-01-18T14:25:34","slug":"kulate-vyroci-brnenska-skola-kocianka-oslavi-sto-let-vime-jake-budou-oslavy","status":"publish","type":"post","link":"https:\/\/www.invarena.cz\/?p=35668","title":{"rendered":"Kulat\u00e9 v\u00fdro\u010d\u00ed. Brn\u011bnsk\u00e1 \u0161kola Koci\u00e1nka oslav\u00ed sto let. V\u00edme, jak\u00e9 budou oslavy"},"content":{"rendered":"\n<p><em>ilustra\u010dn\u00ed foto<\/em><\/p>\n\n\n\n<p>Z\u00e1kladn\u00ed a mate\u0159sk\u00e1 \u0161kola Koci\u00e1nka slav\u00ed tento rok 100let\u00e9 v\u00fdro\u010d\u00ed od sv\u00e9ho zalo\u017een\u00ed. Tedy dva roky pot\u00e9, co v\u00a0roce 2019\u00a0oslavilo jubileum Centrum Koci\u00e1nka. P\u0159\u00edb\u011bh historie \u0161koly a\u017e po sou\u010dasnost zmapuje almanach a video. V\u00a0r\u00e1mci oslav jsou v\u00a0pl\u00e1nu v\u00fdstavy \u017e\u00e1kovsk\u00fdch prac\u00ed a koncert.<\/p>\n\n\n\n<p>\u201eJak jsme vyp\u00e1trali v arch\u00edvech, samotn\u00e1 \u0161kola na Koci\u00e1nce\nofici\u00e1ln\u011b vznikla a\u017e dva roky po vzniku \u00dastavu pro zmrza\u010del\u00e9 (tak se tehdy\nza\u0159\u00edzen\u00ed jmenovalo). Tud\u00ed\u017e slav\u00edme sto let a\u017e nyn\u00ed v roce 2021. Z pl\u00e1novan\u00fdch\nspole\u010densk\u00fdch setk\u00e1n\u00ed se vzhledem k sou\u010dasn\u00e9 situaci budou oslavy odehr\u00e1vat\np\u0159edev\u0161\u00edm v on-line prost\u0159ed\u00ed,\u201c \u0159\u00edk\u00e1 \u0159editelka \u0161koly Kadlecov\u00e1.<\/p>\n\n\n\n<p>\u0160kola na Koci\u00e1nce se za uplynul\u00fdch sto let velmi zm\u011bnila.\nD\u0159\u00edve se cel\u00fd \u00fastav i \u0161kola v\u011bnovaly pouze d\u011btem s t\u011blesn\u00fdm posti\u017een\u00edm. V\nsou\u010dasn\u00e9 dob\u011b v\u00fdznamnou \u010d\u00e1st \u017e\u00e1k\u016f \u0161koly tvo\u0159\u00ed d\u011bti s poruchami autistick\u00e9ho\nspektra, d\u00e1le se ve \u0161kole vzd\u011bl\u00e1vaj\u00ed tak\u00e9 d\u011bti s v\u00edce vadami nebo s ment\u00e1ln\u00edm\nposti\u017een\u00edm. T\u011blesn\u011b posti\u017een\u00fdch d\u011bt\u00ed je asi t\u0159icet procent. V leto\u0161n\u00edm jubilejn\u00edm\nroce z\u00e1kladn\u00ed \u0161kolu nav\u0161t\u011bvuje 138 d\u011bt\u00ed ve v\u011bku od t\u0159\u00ed let a\u017e do ukon\u010den\u00ed\npovinn\u00e9 \u0161koln\u00ed doch\u00e1zky.<\/p>\n\n\n\n<p>V\u0161ichni pedagogov\u00e9 ve \u0161kole jsou aprobovan\u00fdmi speci\u00e1ln\u00edmi\npedagogy. \u0160kola je samoz\u0159ejm\u011b bezbari\u00e9rov\u00e1 a s ohledem na pot\u0159eby d\u011bt\u00ed je tak\u00e9\nvelmi dob\u0159e vybaven\u00e1. V\u0161ichni maj\u00ed k dispozici speci\u00e1ln\u00ed n\u00e1bytek, PC techniku a\nmno\u017estv\u00ed dal\u0161\u00edch skv\u011bl\u00fdch pom\u016fcek. \u0160kola m\u00e1 i specifick\u00e9 pracovny jako nap\u0159.\npracovnu muzikoterapie nebo multismyslovou m\u00edstnost tzv. snoezelen.<\/p>\n\n\n\n<p>V\u00fdro\u010dn\u00ed almanach p\u0159ipravuje Aneta Matysov\u00e1, pod veden\u00edm\n\u0161\u00e9fredaktorky nakladatelstv\u00ed BizBooks Hany Hozov\u00e9. Almanach bude m\u00edt zhruba\nsedmdes\u00e1t stran a nesoust\u0159e\u010fuje se pouze na historii, ale popisuje tak\u00e9 prom\u011bnu\nskladby \u017e\u00e1k\u016f i sou\u010dasn\u00e9 obt\u00ed\u017ee, kter\u00e9 vzd\u011bl\u00e1v\u00e1n\u00ed d\u011bt\u00ed s posti\u017een\u00edm komplikuje.<\/p>\n\n\n\n<p>\u201eInformace i fotografie vyhled\u00e1v\u00e1me v dostupn\u00fdch archivn\u00edch\nzdroj\u00edch, jako jsou v\u00fdro\u010dn\u00ed zpr\u00e1vy o fungov\u00e1n\u00ed \u00fastavu a tak\u00e9 prost\u0159ednictv\u00edm\nrozhovor\u016f s pam\u011btn\u00edky a b\u00fdval\u00fdmi pedagogy. Archiv \u0161koly sah\u00e1 a\u017e do jejich\n\u00fapln\u00fdch za\u010d\u00e1tk\u016f &#8211; do roku 1919, kdy vznik\u00e1 samotn\u00fd \u00fastav, tedy dne\u0161n\u00ed Centrum\nKoci\u00e1nka,\u201c \u0159ekla Aneta Matysov\u00e1.<\/p>\n\n\n\n<p>V prvn\u00edch letech fungoval \u00fastav jako provizorium, mo\u017enosti\nvzd\u011bl\u00e1v\u00e1n\u00ed byly omezen\u00e9 a do \u0161koly zpo\u010d\u00e1tku chodilo jen osm d\u011bt\u00ed. V roce 1921\nu\u017e \u0161kola z\u00edskala ofici\u00e1ln\u00ed status, d\u00edky \u010demu\u017e se mohla za\u010d\u00edt rozv\u00edjet a\nposkytovat pot\u0159ebn\u00e9 a kvalitn\u00ed vzd\u011bl\u00e1n\u00ed. Postupn\u011b za\u010dala \u0161kola fungovat tak\u00e9 v\n\u00fastavn\u00ed nemocnici.<\/p>\n\n\n\n<p>\u201eVzhledem k charakteru archiv\u00e1li\u00ed je t\u011b\u017ek\u00e9 hledat p\u0159\u00edb\u011bhy\nosobn\u011bj\u0161\u00edho r\u00e1zu. Nicm\u00e9n\u011b na\u0161la jsem t\u0159eba dopis mlad\u00e9 d\u00edvky, kter\u00e1 na n\u00e1sledky\nonemocn\u011bn\u00ed p\u0159estala chodit a z\u016fstala upoutan\u00e1 na l\u016f\u017eko. V\u0161ichni se k n\u00ed chovali\njako k pacientovi a ona t\u00edm str\u00e1dala. Nem\u011bla si s k\u00fdm hr\u00e1t a c\u00edtila se osam\u011bl\u00e1.\nA\u017e kdy\u017e se dostala do \u00fastavu, na\u0161la novou s\u00edlu bojovat s osudem a uv\u011bdomila si,\n\u017ee i p\u0159es sv\u00e9 posti\u017een\u00ed se m\u016f\u017ee d\u00e1l vzd\u011bl\u00e1vat, rozv\u00edjet se, a dokonce i\npracovat,\u201c \u0159ekla autorka Aneta Maty\u0161ov\u00e1.<\/p>\n\n\n\n<p>Siln\u00e9 jsou i p\u0159\u00edb\u011bhy z dob druh\u00e9 sv\u011btov\u00e9 v\u00e1lky, kdy se nejen pedagogov\u00e9 \u0161koly, ale cel\u00fd \u00fastav aktivn\u011b zapojoval do odboje pod veden\u00edm tehdej\u0161\u00edho \u0159editele a zakladatele \u00fastavu Jana Chlupa. Fal\u0161ovaly se potravinov\u00e9 l\u00edstky, zamezovalo se povinn\u00fdm odvod\u016fm &#8211; ovoce, zelenina, ale i ml\u00e9ko a vaj\u00ed\u010dka, kter\u00e9 chovanci \u00fastavu vyprodukovali, tak mohly putovat na p\u0159ilep\u0161enou \u010dlen\u016fm odboje. Z\u00e1rove\u0148 na Koci\u00e1nce na\u0161lo nov\u00fd domov krom\u011b chovanc\u016f zru\u0161en\u00e9ho \u00fastavu v \u0160umperku, tak\u00e9 n\u011bkolik legion\u00e1\u0159\u016f. V roce 1945 b\u011bhem boj\u016f o Brno, kter\u00e9 se odehr\u00e1valy pr\u00e1v\u011b v bl\u00edzkosti \u00fastavu, pom\u00e1hali l\u00e9ka\u0159i o\u0161et\u0159ovat ran\u011bn\u00e9 v \u00fastavn\u00ed nemocnici, kter\u00e1 byla za v\u00e1lky kv\u016fli bezpe\u010dnosti um\u00edst\u011bn\u00e1 ve sklep\u011b jednoho z pavilon\u016f.<\/p>\n\n\n\n<p>K v\u00fdro\u010d\u00ed vznikne film i video, kter\u00e9 nech\u00e1 z\u00e1jemce nahl\u00e9dnout do historie i sou\u010dasnosti t\u00e9to speci\u00e1ln\u00ed \u0161koly. Napl\u00e1novan\u00e9 v\u00fdstavy se p\u0159esunou do venkovn\u00edch prostor a pokud to situace dovol\u00ed, uskute\u010dn\u00ed se na podzim koncert Brno Gospel Choir. <\/p>\n\n\n\n<p>ANETA K\u00c1RN\u00c1<\/p>\n\n\n\n<p>Vy\u0161kovsk\u00fd den\u00edk<\/p>\n\n\n\n<p><a rel=\"noreferrer noopener\" aria-label=\" (otev\u0159e se na nov\u00e9 z\u00e1lo\u017ece)\" href=\"https:\/\/vyskovsky.denik.cz\/\" target=\"_blank\">https:\/\/vyskovsky.denik.cz\/<\/a><\/p>\n","protected":false},"excerpt":{"rendered":"<div class=\"mh-excerpt\"><p>ilustra\u010dn\u00ed foto Z\u00e1kladn\u00ed a mate\u0159sk\u00e1 \u0161kola Koci\u00e1nka slav\u00ed tento rok 100let\u00e9 v\u00fdro\u010d\u00ed od sv\u00e9ho zalo\u017een\u00ed. Tedy dva roky pot\u00e9, co v\u00a0roce 2019\u00a0oslavilo jubileum Centrum Koci\u00e1nka. <a class=\"mh-excerpt-more\" href=\"https:\/\/www.invarena.cz\/?p=35668\" title=\"Kulat\u00e9 v\u00fdro\u010d\u00ed. Brn\u011bnsk\u00e1 \u0161kola Koci\u00e1nka oslav\u00ed sto let. V\u00edme, jak\u00e9 budou oslavy\">[&#8230;]<\/a><\/p>\n<\/div>","protected":false},"author":1,"featured_media":1827,"comment_status":"open","ping_status":"closed","sticky":false,"template":"","format":"standard","meta":{"footnotes":""},"categories":[9],"tags":[],"class_list":["post-35668","post","type-post","status-publish","format-standard","has-post-thumbnail","hentry","category-zpravy"],"_links":{"self":[{"href":"https:\/\/www.invarena.cz\/index.php?rest_route=\/wp\/v2\/posts\/35668","targetHints":{"allow":["GET"]}}],"collection":[{"href":"https:\/\/www.invarena.cz\/index.php?rest_route=\/wp\/v2\/posts"}],"about":[{"href":"https:\/\/www.invarena.cz\/index.php?rest_route=\/wp\/v2\/types\/post"}],"author":[{"embeddable":true,"href":"https:\/\/www.invarena.cz\/index.php?rest_route=\/wp\/v2\/users\/1"}],"replies":[{"embeddable":true,"href":"https:\/\/www.invarena.cz\/index.php?rest_route=%2Fwp%2Fv2%2Fcomments&post=35668"}],"version-history":[{"count":0,"href":"https:\/\/www.invarena.cz\/index.php?rest_route=\/wp\/v2\/posts\/35668\/revisions"}],"wp:featuredmedia":[{"embeddable":true,"href":"https:\/\/www.invarena.cz\/index.php?rest_route=\/wp\/v2\/media\/1827"}],"wp:attachment":[{"href":"https:\/\/www.invarena.cz\/index.php?rest_route=%2Fwp%2Fv2%2Fmedia&parent=35668"}],"wp:term":[{"taxonomy":"category","embeddable":true,"href":"https:\/\/www.invarena.cz\/index.php?rest_route=%2Fwp%2Fv2%2Fcategories&post=35668"},{"taxonomy":"post_tag","embeddable":true,"href":"https:\/\/www.invarena.cz\/index.php?rest_route=%2Fwp%2Fv2%2Ftags&post=35668"}],"curies":[{"name":"wp","href":"https:\/\/api.w.org\/{rel}","templated":true}]}}