{"id":35672,"date":"2021-01-18T15:39:42","date_gmt":"2021-01-18T14:39:42","guid":{"rendered":"http:\/\/www.invarena.cz\/?p=35672"},"modified":"2021-01-18T15:39:44","modified_gmt":"2021-01-18T14:39:44","slug":"zranenemu-hasici-pomahaji-i-penize-ze-specialni-sbirky","status":"publish","type":"post","link":"https:\/\/www.invarena.cz\/?p=35672","title":{"rendered":"Zran\u011bn\u00e9mu hasi\u010di pom\u00e1haj\u00ed i pen\u00edze ze speci\u00e1ln\u00ed sb\u00edrky"},"content":{"rendered":"\n<p>Kamenice nad Lipou \u2013 Hasi\u010d Radek Chmela\u0159 si v srpnu 2019 po p\u00e1du v\u00e1\u017en\u011b poranil m\u00edchu. Pivovar Kamenice nad Lipou a Nada\u010dn\u00ed fond REGI Base I. se pro n\u011bj sna\u017e\u00ed vybrat pen\u00edze, d\u00edky kter\u00fdm si bude moci po\u0159\u00eddit nap\u0159\u00edklad i speci\u00e1ln\u011b upraven\u00fd automobil.<\/p>\n\n\n\n<p>Na transparentn\u00edm \u00fa\u010dtu se b\u011bhem necel\u00fdch p\u011bti m\u011bs\u00edc\u016f poda\u0159ilo nasb\u00edrat p\u0159es 890 tis\u00edc korun.<\/p>\n\n\n\n<p>Na speci\u00e1ln\u00ed auto u\u017e tedy prost\u0159edky jsou. &#8222;S koup\u00ed \u010dek\u00e1me na Radka. Kv\u016fli \u00farazu toti\u017e p\u0159i\u0161el o \u0159idi\u010dsk\u00fd pr\u016fkaz. Te\u010f jej \u010dek\u00e1 l\u00e9ka\u0159sk\u00e9 p\u0159ezkou\u0161en\u00ed. K tomu si je\u0161t\u011b mus\u00ed ud\u011blat speci\u00e1ln\u00ed kurz,&#8220; prozradil Hynek \u010cech, zakladatel nada\u010dn\u00edho fondu REGI Base.<\/p>\n\n\n\n<p>D\u00edky \u0161t\u011bdr\u00fdm d\u00e1rc\u016fm si ale Radek Chmela\u0159 mohl po\u0159\u00eddit i pot\u0159ebn\u00e9 kompenza\u010dn\u00ed pom\u016fcky.<\/p>\n\n\n\n<p>&#8222;Ze sb\u00edrky jsme koupili elektropohon na voz\u00edk Smart Drive, kter\u00fd mu uleh\u010d\u00ed j\u00edzdu nebo motomed, co\u017e je rehabilita\u010dn\u00ed p\u0159\u00edstroj na procvi\u010dov\u00e1n\u00ed horn\u00edch a doln\u00edch kon\u010detin,&#8220; uvedl \u010cech.<\/p>\n\n\n\n<p>Sb\u00edrka je st\u00e1le otev\u0159en\u00e1. Z\u00e1jemci mohou p\u0159isp\u011bt libovolnou \u010d\u00e1stkou prost\u0159ednictv\u00edm transparentn\u00edho \u00fa\u010dtu 7025394001\/2010, zakoupen\u00edm sudu piva od kamenick\u00e9ho pivovaru, nebo objedn\u00e1vkou d\u00e1rkov\u00e9ho voucheru na jednodenn\u00ed workshop se sl\u00e1dkem P\u0159emyslem Chmela\u0159em, kter\u00fd je bratrem zran\u011bn\u00e9ho hasi\u010de.<\/p>\n\n\n\n<p>Radek Chmela\u0159 pracoval jako opera\u010dn\u00ed d\u016fstojn\u00edk \u2013 vedouc\u00ed sm\u011bny na krajsk\u00e9m opera\u010dn\u00edm st\u0159edisku s\u00eddl\u00edc\u00edm v Kladn\u011b. D\u00edky slu\u017eb\u011b u hasi\u010dsk\u00e9ho z\u00e1chrann\u00e9ho sboru, v\u00fdcviku a dobr\u00e9 fyzick\u00e9 kondici v\u011b\u0159\u00ed, \u017ee se vr\u00e1t\u00ed zp\u011bt do b\u011b\u017en\u00e9ho \u017eivota a bude moci nastoupit na opera\u010dn\u00edm st\u0159edisku jako voz\u00ed\u010dk\u00e1\u0159.<\/p>\n\n\n\n<p>Pelh\u0159imovsk\u00fd den\u00edk<\/p>\n\n\n\n<p><a rel=\"noreferrer noopener\" aria-label=\" (otev\u0159e se na nov\u00e9 z\u00e1lo\u017ece)\" href=\"http:\/\/www.pelhrimovsky.denik.cz\/\" target=\"_blank\">http:\/\/www.pelhrimovsky.denik.cz\/<\/a><\/p>\n","protected":false},"excerpt":{"rendered":"<div class=\"mh-excerpt\"><p>Kamenice nad Lipou \u2013 Hasi\u010d Radek Chmela\u0159 si v srpnu 2019 po p\u00e1du v\u00e1\u017en\u011b poranil m\u00edchu. Pivovar Kamenice nad Lipou a Nada\u010dn\u00ed fond REGI Base <a class=\"mh-excerpt-more\" href=\"https:\/\/www.invarena.cz\/?p=35672\" title=\"Zran\u011bn\u00e9mu hasi\u010di pom\u00e1haj\u00ed i pen\u00edze ze speci\u00e1ln\u00ed sb\u00edrky\">[&#8230;]<\/a><\/p>\n<\/div>","protected":false},"author":1,"featured_media":24717,"comment_status":"open","ping_status":"closed","sticky":false,"template":"","format":"standard","meta":{"footnotes":""},"categories":[9],"tags":[],"class_list":["post-35672","post","type-post","status-publish","format-standard","has-post-thumbnail","hentry","category-zpravy"],"_links":{"self":[{"href":"https:\/\/www.invarena.cz\/index.php?rest_route=\/wp\/v2\/posts\/35672","targetHints":{"allow":["GET"]}}],"collection":[{"href":"https:\/\/www.invarena.cz\/index.php?rest_route=\/wp\/v2\/posts"}],"about":[{"href":"https:\/\/www.invarena.cz\/index.php?rest_route=\/wp\/v2\/types\/post"}],"author":[{"embeddable":true,"href":"https:\/\/www.invarena.cz\/index.php?rest_route=\/wp\/v2\/users\/1"}],"replies":[{"embeddable":true,"href":"https:\/\/www.invarena.cz\/index.php?rest_route=%2Fwp%2Fv2%2Fcomments&post=35672"}],"version-history":[{"count":0,"href":"https:\/\/www.invarena.cz\/index.php?rest_route=\/wp\/v2\/posts\/35672\/revisions"}],"wp:featuredmedia":[{"embeddable":true,"href":"https:\/\/www.invarena.cz\/index.php?rest_route=\/wp\/v2\/media\/24717"}],"wp:attachment":[{"href":"https:\/\/www.invarena.cz\/index.php?rest_route=%2Fwp%2Fv2%2Fmedia&parent=35672"}],"wp:term":[{"taxonomy":"category","embeddable":true,"href":"https:\/\/www.invarena.cz\/index.php?rest_route=%2Fwp%2Fv2%2Fcategories&post=35672"},{"taxonomy":"post_tag","embeddable":true,"href":"https:\/\/www.invarena.cz\/index.php?rest_route=%2Fwp%2Fv2%2Ftags&post=35672"}],"curies":[{"name":"wp","href":"https:\/\/api.w.org\/{rel}","templated":true}]}}