{"id":35678,"date":"2021-01-19T18:41:05","date_gmt":"2021-01-19T17:41:05","guid":{"rendered":"http:\/\/www.invarena.cz\/?p=35678"},"modified":"2021-01-19T18:41:07","modified_gmt":"2021-01-19T17:41:07","slug":"vavrinecky-rodak-jan-smerda-vali-v-kuzelkach-diky-venclovskemu-se-i-otuzuje","status":"publish","type":"post","link":"https:\/\/www.invarena.cz\/?p=35678","title":{"rendered":"Vav\u0159ineck\u00fd rod\u00e1k Jan \u0160merda v\u00e1l\u00ed v ku\u017eelk\u00e1ch, d\u00edky Venclovsk\u00e9mu se i otu\u017euje"},"content":{"rendered":"\n<p>P\u0159i pr\u00e1ci v ostravsk\u00fdch dolech p\u0159i\u0161el o ruku, jen\u017ee ani takov\u00fd hendikep ho od ku\u017eelek neodradil. Vav\u0159ineck\u00fd rod\u00e1k Jan \u0160merda naopak v\u00edc tr\u00e9noval a dostal se a\u017e na mistrovstv\u00ed sv\u011bta t\u011blesn\u011b posti\u017een\u00fdch. Po\u0159\u00e1dn\u011b ale proh\u00e1n\u011bl i nejlep\u0161\u00ed &#8222;zdrav\u00e9&#8220; sportovce z republiky. A neust\u00e1le tr\u00e9nuje, dvakr\u00e1t t\u00fddn\u011b si zah\u00e1z\u00ed v blanensk\u00e9 ku\u017eeln\u011b, kde d\u011bl\u00e1 spr\u00e1vce. &#8222;Je to moje v\u00e1\u0161e\u0148,&#8220; vyzn\u00e1v\u00e1 se \u0160merda. <br><br>Za svou ku\u017eelk\u00e1\u0159skou kari\u00e9ru toho dok\u00e1zal u\u017e v\u00edc ne\u017e dost. &#8222;M\u00e1m t\u0159in\u00e1ct titul\u016f mistra \u010cesk\u00e9 republiky v t\u011blesn\u011b posti\u017een\u00fdch, m\u016fj nejv\u011bt\u0161\u00ed \u00fasp\u011bch je t\u0159et\u00ed m\u00edsto na mistrovstv\u00ed sv\u011bta t\u011blesn\u011b posti\u017een\u00fdch v Brn\u011b v roce 2014. Dob\u0159e se na to vzpom\u00edn\u00e1, byla tam hromada lid\u00ed,&#8220; vypr\u00e1v\u00ed dvojn\u00e1sobn\u00fd \u00fa\u010dastn\u00edk sv\u011btov\u00e9ho \u0161ampion\u00e1tu v Brn\u011b a Rokycanech.<\/p>\n\n\n\n<p>V z\u00e1pado\u010desk\u00e9m m\u011bst\u011b se konal velk\u00fd turnaj v roce 2019. &#8222;Tam jsem se dostal do kategorie nad \u0161edes\u00e1t let. Sice \u017e\u00e1dn\u00fd velk\u00fd \u00fasp\u011bch jsem neud\u011blal, byl jsem asi a\u017e dvaadvac\u00e1t\u00fd, ale zahr\u00e1l jsem si na mistrovstv\u00ed sv\u011bta,&#8220; podot\u00fdk\u00e1 \u0160merda, jen\u017e s \u010desk\u00fdmi t\u011blesn\u011b posti\u017een\u00fdmi hr\u00e1\u010di jezd\u00ed ka\u017edoro\u010dn\u011b na turnaje do Slovenska, Polska, Rakouska, Ma\u010farska \u010di Rumunska.<\/p>\n\n\n\n<p>V\u016fbec prvn\u00ed ku\u017eelky shodil v sedmn\u00e1cti letech. &#8222;Ke ku\u017eelk\u00e1m jsem se dostal jako u\u010de\u0148, kdy\u017e jsem se u\u010dil v \u010cKD Blansko. Byla tam dvojdr\u00e1ha a tomu m\u00edstu se \u0159\u00edkalo u Kanca. Te\u010f je to zbouran\u00e9, ale hr\u00e1l jsem tam dva roky, pak se v Blansku postavila \u0161estidr\u00e1ha,&#8220; l\u00ed\u010d\u00ed \u0160merda.<\/p>\n\n\n\n<p>U\u017e v t\u00e9 dob\u011b, tedy kolem roku 1977, m\u011bly ku\u017eelky v Blansku slu\u0161nou tradici. M\u00edstn\u00ed klub byl zalo\u017een roku 1954. &#8222;Tady hr\u00e1vali mu\u017ei v osmdes\u00e1t\u00fdch letech i nejvy\u0161\u0161\u00ed sout\u011b\u017e, \u017eeny tady za\u010dali hr\u00e1t prvn\u00ed ligu v roce 2000 a dodnes tam jsou,&#8220; zd\u016fraz\u0148uje \u0160merda.<\/p>\n\n\n\n<p>Ten je s ku\u017eelkami v Blansku neodmysliteln\u011b spjat\u00fd. V jihomoravsk\u00e9m m\u011bst\u011b tr\u00e9noval d\u011bti, \u017eeny i mu\u017ee, jako jeden z hlavn\u00edch organiz\u00e1tor\u016f nachystal sv\u011btov\u00fd poh\u00e1r za \u00fa\u010dasti \u0161estadvaceti zem\u00ed a u\u017e dvaadvacet let se star\u00e1 o m\u00edstn\u00ed ku\u017eelnu. &#8222;Tenkr\u00e1t se tady nab\u00eddlo to m\u00edsto, tak jsem ho vzal, proto\u017ee jsem se o ku\u017eelky dost zaj\u00edmal. Bav\u00ed m\u011b to dodnes,&#8220; vykl\u00e1d\u00e1. A co takov\u00e1 pr\u00e1ce p\u0159edstavuje? &#8222;Pot\u0159ebujete k tomu k\u00fdbl, hadr, vodu a maz\u00e1n\u00ed. Dr\u00e1ha se mus\u00ed bl\u00fdskat, aby to padalo,&#8220; usm\u00edv\u00e1 se \u0160merda.<\/p>\n\n\n\n<p>Rod\u00e1k z Vav\u0159ince nedaleko Blanska se vyu\u010dil v \u010cKD soustru\u017en\u00edkem, pot\u00e9 narukoval na vojnu. &#8222;Z n\u00ed jsem se vr\u00e1til zp\u00e1tky do \u010cKD, chv\u00edli jsem d\u011blal soustru\u017enickou, pak jsem \u0161el do sl\u00e9v\u00e1ren, kde jsem byl t\u0159i nebo \u010dty\u0159i roky,&#8220; popisuje \u0160marda sv\u00e9 pracovn\u00ed zku\u0161enosti.<\/p>\n\n\n\n<p>Odtud ho zav\u00e1l v\u00edtr na sever Moravy, konkr\u00e9tn\u011b do Ostravy. &#8222;\u0160el jsem na n\u00e1bor do dol\u016f,&#8220; p\u0159ibli\u017euje \u0160merda. Tam str\u00e1vil \u0161est let, vydr\u017eel by mo\u017en\u00e1 i daleko del\u0161\u00ed dobu, jen\u017ee \u2026 &#8222;Jednou jsem uklouzl, chytl m\u011b dopravn\u00ed p\u00e1s, nebyla na n\u011bm ochrana a p\u0159i\u0161el jsem o ruku. Te\u010f u\u017e za t\u011bch t\u0159icet let jsem se s t\u00edm srovnal, je to bez probl\u00e9m\u016f, ale rok a p\u016fl a\u017e dva to bylo v\u0161elijak\u00e9. Kdy\u017e jsem p\u0159i\u0161el o ruku, \u017eena byla v dev\u00e1t\u00e9m m\u011bs\u00edci t\u011bhotenstv\u00ed a narozen\u00ed dcery m\u011b pak dr\u017eelo p\u0159i \u017eivot\u011b,&#8220; \u0159\u00edk\u00e1 po letech.<\/p>\n\n\n\n<p>I p\u0159es \u00faraz ov\u0161em na pr\u00e1ci v dolech vzpom\u00edn\u00e1 jen v dobr\u00e9m. &#8222;Dalo mi to opravdu hodn\u011b. Byli tam dob\u0159\u00ed lid\u00e9, dobr\u00e1 parta, na to se d\u00e1 vzpom\u00ednat v\u017edycky. Tenkr\u00e1t se d\u011blali po\u0159\u00e1d rekordy v ra\u017eb\u011b, hodn\u011b jsme v tom sout\u011b\u017eili a n\u011bjak\u00e9 rekordy jsme s partou samoz\u0159ejm\u011b ud\u011blali, ale to u\u017e je za n\u00e1mi, to u\u017e se ani nepo\u010d\u00edt\u00e1,&#8220; prav\u00ed skromn\u011b \u0160merda.<\/p>\n\n\n\n<p>I s jednou rukou jeho v\u00e1\u0161e\u0148 ke ku\u017eelk\u00e1m neutichla. &#8222;Musel jsem se nau\u010dit hr\u00e1t levou rukou, bylo to t\u011b\u017e\u0161\u00ed hlavn\u011b kv\u016fli rovnov\u00e1ze, ale za rok a p\u016fl jsem se v\u0161echno nau\u010dil,&#8220; uji\u0161\u0165uje. T\u00e9m\u011b\u0159 \u010dty\u0159i roky hr\u00e1l st\u00e1le i se zdrav\u00fdmi z\u00e1vodn\u00edky. &#8222;Brali m\u011b, jako bych byl norm\u00e1ln\u011b zdrav\u00fd. M\u016fj hendikep nebyl ani zn\u00e1t, dostal jsem se i t\u0159ikr\u00e1t nebo \u010dty\u0159ikr\u00e1t na republiku a tam jsem skon\u010dil asi sedm\u00fd, nejlep\u0161\u00ed v\u00fdsledek bylo p\u00e1t\u00e9 m\u00edsto,&#8220; \u0159\u00edk\u00e1 \u0160merda.<\/p>\n\n\n\n<p>Krom\u011b ku\u017eelek se ob\u010das postav\u00ed i na bowlingovou dr\u00e1hu. &#8222;Abych se p\u0159iznal, bowling netr\u00e9nuju. M\u00e1m ale kamar\u00e1da z D\u011b\u010d\u00edna a s jeho partou hraju u\u017e osm nebo dev\u011bt let. V\u017edycky mus\u00edm odehr\u00e1t jeden turnaj, abych se dostal t\u0159eba na mistrovstv\u00ed \u010cesk\u00e9 republiky v bowlingu. Za sedm let jsme tam \u010dty\u0159ikr\u00e1t vyhr\u00e1li,&#8220; popisuje.<\/p>\n\n\n\n<p>P\u0159es v\u0161echny jeho medaile a \u00fa\u010dasti na sv\u011btov\u00fdch \u0161ampion\u00e1tech ov\u0161em zmi\u0148uje i jin\u00e9 \u00fasp\u011bchy. &#8222;Kdy\u017e jsem tr\u00e9noval d\u011bcka od des\u00edti let, tak jsme tady vychovali takov\u00fdch \u0161est sedm mistr\u016f sv\u011bta. T\u0159eba tady byla i Vaverkov\u00e1 z Rosic (mistryn\u011b sv\u011bta Lucie Vaverkov\u00e1 \u2013 pozn. red.). Ur\u010dit\u011b m\u011b t\u011b\u0161\u00ed v\u00edc \u00fasp\u011bchy sv\u011b\u0159enc\u016f. Je skv\u011bl\u00e9, kdy\u017e pak za v\u00e1mi p\u0159ijdou, \u017ee vyhr\u00e1li mistrovstv\u00ed sv\u011bta. Klobouk dol\u016f,&#8220; dod\u00e1v\u00e1.<\/p>\n\n\n\n<p>\u0160merda se tak\u00e9 pravideln\u011b otu\u017euje. A nejde jen o n\u011bjakou kr\u00e1tkou z\u00e1le\u017eitost. Do studen\u00e9 vody poprv\u00e9 vlezl v patn\u00e1cti letech i d\u00edky Zaslou\u017eil\u00e9mu mistrovi sportu z roku 1976. &#8222;M\u016fj t\u00e1ta zalo\u017eil otu\u017eileck\u00fd odd\u00edl, kam chodil i Franti\u0161ek Venclovsk\u00fd. Ten m\u011b k tomu vyhecoval. \u0158\u00edkal mi: Kdy\u017e tam vydr\u017e\u00ed\u0161 d\u00e9le ne\u017e j\u00e1, jsi dobr\u00fd. Tenkr\u00e1t m\u011bl natr\u00e9nov\u00e1no, vydr\u017eel ve vod\u011b patn\u00e1ct a\u017e dvacet minut, j\u00e1 zvl\u00e1dl asi dvan\u00e1ct, ale bez tr\u00e9ninku, jen doma jsem si d\u00e1val studen\u00e9 sprchy. Byl to ale obrovsk\u00fd z\u00e1\u017eitek, kdy\u017e \u010dlov\u011bk v\u00ed, co pan Venclovsk\u00fd dok\u00e1zal,&#8220; vybavuje si setk\u00e1n\u00ed s otu\u017eilcem, kter\u00fd dvakr\u00e1t p\u0159eplaval kan\u00e1l La Manche, poprv\u00e9 30. \u010dervence 1971.<\/p>\n\n\n\n<p>Otu\u017eovat se chod\u00ed t\u0159ikr\u00e1t t\u00fddn\u011b do lomu v Blansku. &#8222;Do vody sko\u010d\u00edm i te\u010f, nejni\u017e\u0161\u00ed teplota byla kolem jednoho stupn\u011b. Ur\u010dit\u011b mi to pom\u00e1h\u00e1 psychicky, \u010dlov\u011bk p\u0159ijde na jin\u00e9 my\u0161lenky, ud\u011bl\u00e1m si v hlav\u011b po\u0159\u00e1dek, v\u0161echno vyma\u017eu, na klouby mi to d\u011bl\u00e1 dob\u0159e,&#8220; uzav\u00edr\u00e1 \u0160merda.<\/p>\n\n\n\n<p>Pavel \u0160\u0165astn\u00fd<\/p>\n\n\n\n<p>Blanensk\u00fd den\u00edk<\/p>\n\n\n\n<p><a rel=\"noreferrer noopener\" aria-label=\" (otev\u0159e se na nov\u00e9 z\u00e1lo\u017ece)\" href=\"https:\/\/blanensky.denik.cz\/\" target=\"_blank\">https:\/\/blanensky.denik.cz\/<\/a><br><\/p>\n","protected":false},"excerpt":{"rendered":"<div class=\"mh-excerpt\"><p>P\u0159i pr\u00e1ci v ostravsk\u00fdch dolech p\u0159i\u0161el o ruku, jen\u017ee ani takov\u00fd hendikep ho od ku\u017eelek neodradil. Vav\u0159ineck\u00fd rod\u00e1k Jan \u0160merda naopak v\u00edc tr\u00e9noval a dostal <a class=\"mh-excerpt-more\" href=\"https:\/\/www.invarena.cz\/?p=35678\" title=\"Vav\u0159ineck\u00fd rod\u00e1k Jan \u0160merda v\u00e1l\u00ed v ku\u017eelk\u00e1ch, d\u00edky Venclovsk\u00e9mu se i otu\u017euje\">[&#8230;]<\/a><\/p>\n<\/div>","protected":false},"author":1,"featured_media":0,"comment_status":"open","ping_status":"closed","sticky":false,"template":"","format":"standard","meta":{"footnotes":""},"categories":[9],"tags":[],"class_list":["post-35678","post","type-post","status-publish","format-standard","hentry","category-zpravy"],"_links":{"self":[{"href":"https:\/\/www.invarena.cz\/index.php?rest_route=\/wp\/v2\/posts\/35678","targetHints":{"allow":["GET"]}}],"collection":[{"href":"https:\/\/www.invarena.cz\/index.php?rest_route=\/wp\/v2\/posts"}],"about":[{"href":"https:\/\/www.invarena.cz\/index.php?rest_route=\/wp\/v2\/types\/post"}],"author":[{"embeddable":true,"href":"https:\/\/www.invarena.cz\/index.php?rest_route=\/wp\/v2\/users\/1"}],"replies":[{"embeddable":true,"href":"https:\/\/www.invarena.cz\/index.php?rest_route=%2Fwp%2Fv2%2Fcomments&post=35678"}],"version-history":[{"count":0,"href":"https:\/\/www.invarena.cz\/index.php?rest_route=\/wp\/v2\/posts\/35678\/revisions"}],"wp:attachment":[{"href":"https:\/\/www.invarena.cz\/index.php?rest_route=%2Fwp%2Fv2%2Fmedia&parent=35678"}],"wp:term":[{"taxonomy":"category","embeddable":true,"href":"https:\/\/www.invarena.cz\/index.php?rest_route=%2Fwp%2Fv2%2Fcategories&post=35678"},{"taxonomy":"post_tag","embeddable":true,"href":"https:\/\/www.invarena.cz\/index.php?rest_route=%2Fwp%2Fv2%2Ftags&post=35678"}],"curies":[{"name":"wp","href":"https:\/\/api.w.org\/{rel}","templated":true}]}}