{"id":35681,"date":"2021-01-19T18:51:09","date_gmt":"2021-01-19T17:51:09","guid":{"rendered":"http:\/\/www.invarena.cz\/?p=35681"},"modified":"2021-01-19T18:51:10","modified_gmt":"2021-01-19T17:51:10","slug":"prochazka-pomuze-dobre-veci-podporit-lze-i-trikralovou-sbirku","status":"publish","type":"post","link":"https:\/\/www.invarena.cz\/?p=35681","title":{"rendered":"Proch\u00e1zka pom\u016f\u017ee dobr\u00e9 v\u011bci. Podpo\u0159it lze i T\u0159\u00edkr\u00e1lovou sb\u00edrku"},"content":{"rendered":"\n<p>T\u0159i kr\u00e1le dnes v&nbsp;ulic\u00edch nepotk\u00e1te. P\u0159isp\u011bt letos\nm\u016f\u017eete do virtu\u00e1ln\u00ed charitn\u00ed kasi\u010dky on-line, Oblastn\u00ed charita Blansko tak\u00e9\nrozm\u00edst\u00ed tradi\u010dn\u00ed sb\u00edrkov\u00e9 pokladni\u010dky. Lid\u00e9 ale mohou p\u0159isp\u011bt pot\u0159ebn\u00fdm tak\u00e9\nt\u00edm, \u017ee sami vyraz\u00ed na v\u00fdlet. D\u00edky projektu blanensk\u00e9ho podnikatele Vlastimila\nChl\u00e1dka se u\u0161l\u00e9 kilometry m\u011bn\u00ed na finan\u010dn\u00ed p\u0159\u00edsp\u011bvek, mimo jin\u00e9 nap\u0159\u00edklad pro\nblanensk\u00fd Domov&nbsp;Olga.<\/p>\n\n\n\n<p>Dvacet tis\u00edc korun jako opo\u017ed\u011bn\u00fd v\u00e1no\u010dn\u00ed d\u00e1rek z\u00edsk\u00e1 na\nza\u010d\u00e1tku roku blanensk\u00fd Domov Olga, kter\u00fd pe\u010duje o dosp\u011bl\u00e9 ment\u00e1ln\u011b posti\u017een\u00e9\nspoluob\u010dany. D\u00edky projektu e-vych\u00e1zka, do kter\u00e9ho u\u017e se zapojily stovky lid\u00ed po\ncel\u00e9 zemi i v zahrani\u010d\u00ed. V n\u011bm sta\u010d\u00ed vyrazit na v\u00fdlet a svou cestu pot\u00e9\nzaregistrovat na webu e-vych\u00e1zka.cz. Majitel blanensk\u00e9ho hotelu S\u00fdpka,\npodnikatel Vlastimil Chl\u00e1dek, pak ka\u017ed\u00fd u\u0161l\u00fd kilometr prom\u011bn\u00ed na korunu, kterou\nv\u011bnuje p\u0159edem ur\u010den\u00fdm organizac\u00edm. \u201ePutov\u00e1n\u00ed covidu navzdory m\u011blo p\u016fvodn\u011b\nnahradit spole\u010dnou vych\u00e1zku Moravsk\u00fd krasem, kterou u\u017e od roku 2000 p\u0159ipravuji\nv\u017edy 29. prosince pro sv\u00e9 p\u0159\u00e1tele. Cht\u011bl jsem, aby v t\u00e9to dob\u011b m\u011bla akce i\nsoci\u00e1ln\u00ed rozm\u011br. Proto jsme za na\u0161i firmu Dopravn\u00ed stavby Brno do projektu vlo\u017eili\n50 tis\u00edc korun s t\u00edm, \u017ee za ka\u017ed\u00fd osobokilometr, kter\u00fd lid\u00e9 absolvuj\u00ed b\u011bhem sv\u00e9\nvych\u00e1zky, p\u0159id\u00e1m dal\u0161\u00ed korunu,\u201c vysv\u011btluje Vlastimil Chl\u00e1de<\/p>\n\n\n\n<p>Za prvn\u00ed dva t\u00fddny v\u00fdletn\u00edci p\u0159i v\u00edce ne\u017e p\u011bti stech vych\u00e1zk\u00e1ch zdolali t\u00e9m\u011b\u0159 osm\u00e1ct tis\u00edc kilometr\u016f, des\u00edtky dal\u0161\u00edch vych\u00e1zek maj\u00ed v pl\u00e1nu. Hl\u00e1sit se za\u010d\u00ednaj\u00ed i ti, kte\u0159\u00ed vlastn\u00edm v\u00fdletem p\u0159isp\u00edvaj\u00ed ze zahrani\u010d\u00ed \u2013 Slovenska, \u0160pan\u011blska, Portugalska, Kanady, Ruska \u010di Egypta. N\u011bkte\u0159\u00ed p\u0159\u00edmo na str\u00e1nk\u00e1ch projekt\u016f p\u0159izn\u00e1vaj\u00ed, \u017ee bez podobn\u00e9 motivace by se k turistick\u00fdm v\u00fdkon\u016fm nedonutili. I d\u00edky obrovsk\u00e9 odezv\u011b lid\u00ed, se projekt, kter\u00fd m\u011bl p\u016fvodn\u011b skon\u010dit po Nov\u00e9m roce, prodlou\u017eil a\u017e do 31. ledna. Alespo\u0148 symbolicky chce jeho organiz\u00e1tor podpo\u0159it tak\u00e9 zru\u0161en\u00e9 t\u0159\u00edkr\u00e1lov\u00e9 koledov\u00e1n\u00ed.\u00a0 \u201eV\u016fbec jsem netu\u0161il, jakou odezvu to z\u00edsk\u00e1, m\u00e1m z toho velkou radost. Napadlo n\u00e1s, \u017ee vzhledem k tomu, \u017ee letos nemohou chodit koledn\u00edci, m\u016f\u017eeme se na\u0161imi vych\u00e1zkami p\u0159ipojit k t\u0159\u00edkr\u00e1lov\u00e9mu putov\u00e1n\u00ed a nachozen\u00fdmi kilometry podpo\u0159it krom\u011b sv\u00e9ho zdrav\u00ed i charitativn\u00ed ideu T\u0159\u00edkr\u00e1lov\u00e9 sb\u00edrky. Ka\u0161parem, Melicharem a Baltazarem tak m\u016f\u017ee alespo\u0148 symbolicky st\u00e1t ka\u017ed\u00fd z n\u00e1s,\u201c dod\u00e1v\u00e1 Vlastimil Chl\u00e1dek<\/p>\n\n\n\n<p>Dvacetitis\u00edcov\u00fd p\u0159\u00edsp\u011bvek u\u017e nyn\u00ed m\u00e1 krom\u011b Domova Olga garantovan\u00fd tak\u00e9 L\u00e9\u010debn\u00fd \u00fastav Albertinum v \u017damberku, kter\u00fd se zam\u011b\u0159uje na onemocn\u011bn\u00ed d\u00fdchac\u00edch cest i du\u0161evn\u00ed onemocn\u011bn\u00ed a zaji\u0161\u0165uje n\u00e1slednou a dlouhodobou l\u016f\u017ekovou p\u00e9\u010di, a tak\u00e9 Nada\u010dn\u00ed fond Vrba poskytuj\u00edc\u00ed pomoc rodin\u00e1m s d\u011btmi, kter\u00fdm zem\u0159el jeden z rodi\u010d\u016f. \u201eV t\u00e9to covidov\u00e9 dob\u011b a zejm\u00e9na na za\u010d\u00e1tku roku podobn\u00fd p\u0159\u00edsp\u011bvek opravdu v\u00edt\u00e1me. Pen\u00edze vyu\u017eijeme na provoz a pokryt\u00ed n\u00e1klad\u016f souvisej\u00edc\u00edch s protiepidemick\u00fdmi opat\u0159en\u00edmi i na provozn\u00ed n\u00e1klady. Je skv\u011bl\u00e9, kolik lid\u00ed m\u00e1 z\u00e1jem neziskovk\u00e1m pomoci. A konkr\u00e9tn\u011b tento projekt je podle m\u011b skv\u011bl\u00fdm po\u010dinem, kdy lid\u00e9 d\u011blaj\u00ed n\u011bco pro sebe a sou\u010dasn\u011b pom\u00e1haj\u00ed jin\u00fdm,\u201c uvedla \u0159editelka Domova Olga Jana Kratochv\u00edlov\u00e1. <\/p>\n\n\n\n<p>Proto\u017ee v\u00fdletn\u00edci sv\u00fdmi zaregistrovan\u00fdmi e-vych\u00e1zkami u\u017e zdolali p\u016fvodn\u011b o\u010dek\u00e1van\u00e9 maximum \u2013 10 tis\u00edc kilometr\u016f \u2013 p\u0159isp\u00edvaj\u00ed nyn\u00ed u\u017e dal\u0161\u00edm organizac\u00edm, kter\u00e9 pom\u00e1haj\u00ed \u2013 aktu\u00e1ln\u011b spolku \u010clov\u00ed\u010dek, kter\u00fd pom\u00e1h\u00e1 d\u011btem se zdravotn\u00edm a soci\u00e1ln\u00edm znev\u00fdhodn\u011bn\u00edm. Pokud se poda\u0159\u00ed i na \u010clov\u00ed\u010dka vybrat dvacetitis\u00edcov\u00fd p\u0159\u00edsp\u011bvek, podporu z\u00edsk\u00e1 tak\u00e9 Nada\u010dn\u00ed fond Srdce, kter\u00fd zaji\u0161\u0165uje odborn\u00e9 st\u00e1\u017ee a \u0161kolen\u00ed. Zahrani\u010dn\u00ed zku\u0161enosti by tak m\u011bli z\u00edskat l\u00e9ka\u0159i z kradiologick\u00e9 kliniky Fakultn\u00ed nemocnice v Brn\u011b-Bohunic\u00edch.<\/p>\n\n\n\n<p>Podpo\u0159it lze samoz\u0159ejm\u011b tak\u00e9 p\u0159\u00edmo T\u0159\u00edkr\u00e1lovou sb\u00edrku- Letos zejm\u00e9na on-line, a to hned n\u011bkolika zp\u016fsoby. P\u0159\u00edmo na str\u00e1nk\u00e1ch www.trikralovasbirka.cz je mo\u017en\u00e9 p\u0159isp\u011bt do virtu\u00e1ln\u00ed kasi\u010dky, kde zad\u00e1n\u00edm m\u011bsta \u010di obce lid\u00e9 sami ur\u010d\u00ed konkr\u00e9tn\u00ed oblastn\u00ed charitu, kter\u00e9 pomohou. V p\u0159\u00edpad\u011b Blanska tak p\u016fjdou prost\u0159edky p\u0159edev\u0161\u00edm na podporu Mobiln\u00edho hospice sv. Martina. Pen\u011b\u017en\u00ed prost\u0159edky je mo\u017en\u00e9 pouk\u00e1zat tak\u00e9 pomoc\u00ed QR k\u00f3du, kter\u00fd z\u00e1jemci naleznou na webov\u00fdch str\u00e1nk\u00e1ch oblastn\u00ed charity. P\u0159\u00edsp\u011bvek do leto\u0161n\u00edho ro\u010dn\u00edku sb\u00edrky je mo\u017en\u00e9 poslat tak\u00e9 na bankovn\u00ed \u00fa\u010det 66008822\/0800 s variabiln\u00edm symbolem 77706000. <\/p>\n\n\n\n<p>Pavla Kom\u00e1rkov\u00e1<\/p>\n\n\n\n<p>Blanensk\u00fd den\u00edk<\/p>\n\n\n\n<p><a rel=\"noreferrer noopener\" aria-label=\" (otev\u0159e se na nov\u00e9 z\u00e1lo\u017ece)\" href=\"https:\/\/blanensky.denik.cz\/\" target=\"_blank\">https:\/\/blanensky.denik.cz\/<\/a><br><\/p>\n","protected":false},"excerpt":{"rendered":"<div class=\"mh-excerpt\"><p>T\u0159i kr\u00e1le dnes v&nbsp;ulic\u00edch nepotk\u00e1te. P\u0159isp\u011bt letos m\u016f\u017eete do virtu\u00e1ln\u00ed charitn\u00ed kasi\u010dky on-line, Oblastn\u00ed charita Blansko tak\u00e9 rozm\u00edst\u00ed tradi\u010dn\u00ed sb\u00edrkov\u00e9 pokladni\u010dky. Lid\u00e9 ale mohou p\u0159isp\u011bt <a class=\"mh-excerpt-more\" href=\"https:\/\/www.invarena.cz\/?p=35681\" title=\"Proch\u00e1zka pom\u016f\u017ee dobr\u00e9 v\u011bci. Podpo\u0159it lze i T\u0159\u00edkr\u00e1lovou sb\u00edrku\">[&#8230;]<\/a><\/p>\n<\/div>","protected":false},"author":1,"featured_media":14860,"comment_status":"open","ping_status":"closed","sticky":false,"template":"","format":"standard","meta":{"footnotes":""},"categories":[9],"tags":[],"class_list":["post-35681","post","type-post","status-publish","format-standard","has-post-thumbnail","hentry","category-zpravy"],"_links":{"self":[{"href":"https:\/\/www.invarena.cz\/index.php?rest_route=\/wp\/v2\/posts\/35681","targetHints":{"allow":["GET"]}}],"collection":[{"href":"https:\/\/www.invarena.cz\/index.php?rest_route=\/wp\/v2\/posts"}],"about":[{"href":"https:\/\/www.invarena.cz\/index.php?rest_route=\/wp\/v2\/types\/post"}],"author":[{"embeddable":true,"href":"https:\/\/www.invarena.cz\/index.php?rest_route=\/wp\/v2\/users\/1"}],"replies":[{"embeddable":true,"href":"https:\/\/www.invarena.cz\/index.php?rest_route=%2Fwp%2Fv2%2Fcomments&post=35681"}],"version-history":[{"count":0,"href":"https:\/\/www.invarena.cz\/index.php?rest_route=\/wp\/v2\/posts\/35681\/revisions"}],"wp:featuredmedia":[{"embeddable":true,"href":"https:\/\/www.invarena.cz\/index.php?rest_route=\/wp\/v2\/media\/14860"}],"wp:attachment":[{"href":"https:\/\/www.invarena.cz\/index.php?rest_route=%2Fwp%2Fv2%2Fmedia&parent=35681"}],"wp:term":[{"taxonomy":"category","embeddable":true,"href":"https:\/\/www.invarena.cz\/index.php?rest_route=%2Fwp%2Fv2%2Fcategories&post=35681"},{"taxonomy":"post_tag","embeddable":true,"href":"https:\/\/www.invarena.cz\/index.php?rest_route=%2Fwp%2Fv2%2Ftags&post=35681"}],"curies":[{"name":"wp","href":"https:\/\/api.w.org\/{rel}","templated":true}]}}