{"id":35684,"date":"2021-01-19T18:57:22","date_gmt":"2021-01-19T17:57:22","guid":{"rendered":"http:\/\/www.invarena.cz\/?p=35684"},"modified":"2021-01-19T18:57:24","modified_gmt":"2021-01-19T17:57:24","slug":"postizeni-maji-soukromi","status":"publish","type":"post","link":"https:\/\/www.invarena.cz\/?p=35684","title":{"rendered":"Posti\u017een\u00ed maj\u00ed soukrom\u00ed"},"content":{"rendered":"\n<p>Nov\u00e9 byty pro handicapovan\u00e9 vznikly v Litv\u00ednov\u011b rekonstrukc\u00ed zch\u00e1tral\u00e9 polikliniky.<\/p>\n\n\n\n<p>Litv\u00ednov \u2013 &#8222;Je to kr\u00e1sn\u00fd!&#8220; Toto byla nej\u010dast\u011bj\u0161\u00ed v\u011bta, kter\u00e1 zazn\u00edvala p\u0159i otev\u0159en\u00ed Lesovny v Litv\u00ednov\u011b. Jedn\u00e1 se o druh\u00fd rekonstruovan\u00fd pavilon b\u00fdval\u00e9 ozdravovny a polikliniky v ulici Tylova, ve kter\u00e9 vzniklo komunitn\u00ed bydlen\u00ed pro 18 klient\u016f janovsk\u00e9ho Domova pro osoby se zdravotn\u00edm posti\u017een\u00edm. V\u0161ichni se do sv\u00fdch modern\u00edch byt\u016f nast\u011bhuj\u00ed do poloviny p\u0159\u00ed\u0161t\u00edho t\u00fddne.<\/p>\n\n\n\n<p>V pond\u011bl\u00ed 18. ledna si nov\u00e9 prostory prohl\u00e9dli soci\u00e1ln\u00ed pracovn\u00edci, politici, \u00fa\u0159edn\u00edci a dal\u0161\u00ed p\u0159ekvapen\u00ed host\u00e9. Je\u0161t\u011b p\u0159ed p\u00e1r lety, kdy se m\u011bsto prvorepublikov\u00e9 budovy zbavilo, byl pam\u00e1tkov\u011b chr\u00e1n\u011bn\u00fd funkcionalistick\u00fd objekt troskou bez vyu\u017eit\u00ed.<\/p>\n\n\n\n<p>&#8222;V\u00fdsledek je \u00fa\u017easn\u00fd. Povedlo se i to, \u017ee nic tu nep\u0159ipom\u00edn\u00e1 \u00fastav, co\u017e byl od za\u010d\u00e1tku n\u00e1\u0161 spole\u010dn\u00fd c\u00edl. D\u016fle\u017eit\u00e9 tak\u00e9 je, \u017ee se k projektu p\u0159istupovalo s citem pro historii,&#8220; \u0159ekl Den\u00edku Zden\u011bk Bure\u0161, jeden ze t\u0159\u00ed spolumajitel\u016f budovy.<\/p>\n\n\n\n<p>P\u0159ed rokem v komplexu zprovoznili sousedn\u00ed objekt, kter\u00fd tak\u00e9 nechali zrekonstruovat a ud\u011blali v n\u011bm zdravotnick\u00e9 st\u0159edisko, kav\u00e1rnu a wellness. Nov\u011b zveleben\u00fd pavilon s komunitn\u00edm bydlen\u00edm vznikl s podporou Evropsk\u00e9 unie a po dohod\u011b s Domovy soci\u00e1ln\u00edch slu\u017eeb Litv\u00ednov, kter\u00e9 si prostory pro sv\u00e9 klienty pronajaly. Oboustrann\u011b v\u00fdhodn\u00e1 spolupr\u00e1ce vy\u0159e\u0161ila probl\u00e9m dal\u0161\u00edho ch\u00e1tr\u00e1n\u00ed cenn\u00e9 budovy z 20. let minul\u00e9ho stolet\u00ed, na jej\u00ed\u017e opravu nem\u011bli vlastn\u00edci dost pen\u011bz. &#8222;Ta budova m\u00e1 svou historii. D\u011blali ji v\u00fdznamn\u00ed architekti, kte\u0159\u00ed do n\u00ed dali sv\u00e9 srdce a my tu budovu zachr\u00e1nili. Bylo to na posledn\u00ed chv\u00edli, u\u017e byla hodn\u011b staticky naru\u0161en\u00e1,&#8220; sd\u011blil Bure\u0161.<\/p>\n\n\n\n<p>Nyn\u00ed jsou v objektu dva velk\u00e9 byty pro \u0161est handicapovan\u00fdch lid\u00ed a dva byty pro t\u0159i. Klient\u016fm komunitn\u00edho domova Lesovna m\u016f\u017ee b\u00fdt od 18 do 64 let. Ka\u017ed\u00fd bude m\u00edt sv\u016fj pokoj a budou \u017e\u00edt v \u0161esti\u010dlenn\u00fdch nebo t\u0159\u00ed\u010dlenn\u00fdch dom\u00e1cnostech. Domov je vhodn\u00fd i pro kvadruplegiky, kte\u0159\u00ed maj\u00ed ochrnut\u00e9 kon\u010detiny a trup. Proto\u017ee se jedn\u00e1 o slu\u017ebu pro lidi s vysokou m\u00edrou podpory, dohl\u00e9dne na n\u011b nep\u0159etr\u017eit\u00e1 slu\u017eba se 14 zam\u011bstnanci.<\/p>\n\n\n\n<p>Prost\u0159ed\u00ed m\u00e1 v\u0161ak dom\u00e1ck\u00fd r\u00e1z. Trvalo se na tom, \u017ee ka\u017ed\u00fd pokoj bude jin\u00fd a bude m\u00edt jinou atmosf\u00e9ru. Klienti se dokonce pod\u00edleli na v\u00fdb\u011bru vybaven\u00ed interi\u00e9ru.<\/p>\n\n\n\n<p>Ob\u011bdy se jim budou vozit, ostatn\u00ed j\u00eddlo si p\u0159iprav\u00ed ve sv\u00fdch dom\u00e1cnostech s kuchyn\u00ed a ob\u00fdv\u00e1kem. V budov\u011b se je\u0161t\u011b p\u0159ipravuje mal\u00e1 t\u011blocvi\u010dna a p\u016fda, kde je v pl\u00e1nu z\u00e1zem\u00ed pro arteterapii, aktiviza\u010dn\u00ed \u010dinnost, vzd\u011bl\u00e1v\u00e1n\u00ed \u010di kurzy.<\/p>\n\n\n\n<p>&#8222;Pro n\u00e1s je to v\u00fdznamn\u00fd miln\u00edk a z\u00e1rove\u0148 druh\u00fd transforma\u010dn\u00ed projekt, kter\u00fd se napl\u0148uje,&#8220; ocenil \u0159editel Domov\u016f soci\u00e1ln\u00edch slu\u017eeb Litv\u00ednov Vladim\u00edr Vopelka. Nov\u00e9 prostory ozna\u010dil za luxusn\u00ed a respektuj\u00edc\u00ed celost\u00e1tn\u00ed trend, aby lid\u00e9 s r\u016fzn\u00fdm posti\u017een\u00edm postupn\u011b opou\u0161t\u011bli klasick\u00e9 velk\u00e9 \u00fastavy, kde nemaj\u00ed moc soukrom\u00ed.<\/p>\n\n\n\n<p>MARTIN VOKURKA<\/p>\n\n\n\n<p>Mosteck\u00fd den\u00edk<\/p>\n\n\n\n<p><a rel=\"noreferrer noopener\" aria-label=\" (otev\u0159e se na nov\u00e9 z\u00e1lo\u017ece)\" href=\"http:\/\/www.mostecky.denik.cz\/\" target=\"_blank\">http:\/\/www.mostecky.denik.cz\/<\/a><\/p>\n","protected":false},"excerpt":{"rendered":"<div class=\"mh-excerpt\"><p>Nov\u00e9 byty pro handicapovan\u00e9 vznikly v Litv\u00ednov\u011b rekonstrukc\u00ed zch\u00e1tral\u00e9 polikliniky. Litv\u00ednov \u2013 &#8222;Je to kr\u00e1sn\u00fd!&#8220; Toto byla nej\u010dast\u011bj\u0161\u00ed v\u011bta, kter\u00e1 zazn\u00edvala p\u0159i otev\u0159en\u00ed Lesovny v <a class=\"mh-excerpt-more\" href=\"https:\/\/www.invarena.cz\/?p=35684\" title=\"Posti\u017een\u00ed maj\u00ed soukrom\u00ed\">[&#8230;]<\/a><\/p>\n<\/div>","protected":false},"author":1,"featured_media":5533,"comment_status":"open","ping_status":"closed","sticky":false,"template":"","format":"standard","meta":{"footnotes":""},"categories":[9],"tags":[],"class_list":["post-35684","post","type-post","status-publish","format-standard","has-post-thumbnail","hentry","category-zpravy"],"_links":{"self":[{"href":"https:\/\/www.invarena.cz\/index.php?rest_route=\/wp\/v2\/posts\/35684","targetHints":{"allow":["GET"]}}],"collection":[{"href":"https:\/\/www.invarena.cz\/index.php?rest_route=\/wp\/v2\/posts"}],"about":[{"href":"https:\/\/www.invarena.cz\/index.php?rest_route=\/wp\/v2\/types\/post"}],"author":[{"embeddable":true,"href":"https:\/\/www.invarena.cz\/index.php?rest_route=\/wp\/v2\/users\/1"}],"replies":[{"embeddable":true,"href":"https:\/\/www.invarena.cz\/index.php?rest_route=%2Fwp%2Fv2%2Fcomments&post=35684"}],"version-history":[{"count":0,"href":"https:\/\/www.invarena.cz\/index.php?rest_route=\/wp\/v2\/posts\/35684\/revisions"}],"wp:featuredmedia":[{"embeddable":true,"href":"https:\/\/www.invarena.cz\/index.php?rest_route=\/wp\/v2\/media\/5533"}],"wp:attachment":[{"href":"https:\/\/www.invarena.cz\/index.php?rest_route=%2Fwp%2Fv2%2Fmedia&parent=35684"}],"wp:term":[{"taxonomy":"category","embeddable":true,"href":"https:\/\/www.invarena.cz\/index.php?rest_route=%2Fwp%2Fv2%2Fcategories&post=35684"},{"taxonomy":"post_tag","embeddable":true,"href":"https:\/\/www.invarena.cz\/index.php?rest_route=%2Fwp%2Fv2%2Ftags&post=35684"}],"curies":[{"name":"wp","href":"https:\/\/api.w.org\/{rel}","templated":true}]}}