{"id":35688,"date":"2021-01-19T19:00:37","date_gmt":"2021-01-19T18:00:37","guid":{"rendered":"http:\/\/www.invarena.cz\/?p=35688"},"modified":"2021-01-19T19:00:39","modified_gmt":"2021-01-19T18:00:39","slug":"nova-hrozba-pro-deti-imunitni-reakce-na-koronavirus-muze-uderit-i-tydny-po-nakaze-klicove-je-vcasne-rozpoznani","status":"publish","type":"post","link":"https:\/\/www.invarena.cz\/?p=35688","title":{"rendered":"Nov\u00e1 hrozba pro d\u011bti: imunitn\u00ed reakce na koronavirus m\u016f\u017ee ude\u0159it i t\u00fddny po n\u00e1kaze. Kl\u00ed\u010dov\u00e9 je v\u010dasn\u00e9 rozpozn\u00e1n\u00ed"},"content":{"rendered":"\n<p>A\u017e doned\u00e1vna se tvrdilo, \u017ee onemocn\u011bn\u00ed covid-19 p\u0159edstavuje riziko zejm\u00e9na pro dosp\u011blou, p\u0159ev\u00e1\u017en\u011b star\u0161\u00ed generaci. Zdrav\u00ed d\u011bt\u00ed bylo z koronavirov\u00e9ho b\u011bsn\u011bn\u00ed tak\u0159ka vy\u0148ato. P\u0159\u00edpady z posledn\u00edch m\u011bs\u00edc\u016f v\u0161ak dokumentuj\u00ed, \u017ee i nejmlad\u0161\u00ed \u010d\u00e1sti populace hroz\u00ed v\u00e1\u017en\u00e9 komplikace, na kter\u00e9 u\u017e narazili i tuzem\u0161t\u00ed pediat\u0159i. <\/p>\n\n\n\n<p>Cel\u00fd \u010dl\u00e1nek naleznete na lidovky.cz: <a href=\"https:\/\/www.lidovky.cz\/domov\/nova-hrozba-pro-deti-imunitni-reakce-na-koronavirus-muze-uderit-i-tydny-po-nakaze-klicove-je-vcasne-.A210118_200156_ln_domov_rkj\" target=\"_blank\" rel=\"noreferrer noopener\" aria-label=\" (otev\u0159e se na nov\u00e9 z\u00e1lo\u017ece)\">https:\/\/www.lidovky.cz\/domov\/nova-hrozba-pro-deti-imunitni-reakce-na-koronavirus-muze-uderit-i-tydny-po-nakaze-klicove-je-vcasne-.A210118_200156_ln_domov_rkj<\/a><\/p>\n","protected":false},"excerpt":{"rendered":"<div class=\"mh-excerpt\"><p>A\u017e doned\u00e1vna se tvrdilo, \u017ee onemocn\u011bn\u00ed covid-19 p\u0159edstavuje riziko zejm\u00e9na pro dosp\u011blou, p\u0159ev\u00e1\u017en\u011b star\u0161\u00ed generaci. Zdrav\u00ed d\u011bt\u00ed bylo z koronavirov\u00e9ho b\u011bsn\u011bn\u00ed tak\u0159ka vy\u0148ato. P\u0159\u00edpady z <a class=\"mh-excerpt-more\" href=\"https:\/\/www.invarena.cz\/?p=35688\" title=\"Nov\u00e1 hrozba pro d\u011bti: imunitn\u00ed reakce na koronavirus m\u016f\u017ee ude\u0159it i t\u00fddny po n\u00e1kaze. Kl\u00ed\u010dov\u00e9 je v\u010dasn\u00e9 rozpozn\u00e1n\u00ed\">[&#8230;]<\/a><\/p>\n<\/div>","protected":false},"author":1,"featured_media":23097,"comment_status":"open","ping_status":"closed","sticky":false,"template":"","format":"standard","meta":{"footnotes":""},"categories":[9],"tags":[],"class_list":["post-35688","post","type-post","status-publish","format-standard","has-post-thumbnail","hentry","category-zpravy"],"_links":{"self":[{"href":"https:\/\/www.invarena.cz\/index.php?rest_route=\/wp\/v2\/posts\/35688","targetHints":{"allow":["GET"]}}],"collection":[{"href":"https:\/\/www.invarena.cz\/index.php?rest_route=\/wp\/v2\/posts"}],"about":[{"href":"https:\/\/www.invarena.cz\/index.php?rest_route=\/wp\/v2\/types\/post"}],"author":[{"embeddable":true,"href":"https:\/\/www.invarena.cz\/index.php?rest_route=\/wp\/v2\/users\/1"}],"replies":[{"embeddable":true,"href":"https:\/\/www.invarena.cz\/index.php?rest_route=%2Fwp%2Fv2%2Fcomments&post=35688"}],"version-history":[{"count":0,"href":"https:\/\/www.invarena.cz\/index.php?rest_route=\/wp\/v2\/posts\/35688\/revisions"}],"wp:featuredmedia":[{"embeddable":true,"href":"https:\/\/www.invarena.cz\/index.php?rest_route=\/wp\/v2\/media\/23097"}],"wp:attachment":[{"href":"https:\/\/www.invarena.cz\/index.php?rest_route=%2Fwp%2Fv2%2Fmedia&parent=35688"}],"wp:term":[{"taxonomy":"category","embeddable":true,"href":"https:\/\/www.invarena.cz\/index.php?rest_route=%2Fwp%2Fv2%2Fcategories&post=35688"},{"taxonomy":"post_tag","embeddable":true,"href":"https:\/\/www.invarena.cz\/index.php?rest_route=%2Fwp%2Fv2%2Ftags&post=35688"}],"curies":[{"name":"wp","href":"https:\/\/api.w.org\/{rel}","templated":true}]}}