{"id":35691,"date":"2021-01-19T19:04:52","date_gmt":"2021-01-19T18:04:52","guid":{"rendered":"http:\/\/www.invarena.cz\/?p=35691"},"modified":"2021-01-19T19:04:53","modified_gmt":"2021-01-19T18:04:53","slug":"do-kamenickeho-senova-dorazili-trikralovi-kolednici","status":"publish","type":"post","link":"https:\/\/www.invarena.cz\/?p=35691","title":{"rendered":"Do Kamenick\u00e9ho \u0160enova dorazili t\u0159\u00edkr\u00e1lov\u00ed koledn\u00edci"},"content":{"rendered":"\n<p>Tradi\u010dn\u00ed dobrovolnick\u00e1 akce, kter\u00e1 je na \u010ceskolipsku po\u0159\u00e1d\u00e1na Farn\u00ed charitou \u010cesk\u00e1 L\u00edpa na podporu \u0161koln\u00edho svozu hendikepovan\u00fdch d\u011bt\u00ed, bude v roce 2021 trvat od 1. a\u017e do 24. ledna a nov\u011b m\u00e1 z\u0159\u00edzen \u00fa\u010det s vlastn\u00edm \u010deskolipsk\u00fdm variabiln\u00edm symbolem. <br> <br>T\u0159\u00ed kr\u00e1lov\u00e9 p\u0159i\u0161li na za\u010d\u00e1tku ledna koledovat tak\u00e9 do Kamenick\u00e9ho \u0160enova. Ve st\u0159edu 6. ledna se vyb\u00edralo u v\u0161ech t\u0159\u00ed m\u011bstsk\u00fdch v\u00e1no\u010dn\u00edch strome\u010dk\u016f. Jedna skupinka nav\u00edc obe\u0161la m\u011bstsk\u00fd \u00fa\u0159ad, kde zam\u011bstnanci v \u010dele s panem starostou, m\u00edstostarostou a pan\u00ed tajemnic\u00ed \u0161t\u011bd\u0159e p\u0159isp\u011bli. D\u011bkujeme v\u0161em, kte\u0159\u00ed p\u0159isp\u011bli a samoz\u0159ejm\u011b v\u0161em t\u0159\u00edkr\u00e1lov\u00fdm rodinn\u00fdm t\u00fdm\u016fm s kasi\u010dkami.<\/p>\n\n\n\n<p>Kdo nestihl, m\u016f\u017ee sb\u00edrku podpo\u0159it zasl\u00e1n\u00edm p\u0159\u00edsp\u011bvku na t\u0159\u00edkr\u00e1lov\u00fd \u00fa\u010det 66008822\/0800 s variabiln\u00edm symbolem pro \u010ceskou L\u00edpu 7770411. Nebo m\u016f\u017eete vyu\u017e\u00edt p\u0159\u00edmo virtu\u00e1ln\u00ed kasi\u010dku T\u0159\u00edkr\u00e1lov\u00e9 sb\u00edrky na www.trikralovasbirka.cz, ale nezapome\u0148te p\u0159i vypln\u011bn\u00ed pou\u017e\u00edt heslo \u010cESK\u00c1 L\u00cdPA FCH. Vybran\u00e9 pen\u00edze p\u016fjdou na projekt Soci\u00e1ln\u00ed automobil, kter\u00fd voz\u00ed handicapovan\u00e9 d\u011bti do \u0161kol v regionu.<\/p>\n\n\n\n<p>Kl\u00e1ra Machov\u00e1<\/p>\n\n\n\n<p>\u010ceskolipsk\u00fd den\u00edk<\/p>\n\n\n\n<p><a rel=\"noreferrer noopener\" aria-label=\" (otev\u0159e se na nov\u00e9 z\u00e1lo\u017ece)\" href=\"https:\/\/ceskolipsky.denik.cz\/\" target=\"_blank\">https:\/\/ceskolipsky.denik.cz\/<\/a><\/p>\n","protected":false},"excerpt":{"rendered":"<div class=\"mh-excerpt\"><p>Tradi\u010dn\u00ed dobrovolnick\u00e1 akce, kter\u00e1 je na \u010ceskolipsku po\u0159\u00e1d\u00e1na Farn\u00ed charitou \u010cesk\u00e1 L\u00edpa na podporu \u0161koln\u00edho svozu hendikepovan\u00fdch d\u011bt\u00ed, bude v roce 2021 trvat od 1. <a class=\"mh-excerpt-more\" href=\"https:\/\/www.invarena.cz\/?p=35691\" title=\"Do Kamenick\u00e9ho \u0160enova dorazili t\u0159\u00edkr\u00e1lov\u00ed koledn\u00edci\">[&#8230;]<\/a><\/p>\n<\/div>","protected":false},"author":1,"featured_media":14577,"comment_status":"open","ping_status":"closed","sticky":false,"template":"","format":"standard","meta":{"footnotes":""},"categories":[9],"tags":[],"class_list":["post-35691","post","type-post","status-publish","format-standard","has-post-thumbnail","hentry","category-zpravy"],"_links":{"self":[{"href":"https:\/\/www.invarena.cz\/index.php?rest_route=\/wp\/v2\/posts\/35691","targetHints":{"allow":["GET"]}}],"collection":[{"href":"https:\/\/www.invarena.cz\/index.php?rest_route=\/wp\/v2\/posts"}],"about":[{"href":"https:\/\/www.invarena.cz\/index.php?rest_route=\/wp\/v2\/types\/post"}],"author":[{"embeddable":true,"href":"https:\/\/www.invarena.cz\/index.php?rest_route=\/wp\/v2\/users\/1"}],"replies":[{"embeddable":true,"href":"https:\/\/www.invarena.cz\/index.php?rest_route=%2Fwp%2Fv2%2Fcomments&post=35691"}],"version-history":[{"count":0,"href":"https:\/\/www.invarena.cz\/index.php?rest_route=\/wp\/v2\/posts\/35691\/revisions"}],"wp:featuredmedia":[{"embeddable":true,"href":"https:\/\/www.invarena.cz\/index.php?rest_route=\/wp\/v2\/media\/14577"}],"wp:attachment":[{"href":"https:\/\/www.invarena.cz\/index.php?rest_route=%2Fwp%2Fv2%2Fmedia&parent=35691"}],"wp:term":[{"taxonomy":"category","embeddable":true,"href":"https:\/\/www.invarena.cz\/index.php?rest_route=%2Fwp%2Fv2%2Fcategories&post=35691"},{"taxonomy":"post_tag","embeddable":true,"href":"https:\/\/www.invarena.cz\/index.php?rest_route=%2Fwp%2Fv2%2Ftags&post=35691"}],"curies":[{"name":"wp","href":"https:\/\/api.w.org\/{rel}","templated":true}]}}