{"id":35695,"date":"2021-01-21T16:51:02","date_gmt":"2021-01-21T15:51:02","guid":{"rendered":"http:\/\/www.invarena.cz\/?p=35695"},"modified":"2021-01-21T16:51:03","modified_gmt":"2021-01-21T15:51:03","slug":"ohluchnout-ve-ctyriceti-nejhorsi-je-ztrata-kontaktu","status":"publish","type":"post","link":"https:\/\/www.invarena.cz\/?p=35695","title":{"rendered":"Ohluchnout ve \u010dty\u0159iceti? Nejhor\u0161\u00ed je ztr\u00e1ta kontaktu"},"content":{"rendered":"\n<p>Promi\u0148te, m\u016f\u017eete mi to zopakovat? Nerozum\u00edm v\u00e1m! Podobn\u00e9 v\u011bty v &#8222;dob\u011b covidov\u00e9&#8220; vyslovil a\u0165 u\u017e na \u00fa\u0159ad\u011b, v l\u00e9k\u00e1rn\u011b, na po\u0161t\u011b \u010di v obchod\u011b alespo\u0148 jednou snad ka\u017ed\u00fd z n\u00e1s. Sly\u0161\u00edc\u00edch.<\/p>\n\n\n\n<p>Do sv\u00fdch \u010dty\u0159iceti let sly\u0161el i Ladislav Kratochv\u00edl. V roce 1998 se mu v\u0161ak obr\u00e1til \u017eivot naruby. L\u00e9ka\u0159i mu zjistili oboustrann\u00fd n\u00e1dor v hlav\u011b. Prvn\u00ed operace se povedla. O p\u011bt let pozd\u011bji ov\u0161em n\u00e1sledovala druh\u00e1. A po n\u00ed Ladislav ze dne na den ohluchnul.<\/p>\n\n\n\n<p>To byla pro hudebn\u00edka, jen\u017e vystudoval konzervato\u0159, velk\u00e1 r\u00e1na.<\/p>\n\n\n\n<p>&#8222;Hr\u00e1l jsem s big beatem na basu, s folkem na kytaru, v historick\u00e9m \u0161ermu na loutnu a na fl\u00e9tny. Hr\u00e1l jsem v podstat\u011b na v\u0161echno, co mi p\u0159i\u0161lo pod ruku. Komponoval jsem. A najednou bum,&#8220; vysv\u011btluje Kratochv\u00edl. <br> Na \u017eivot bez hudby si zvykl. Ale uv\u011bdomil si, \u017ee nejt\u011b\u017e\u0161\u00ed je, \u017ee n\u00e1hle ztratil kontakt s lidmi. <br> <br>NEDOMLUV\u00cd SE ANI S M\u00c1MOU <br> <br>Najednou se nedomluvil ani ve vlastn\u00ed rodin\u011b. &#8222;S d\u011btmi, tchyn\u00ed, ani s vlastn\u00ed m\u00e1mou.&#8220;<\/p>\n\n\n\n<p>Ladislava paradoxn\u011b sou\u010dasn\u00e1 situace, kdy lid\u00e9 nos\u00ed rou\u0161ky a nen\u00ed jim vid\u011bt na \u00fasta, s ohledem na komunikaci nijak nezasko\u010dila.<\/p>\n\n\n\n<p>&#8222;Sluch m\u011b opustil ve \u010dty\u0159iceti, to u\u017e se \u010dlov\u011bk nenau\u010d\u00ed po\u0159\u00e1dn\u011b ani odez\u00edrat. P\u0159izn\u00e1v\u00e1m, \u017ee jsem nav\u00edc od p\u0159\u00edrody lenoch, tak\u017ee se ani nesna\u017e\u00edm odez\u00edrat n\u011bco del\u0161\u00edho ne\u017e dv\u011b v\u011bty.&#8220; A jak tedy Ladislav Kratochv\u00edl komunikuje s okol\u00edm? V\u011bt\u0161inou na setk\u00e1n\u00edch automaticky vytahuje tablet a spou\u0161t\u00ed p\u0159evod \u0159e\u010di na text. Vyu\u017e\u00edv\u00e1 k tomu program eScribeDroid.<\/p>\n\n\n\n<p>&#8222;Kdy\u017e chce n\u011bkdo \u2013 nejen nesly\u0161\u00edc\u00ed, ale i nap\u0159\u00edklad vnu\u010dka, kter\u00e1 se chce domluvit s babi\u010dkou, kter\u00e1 h\u016f\u0159e sly\u0161\u00ed \u2013 m\u00edt tento program, kter\u00fd p\u0159ep\u00ed\u0161e v\u0161e, co je \u0159e\u010deno, sta\u010d\u00ed ho st\u00e1hnout zdarma na Google Play. Pro lidi se sluchov\u00fdm posti\u017een\u00edm je zadarmo. Jenom je pot\u0159eba registrace,&#8220; l\u00ed\u010d\u00ed Kratochv\u00edl. <br> <br>\u017dIV\u00dd P\u0158EPISOVATEL? HLAVN\u011a NA \u00da\u0158AD <br> <br>St\u00e1le \u010dast\u011bji v\u0161ak vyu\u017e\u00edv\u00e1 i p\u0159epis \u017eiv\u00fdm p\u0159episovatelem. &#8222;Ten se mi hod\u00ed tam, kde pot\u0159ebuji doslovn\u00fd p\u0159epis bez chyb \u2013 nap\u0159\u00edklad na \u00fa\u0159adu.&#8220;<\/p>\n\n\n\n<p>Ladislav je v mnoha ohledech v\u00fdjime\u010dn\u00fd. A specifick\u00fd. Zat\u00edmco nesly\u0161\u00edc\u00ed a nedosl\u00fdchav\u00ed nos\u00ed ve velk\u00e9 m\u00ed\u0159e pr\u016fhledn\u00e9 rou\u0161ky a ochrann\u00e9 \u0161t\u00edty, on ne.<\/p>\n\n\n\n<p>&#8222;S plastov\u00fdm \u0161t\u00edtem m\u00e1m pouze jednu zku\u0161enost. Pou\u017eila ho m\u00e1 logopedka. Neodez\u0159el jsem od n\u00ed ani &#8222;kafe&#8220;, jeliko\u017e se mi v\u0161e lesklo a po\u0159\u00e1dn\u011b jsem nevid\u011bl. Tak\u017ee j\u00e1 a nosit n\u011bco pr\u016fhledn\u00e9ho? Blbost! P\u0159i komunikaci s n\u011bk\u00fdm, kdo rovn\u011b\u017e nesly\u0161\u00ed, by mi to nijak nepomohlo, proto\u017ee m\u00e1m ochrnut\u00e9 l\u00edcn\u00ed nervy, tak\u017ee se ode m\u011b ned\u00e1 odez\u00edrat,&#8220; \u0159\u00edk\u00e1 Kratochv\u00edl.<\/p>\n\n\n\n<p>V &#8222;dob\u011b covidov\u00e9&#8220; si podle n\u011bj mohou sly\u0161\u00edc\u00ed na vlastn\u00ed k\u016f\u017ei vyzkou\u0161et, jak n\u00e1ro\u010dn\u00e9 je komunikovat, kdy\u017e m\u00e1te p\u0159ek\u00e1\u017eku \u2013 rou\u0161ku. &#8222;Doch\u00e1z\u00ed k mnoha omyl\u016fm a trapas\u016fm. Velmi nep\u0159\u00edjemn\u00e9 je, \u017ee nepozn\u00e1v\u00e1m p\u0159es rou\u0161ku lidi, neodpov\u00edm na jejich pozdrav. \u010clov\u011bk pak vypad\u00e1 jako blbec,&#8220; sm\u011bje se Ladislav. <br> <br>Orbi Pontes ve zkratce <\/p>\n\n\n\n<p>Neziskovka \u0161\u00ed\u0159\u00ed osv\u011btu v oblasti sluchov\u00e9ho posti\u017een\u00ed. Pravideln\u011b po\u0159\u00e1d\u00e1 festival T\u00fdden komunikace osob se sluchov\u00fdm posti\u017een\u00edm. Jej\u00edm mottem je: &#8222;Nen\u00ed ticho jako ticho.&#8220; Je \u010dlenem n\u011bkolika organizac\u00ed \u2013 mimo jin\u00e9 Asociace organizac\u00ed nesly\u0161\u00edc\u00edch, nedosl\u00fdchav\u00fdch a jejich p\u0159\u00e1tel (ASNEP) \u010di Asociace ve\u0159ejn\u011b prosp\u011b\u0161n\u00fdch organizac\u00ed (AVPO \u010cR). Ro\u010dn\u00ed rozpo\u010det \u010din\u00ed 50 tis\u00edc korun.<\/p>\n\n\n\n<p>VERONIKA C\u00c9ZOV\u00c1<\/p>\n\n\n\n<p>Pra\u017esk\u00fd den\u00edk<\/p>\n\n\n\n<p><a rel=\"noreferrer noopener\" aria-label=\" (otev\u0159e se na nov\u00e9 z\u00e1lo\u017ece)\" href=\"http:\/\/www.prazsky.denik.cz\/\" target=\"_blank\">http:\/\/www.prazsky.denik.cz\/<\/a><\/p>\n","protected":false},"excerpt":{"rendered":"<div class=\"mh-excerpt\"><p>Promi\u0148te, m\u016f\u017eete mi to zopakovat? Nerozum\u00edm v\u00e1m! Podobn\u00e9 v\u011bty v &#8222;dob\u011b covidov\u00e9&#8220; vyslovil a\u0165 u\u017e na \u00fa\u0159ad\u011b, v l\u00e9k\u00e1rn\u011b, na po\u0161t\u011b \u010di v obchod\u011b alespo\u0148 <a class=\"mh-excerpt-more\" href=\"https:\/\/www.invarena.cz\/?p=35695\" title=\"Ohluchnout ve \u010dty\u0159iceti? Nejhor\u0161\u00ed je ztr\u00e1ta kontaktu\">[&#8230;]<\/a><\/p>\n<\/div>","protected":false},"author":1,"featured_media":21147,"comment_status":"open","ping_status":"closed","sticky":false,"template":"","format":"standard","meta":{"footnotes":""},"categories":[9],"tags":[],"class_list":["post-35695","post","type-post","status-publish","format-standard","has-post-thumbnail","hentry","category-zpravy"],"_links":{"self":[{"href":"https:\/\/www.invarena.cz\/index.php?rest_route=\/wp\/v2\/posts\/35695","targetHints":{"allow":["GET"]}}],"collection":[{"href":"https:\/\/www.invarena.cz\/index.php?rest_route=\/wp\/v2\/posts"}],"about":[{"href":"https:\/\/www.invarena.cz\/index.php?rest_route=\/wp\/v2\/types\/post"}],"author":[{"embeddable":true,"href":"https:\/\/www.invarena.cz\/index.php?rest_route=\/wp\/v2\/users\/1"}],"replies":[{"embeddable":true,"href":"https:\/\/www.invarena.cz\/index.php?rest_route=%2Fwp%2Fv2%2Fcomments&post=35695"}],"version-history":[{"count":0,"href":"https:\/\/www.invarena.cz\/index.php?rest_route=\/wp\/v2\/posts\/35695\/revisions"}],"wp:featuredmedia":[{"embeddable":true,"href":"https:\/\/www.invarena.cz\/index.php?rest_route=\/wp\/v2\/media\/21147"}],"wp:attachment":[{"href":"https:\/\/www.invarena.cz\/index.php?rest_route=%2Fwp%2Fv2%2Fmedia&parent=35695"}],"wp:term":[{"taxonomy":"category","embeddable":true,"href":"https:\/\/www.invarena.cz\/index.php?rest_route=%2Fwp%2Fv2%2Fcategories&post=35695"},{"taxonomy":"post_tag","embeddable":true,"href":"https:\/\/www.invarena.cz\/index.php?rest_route=%2Fwp%2Fv2%2Ftags&post=35695"}],"curies":[{"name":"wp","href":"https:\/\/api.w.org\/{rel}","templated":true}]}}