{"id":35698,"date":"2021-01-21T16:55:52","date_gmt":"2021-01-21T15:55:52","guid":{"rendered":"http:\/\/www.invarena.cz\/?p=35698"},"modified":"2021-01-21T16:55:54","modified_gmt":"2021-01-21T15:55:54","slug":"pecuje-o-hendikepovaneho-syna-sama-je-v-invalidnim-duchodu-presto-pomaha-druhym","status":"publish","type":"post","link":"https:\/\/www.invarena.cz\/?p=35698","title":{"rendered":"Pe\u010duje o hendikepovan\u00e9ho syna, sama je v invalidn\u00edm d\u016fchodu. P\u0159esto pom\u00e1h\u00e1 druh\u00fdm"},"content":{"rendered":"\n<p>Jeden\u00e1ctilet\u00fd \u0160t\u011bp\u00e1nek se narodil s mnoha zdravotn\u00edmi komplikacemi, kter\u00e9 ho prov\u00e1zej\u00ed cel\u00fd \u017eivot. Nervov\u00e1 slabost mu velmi zt\u011b\u017euje ch\u016fzi, nav\u00edc trp\u00ed autismem a t\u011b\u017ekou ment\u00e1ln\u00ed retardac\u00ed. Komunikuje pomoc\u00ed obr\u00e1zk\u016f, pomoc pot\u0159ebuje i se z\u00e1kladn\u00edmi \u00fakony. N\u00e1ro\u010dnou situaci mamince Lence ze Slan\u00e9ho, kter\u00e1 je sama v invalidn\u00edm d\u016fchodu, nav\u00edc neuleh\u010duje n\u00e1kladnost rehabilitac\u00ed a terapi\u00ed, kter\u00e9 \u0160t\u011bp\u00e1nkovi pom\u00e1haj\u00ed. <br><br>Cel\u00fd \u010dl\u00e1nek naleznete na novinky.cz: <a href=\"https:\/\/www.novinky.cz\/zena\/deti\/clanek\/pecuje-o-hendikepovaneho-syna-sama-je-v-invalidnim-duchodu-presto-pomaha-druhym-40348227\" target=\"_blank\" rel=\"noreferrer noopener\" aria-label=\" (otev\u0159e se na nov\u00e9 z\u00e1lo\u017ece)\">https:\/\/www.novinky.cz\/zena\/deti\/clanek\/pecuje-o-hendikepovaneho-syna-sama-je-v-invalidnim-duchodu-presto-pomaha-druhym-40348227<\/a><\/p>\n","protected":false},"excerpt":{"rendered":"<div class=\"mh-excerpt\"><p>Jeden\u00e1ctilet\u00fd \u0160t\u011bp\u00e1nek se narodil s mnoha zdravotn\u00edmi komplikacemi, kter\u00e9 ho prov\u00e1zej\u00ed cel\u00fd \u017eivot. Nervov\u00e1 slabost mu velmi zt\u011b\u017euje ch\u016fzi, nav\u00edc trp\u00ed autismem a t\u011b\u017ekou ment\u00e1ln\u00ed <a class=\"mh-excerpt-more\" href=\"https:\/\/www.invarena.cz\/?p=35698\" title=\"Pe\u010duje o hendikepovan\u00e9ho syna, sama je v invalidn\u00edm d\u016fchodu. P\u0159esto pom\u00e1h\u00e1 druh\u00fdm\">[&#8230;]<\/a><\/p>\n<\/div>","protected":false},"author":1,"featured_media":0,"comment_status":"open","ping_status":"closed","sticky":false,"template":"","format":"standard","meta":{"footnotes":""},"categories":[9],"tags":[],"class_list":["post-35698","post","type-post","status-publish","format-standard","hentry","category-zpravy"],"_links":{"self":[{"href":"https:\/\/www.invarena.cz\/index.php?rest_route=\/wp\/v2\/posts\/35698","targetHints":{"allow":["GET"]}}],"collection":[{"href":"https:\/\/www.invarena.cz\/index.php?rest_route=\/wp\/v2\/posts"}],"about":[{"href":"https:\/\/www.invarena.cz\/index.php?rest_route=\/wp\/v2\/types\/post"}],"author":[{"embeddable":true,"href":"https:\/\/www.invarena.cz\/index.php?rest_route=\/wp\/v2\/users\/1"}],"replies":[{"embeddable":true,"href":"https:\/\/www.invarena.cz\/index.php?rest_route=%2Fwp%2Fv2%2Fcomments&post=35698"}],"version-history":[{"count":0,"href":"https:\/\/www.invarena.cz\/index.php?rest_route=\/wp\/v2\/posts\/35698\/revisions"}],"wp:attachment":[{"href":"https:\/\/www.invarena.cz\/index.php?rest_route=%2Fwp%2Fv2%2Fmedia&parent=35698"}],"wp:term":[{"taxonomy":"category","embeddable":true,"href":"https:\/\/www.invarena.cz\/index.php?rest_route=%2Fwp%2Fv2%2Fcategories&post=35698"},{"taxonomy":"post_tag","embeddable":true,"href":"https:\/\/www.invarena.cz\/index.php?rest_route=%2Fwp%2Fv2%2Ftags&post=35698"}],"curies":[{"name":"wp","href":"https:\/\/api.w.org\/{rel}","templated":true}]}}