{"id":35704,"date":"2021-01-22T10:43:37","date_gmt":"2021-01-22T09:43:37","guid":{"rendered":"http:\/\/www.invarena.cz\/?p=35704"},"modified":"2021-01-22T10:43:38","modified_gmt":"2021-01-22T09:43:38","slug":"postizenym-hrozi-kvuli-sporu-s-ministerstvem-vyhazov-neni-na-jejich-platy","status":"publish","type":"post","link":"https:\/\/www.invarena.cz\/?p=35704","title":{"rendered":"Posti\u017een\u00fdm hroz\u00ed kv\u016fli sporu s ministerstvem vyhazov, nen\u00ed na jejich platy"},"content":{"rendered":"\n<p>Lidem s du\u0161evn\u00edm nebo fyzick\u00fdm handicapem, kter\u00e9 v Brn\u011b zam\u011bstn\u00e1v\u00e1 obecn\u011b prosp\u011b\u0161n\u00e1 spole\u010dnost Amerfo, hroz\u00ed, \u017ee p\u0159ijdou o pr\u00e1ci. Za kritickou situaci m\u016f\u017ee nejen covid, ale i spor s ministerstvem pr\u00e1ce a soci\u00e1ln\u00edch v\u011bc\u00ed, kter\u00e9 organizaci zam\u00edtlo ka\u017edoro\u010dn\u00ed p\u0159\u00edsp\u011bvek na platy. <\/p>\n\n\n\n<p>Cel\u00fd \u010dl\u00e1nek naleznete na idnes.cz: <a href=\"https:\/\/www.idnes.cz\/brno\/zpravy\/amerfo-postizeni-pracovnici-vyplaty-spor-ministerstvo-prace.A210120_590368_brno-zpravy_krut\" target=\"_blank\" rel=\"noreferrer noopener\" aria-label=\" (otev\u0159e se na nov\u00e9 z\u00e1lo\u017ece)\">https:\/\/www.idnes.cz\/brno\/zpravy\/amerfo-postizeni-pracovnici-vyplaty-spor-ministerstvo-prace.A210120_590368_brno-zpravy_krut<\/a><\/p>\n","protected":false},"excerpt":{"rendered":"<div class=\"mh-excerpt\"><p>Lidem s du\u0161evn\u00edm nebo fyzick\u00fdm handicapem, kter\u00e9 v Brn\u011b zam\u011bstn\u00e1v\u00e1 obecn\u011b prosp\u011b\u0161n\u00e1 spole\u010dnost Amerfo, hroz\u00ed, \u017ee p\u0159ijdou o pr\u00e1ci. Za kritickou situaci m\u016f\u017ee nejen covid, <a class=\"mh-excerpt-more\" href=\"https:\/\/www.invarena.cz\/?p=35704\" title=\"Posti\u017een\u00fdm hroz\u00ed kv\u016fli sporu s ministerstvem vyhazov, nen\u00ed na jejich platy\">[&#8230;]<\/a><\/p>\n<\/div>","protected":false},"author":1,"featured_media":17403,"comment_status":"open","ping_status":"closed","sticky":false,"template":"","format":"standard","meta":{"footnotes":""},"categories":[9],"tags":[],"class_list":["post-35704","post","type-post","status-publish","format-standard","has-post-thumbnail","hentry","category-zpravy"],"_links":{"self":[{"href":"https:\/\/www.invarena.cz\/index.php?rest_route=\/wp\/v2\/posts\/35704","targetHints":{"allow":["GET"]}}],"collection":[{"href":"https:\/\/www.invarena.cz\/index.php?rest_route=\/wp\/v2\/posts"}],"about":[{"href":"https:\/\/www.invarena.cz\/index.php?rest_route=\/wp\/v2\/types\/post"}],"author":[{"embeddable":true,"href":"https:\/\/www.invarena.cz\/index.php?rest_route=\/wp\/v2\/users\/1"}],"replies":[{"embeddable":true,"href":"https:\/\/www.invarena.cz\/index.php?rest_route=%2Fwp%2Fv2%2Fcomments&post=35704"}],"version-history":[{"count":0,"href":"https:\/\/www.invarena.cz\/index.php?rest_route=\/wp\/v2\/posts\/35704\/revisions"}],"wp:featuredmedia":[{"embeddable":true,"href":"https:\/\/www.invarena.cz\/index.php?rest_route=\/wp\/v2\/media\/17403"}],"wp:attachment":[{"href":"https:\/\/www.invarena.cz\/index.php?rest_route=%2Fwp%2Fv2%2Fmedia&parent=35704"}],"wp:term":[{"taxonomy":"category","embeddable":true,"href":"https:\/\/www.invarena.cz\/index.php?rest_route=%2Fwp%2Fv2%2Fcategories&post=35704"},{"taxonomy":"post_tag","embeddable":true,"href":"https:\/\/www.invarena.cz\/index.php?rest_route=%2Fwp%2Fv2%2Ftags&post=35704"}],"curies":[{"name":"wp","href":"https:\/\/api.w.org\/{rel}","templated":true}]}}