{"id":35716,"date":"2021-01-25T11:49:43","date_gmt":"2021-01-25T10:49:43","guid":{"rendered":"http:\/\/www.invarena.cz\/?p=35716"},"modified":"2021-01-25T11:49:44","modified_gmt":"2021-01-25T10:49:44","slug":"deti-z-hustopecske-prakticke-a-zakladni-skoly-zvladaji-i-vyuku-v-case-korony","status":"publish","type":"post","link":"https:\/\/www.invarena.cz\/?p=35716","title":{"rendered":"D\u011bti z hustope\u010dsk\u00e9 praktick\u00e9 a z\u00e1kl\u00e1dn\u00ed \u0161koly zvl\u00e1daj\u00ed i v\u00fduku v \u010dase korony"},"content":{"rendered":"\n<p>Budova z\u00e1kladn\u00ed \u0161koly a praktick\u00e9 \u0161koly v Hustope\u010d\u00edch d\u011btem slou\u017e\u00ed ji\u017e od roku 1978. V lednu 2021 jsme se p\u0159i\u0161li poptat, jak zvl\u00e1d\u00e1 v\u00fduku v dob\u011b koronaviru jejich t\u00e9m\u011b\u0159 \u0161edes\u00e1tka \u017e\u00e1k\u016f. <br><br>V hustope\u010dsk\u00e9 z\u00e1kladn\u00ed \u0161kole a praktick\u00e9 \u0161kole ji\u017e desetilet\u00ed z\u00edsk\u00e1vaj\u00ed vzd\u011bl\u00e1v\u00e1n\u00ed d\u011bti jak s t\u011blesn\u00fdm, tak ment\u00e1ln\u00edm posti\u017een\u00edm. D\u011bti nav\u0161t\u011bvuj\u00ed 1. a\u017e 9. t\u0159\u00eddu z\u00e1kladn\u00ed \u0161koly, pokra\u010dovat pak mohou ve st\u0159edn\u00edm vzd\u011bl\u00e1v\u00e1n\u00ed na praktick\u00e9 \u0161kole, kde rozv\u00edj\u00ed svou samostatnost a sebeobsluhu. Jak zvl\u00e1d\u00e1 \u0161kola v\u00fduku v dob\u011b koronavirov\u00e9? <\/p>\n\n\n\n<p>&#8222;Celkov\u011b mus\u00edm \u0159\u00edct, \u017ee jsme to zvl\u00e1dli a zvl\u00e1d\u00e1me velmi dob\u0159e \u2013 moment\u00e1ln\u011b fungujeme norm\u00e1ln\u011b. Co se t\u00fdk\u00e1 prvn\u00ed vlny koronaviru na ja\u0159e 2020, tak byl rozjezd tro\u0161ku slo\u017eit\u011bj\u0161\u00ed. V dob\u011b, kdy n\u00e1m zav\u0159eli \u0161kolu, jsme se sna\u017eili najet na distan\u010dn\u00ed v\u00fduku. Jeliko\u017e m\u00e1me \u017e\u00e1ky \u0161irok\u00e9ho spektra posti\u017een\u00ed od lehk\u00e9ho po to t\u011b\u017ek\u00e9, tak to fungovalo v z\u00e1vislosti na m\u00ed\u0159e jejich posti\u017een\u00ed. U \u017e\u00e1ku s lehk\u00fdm posti\u017een\u00edm prob\u00edhala v\u00fduka distan\u010dn\u011b, d\u011bti se to nau\u010dili, u\u010ditel\u00e9 je vedli. Mus\u00edm \u0159\u00edct, \u017ee to fungovalo dob\u0159e. U \u017e\u00e1k\u016f se st\u0159edn\u011b t\u011b\u017ek\u00fdm a t\u011b\u017ek\u00fdm posti\u017een\u00edm je to t\u011b\u017e\u0161\u00ed, tam se to odv\u00edjelo od pomoci rodi\u010d\u016f a z\u00e1zem\u00ed v rodin\u00e1ch,&#8220; popisuje pan\u00ed \u0159editelka Blanka Vet\u00fd\u0161kov\u00e1.<\/p>\n\n\n\n<p>V podzimn\u00ed, druh\u00e9 vln\u011b byla \u0161kola zav\u0159ena necel\u00e9 dva t\u00fddny, moment\u00e1ln\u011b se tak d\u011bti u\u010d\u00ed se sv\u00fdmi spolu\u017e\u00e1ky ve t\u0159\u00edd\u00e1ch. Organizace d\u00e1lkov\u00e9 v\u00fduky se odv\u00edjela od stupn\u011b posti\u017een\u00ed a jin\u00fdch mo\u017enost\u00ed \u017e\u00e1k\u016f a jejich rodin, v\u0161ichni tak uv\u00edtali, \u017ee trvala velmi kr\u00e1tce. Nejv\u011bt\u0161\u00edm kamenem \u00farazu na distan\u010dn\u00ed v\u00fduce byla podle pan\u00ed \u0159editelky technika. &#8222;St\u00e1valo se \u010dasto, \u017ee vypad\u00e1val internet. Mus\u00edm \u0159\u00edct, \u017ee se rodi\u010de sna\u017eili. Pokud d\u011bti nem\u011bly doma tablety nebo p\u0159\u00edstup k po\u010d\u00edta\u010di, tak jsme jim za\u0159\u00edzen\u00ed p\u016fj\u010dovali,&#8220; \u0159\u00edk\u00e1 \u0159editelka. D\u011btem p\u0159ejeme, aby v\u00fduka prob\u00edhala ji\u017e jen v jejich kr\u00e1sn\u00e9 \u0161kole a pedagog\u016fm do nov\u00e9ho roku vin\u0161ujeme mnoho zdaru.<\/p>\n\n\n\n<p>B\u0159eclavsk\u00fd den\u00edk<\/p>\n\n\n\n<p><a rel=\"noreferrer noopener\" aria-label=\" (otev\u0159e se na nov\u00e9 z\u00e1lo\u017ece)\" href=\"https:\/\/breclavsky.denik.cz\/\" target=\"_blank\">https:\/\/breclavsky.denik.cz\/<\/a><\/p>\n","protected":false},"excerpt":{"rendered":"<div class=\"mh-excerpt\"><p>Budova z\u00e1kladn\u00ed \u0161koly a praktick\u00e9 \u0161koly v Hustope\u010d\u00edch d\u011btem slou\u017e\u00ed ji\u017e od roku 1978. V lednu 2021 jsme se p\u0159i\u0161li poptat, jak zvl\u00e1d\u00e1 v\u00fduku v <a class=\"mh-excerpt-more\" href=\"https:\/\/www.invarena.cz\/?p=35716\" title=\"D\u011bti z hustope\u010dsk\u00e9 praktick\u00e9 a z\u00e1kl\u00e1dn\u00ed \u0161koly zvl\u00e1daj\u00ed i v\u00fduku v \u010dase korony\">[&#8230;]<\/a><\/p>\n<\/div>","protected":false},"author":1,"featured_media":1827,"comment_status":"open","ping_status":"closed","sticky":false,"template":"","format":"standard","meta":{"footnotes":""},"categories":[9],"tags":[],"class_list":["post-35716","post","type-post","status-publish","format-standard","has-post-thumbnail","hentry","category-zpravy"],"_links":{"self":[{"href":"https:\/\/www.invarena.cz\/index.php?rest_route=\/wp\/v2\/posts\/35716","targetHints":{"allow":["GET"]}}],"collection":[{"href":"https:\/\/www.invarena.cz\/index.php?rest_route=\/wp\/v2\/posts"}],"about":[{"href":"https:\/\/www.invarena.cz\/index.php?rest_route=\/wp\/v2\/types\/post"}],"author":[{"embeddable":true,"href":"https:\/\/www.invarena.cz\/index.php?rest_route=\/wp\/v2\/users\/1"}],"replies":[{"embeddable":true,"href":"https:\/\/www.invarena.cz\/index.php?rest_route=%2Fwp%2Fv2%2Fcomments&post=35716"}],"version-history":[{"count":0,"href":"https:\/\/www.invarena.cz\/index.php?rest_route=\/wp\/v2\/posts\/35716\/revisions"}],"wp:featuredmedia":[{"embeddable":true,"href":"https:\/\/www.invarena.cz\/index.php?rest_route=\/wp\/v2\/media\/1827"}],"wp:attachment":[{"href":"https:\/\/www.invarena.cz\/index.php?rest_route=%2Fwp%2Fv2%2Fmedia&parent=35716"}],"wp:term":[{"taxonomy":"category","embeddable":true,"href":"https:\/\/www.invarena.cz\/index.php?rest_route=%2Fwp%2Fv2%2Fcategories&post=35716"},{"taxonomy":"post_tag","embeddable":true,"href":"https:\/\/www.invarena.cz\/index.php?rest_route=%2Fwp%2Fv2%2Ftags&post=35716"}],"curies":[{"name":"wp","href":"https:\/\/api.w.org\/{rel}","templated":true}]}}