{"id":35724,"date":"2021-01-26T13:43:17","date_gmt":"2021-01-26T12:43:17","guid":{"rendered":"http:\/\/www.invarena.cz\/?p=35724"},"modified":"2021-01-26T13:43:18","modified_gmt":"2021-01-26T12:43:18","slug":"chranena-dilna-ze-stareho-mesta-dodava-vyrobky-do-celeho-sveta-diky-lanexu","status":"publish","type":"post","link":"https:\/\/www.invarena.cz\/?p=35724","title":{"rendered":"Chr\u00e1n\u011bn\u00e1 d\u00edlna ze Star\u00e9ho M\u011bsta dod\u00e1v\u00e1 v\u00fdrobky do cel\u00e9ho sv\u011bta. D\u00edky Lanexu"},"content":{"rendered":"\n<p><em>ilustra\u010dn\u00ed foto<\/em><\/p>\n\n\n\n<p>Dal\u0161\u00ed dva kilometry zbytk\u016f r\u016fzn\u00fdch typ\u016f horolezeck\u00fdch lan Tendon p\u0159edala spole\u010dnost Lanex z Bolatic v lednu Chr\u00e1n\u011bn\u00e9 d\u00edln\u011b Zaffra ze Star\u00e9ho M\u011bsta u Fr\u00fddku-M\u00edstku. Ta z nich vyr\u00e1b\u00ed drobn\u00e9, origin\u00e1ln\u00ed dopl\u0148ky ur\u010den\u00e9 hlavn\u011b pro horolezce. Letos se jednalo o prvn\u00ed dod\u00e1vku, spolupr\u00e1ce ale trv\u00e1 u\u017e druh\u00fdm rokem, celkem p\u0159evzala Zaffra ji\u017e 5 kilometr\u016f lan. <br> <br>&#8222;P\u0159ed necel\u00fdmi dv\u011bma lety se na n\u00e1s obr\u00e1tila p\u0159\u00edmo spole\u010dnost Lanex s nab\u00eddkou, zda bychom necht\u011bli n\u011bjak smyslupln\u011b vyu\u017e\u00edt zbytky lan z v\u00fdroby, kter\u00e9 by jinak skon\u010dily v odpadu. N\u00e1pad se n\u00e1m moc l\u00edbil, proto\u017ee jsme naklon\u011bni nov\u00fdm v\u00fdzv\u00e1m a tahle n\u00e1s chytila p\u0159\u00edmo za srdce. Oslovily n\u00e1s hrav\u00e9 barvy lan a tak\u00e9 ekologick\u00fd aspekt takov\u00e9 spolupr\u00e1ce. S nad\u0161en\u00edm jsme za\u010dali vym\u00fd\u0161let, jak vdechnout zbytk\u016fm lan nov\u00fd \u017eivot, a mysl\u00edm, \u017ee se projekt osv\u011bd\u010duje ob\u011bma stran\u00e1m,&#8220; \u0159ekla spoluzakladatelka a vedouc\u00ed chr\u00e1n\u011bn\u00e9 d\u00edlny Jana Fajnorov\u00e1.<\/p>\n\n\n\n<p>Zaffra pracuje s osobami se zm\u011bn\u011bnou pracovn\u00edch schopnost\u00ed od roku 2015, status chr\u00e1n\u011bn\u00e9 d\u00edlny z\u00edskala o dva roky pozd\u011bji. V sou\u010dasnosti sdru\u017euje \u0161ic\u00ed d\u00edlnu, laserov\u00e9 a grav\u00edrovac\u00ed centrum a d\u00edlnu pro v\u00fdrobu reklamn\u00edch p\u0159edm\u011bt\u016f. P\u0159i p\u0159ij\u00edm\u00e1n\u00ed nov\u00fdch zam\u011bstnanc\u016f se nezab\u00fdv\u00e1 jejich p\u0159\u00edpadn\u00fdm zdravotn\u00edm omezen\u00edm, ale pouze chut\u00ed za\u010dlenit se do pracovn\u00edho procesu a schopnost\u00ed vykon\u00e1vat n\u011bjak\u00fd druh pracovn\u00ed \u010dinnosti. Moment\u00e1ln\u011b zam\u011bstn\u00e1v\u00e1 \u0161est lid\u00ed se zdravotn\u00edm posti\u017een\u00edm, a to p\u0159edev\u0161\u00edm s t\u011blesn\u00fdm a sluchov\u00fdm. M\u00edra posti\u017een\u00ed je od osob se zdravotn\u00edm znev\u00fdhodn\u011bn\u00edm a\u017e po nejt\u011b\u017e\u0161\u00ed stupe\u0148 invalidity. <br> <br>&#8222;V\u00fdrobek ze zbytk\u016f horolezeck\u00fdch lan je pro nezasv\u011bcen\u00e9 ur\u010dit\u011b zaj\u00edmav\u00fdm designov\u00fdm kouskem, ale pro mnoh\u00e9 horolezeck\u00e9 nad\u0161ence m\u00e1 mnohem v\u011bt\u0161\u00ed p\u0159esah. Je pro n\u011b symbolem jejich \u017eivotn\u00ed filozofie a volnosti, z\u00e1vanem \u010derstv\u00e9ho vzduchu a p\u0159\u00edrody. Na\u0161e spolupr\u00e1ce se Zaffrou tak v drobn\u00e9m dopl\u0148ku p\u0159in\u00e1\u0161\u00ed horolezc\u016fm, kte\u0159\u00ed pou\u017e\u00edvaj\u00ed lana Tendon, velkou p\u0159idanou hodnotu. Nejen\u017ee maj\u00ed po\u0159\u00e1d po ruce milou p\u0159ipom\u00ednku sv\u00e9ho \u017eivotn\u00edho stylu, i kdy\u017e zrovna nejsou na sk\u00e1le, ale nav\u00edc jej\u00edm n\u00e1kupem pomohou n\u011bkomu s hendikepem t\u0159eba p\u0159es celou zem\u011bkouli,&#8220; \u0159ekl v\u00fdkonn\u00fd \u0159editel spole\u010dnosti Lanex Martin V\u00e1clavek.<\/p>\n\n\n\n<p>Spole\u010dnost Lanex, kter\u00e1 pat\u0159\u00ed mezi nejv\u011bt\u0161\u00ed sv\u011btov\u00e9 v\u00fdrobce horolezeck\u00fdch lan, za\u010dala Zaff\u0159e dod\u00e1vat zbytky lan Tendon na ja\u0159e roku 2019. Zaffra z nich podle n\u00e1vrh\u016f Lanexu vyr\u00e1b\u00ed origin\u00e1ln\u00ed dopl\u0148ky jako kl\u00ed\u010denky, p\u0159\u00edv\u011bsky na kl\u00ed\u010de, n\u00e1ramky nebo opasky. Do budoucna budou p\u0159ib\u00fdvat i dal\u0161\u00ed produkty, moment\u00e1ln\u011b je nap\u0159\u00edklad ve v\u00fdvoji pytl\u00edk na magnezium pro horolezce. Kulat\u00fd oplet lan v Zaff\u0159e nejprve mechanicky se\u017eehl\u00ed na p\u00e1sek a teprve pot\u00e9 ho zapracov\u00e1vaj\u00ed do v\u00fdrobk\u016f. <br> <br>&#8222;Proto\u017ee na\u0161e produkty dod\u00e1v\u00e1me do devades\u00e1ti zem\u00ed, putuj\u00ed dopl\u0148ky ze Zaffry v podstat\u011b do cel\u00e9ho sv\u011bta, dost\u00e1vaj\u00ed se k na\u0161im distributor\u016fm horolezeck\u00e9ho vybaven\u00ed, horolezc\u016fm i horolezeck\u00fdm nad\u0161enc\u016fm. Distribuujeme je rovn\u011b\u017e prost\u0159ednictv\u00edm na\u0161eho eshopu,&#8220; vysv\u011btlila Monika Godick\u00e1, market\u00e9rka z Lanexu.<\/p>\n\n\n\n<p>V\u00fdroby ze Zaffry se za\u010daly prod\u00e1vat loni a z\u00e1jem o n\u011b pomalu roste. V roce 2020 se do sv\u011bta poslalo p\u0159es tis\u00edc kus\u016f, letos u\u017e do Lanexu dorazily dal\u0161\u00ed objedn\u00e1vky. V\u011bt\u0161\u00ed popt\u00e1vka po nich je zat\u00edm ze zahrani\u010d\u00ed, v \u010cesk\u00e9 republice se prosazuj\u00ed pomaleji.<\/p>\n\n\n\n<p>&#8222;Pro jedince s ur\u010dit\u00fdm druhem posti\u017een\u00ed nen\u00ed pr\u00e1ce jen p\u0159irozenou pot\u0159ebou, ale v\u00edtan\u00fdm prost\u0159edkem, kter\u00fd pom\u016f\u017ee zvednout jeho soci\u00e1ln\u00ed sebev\u011bdom\u00ed a pocit lidsk\u00e9 plnohodnotnosti. To je hlavn\u00edm hnac\u00edm motorem na\u0161\u00ed spolupr\u00e1ce s pohodovou partou horolezc\u016f. D\u00edky tomu m\u00e1me v Zaff\u0159e pocit, \u017ee to, co d\u011bl\u00e1me, d\u00e1v\u00e1 smysl. Lid\u00e9 z Lanexu n\u00e1m dali mo\u017enost uk\u00e1zat, \u017ee zdravotn\u00ed omezen\u00ed nen\u00ed nep\u0159ekonatelnou p\u0159ek\u00e1\u017ekou pro opravdu dob\u0159e odvedenou pr\u00e1ci, pokud ji \u010dlov\u011bk vykon\u00e1v\u00e1 s radost\u00ed,&#8220; dodala Jana Fajnorov\u00e1.<\/p>\n\n\n\n<p>Opavsk\u00fd den\u00edk<\/p>\n\n\n\n<p><a rel=\"noreferrer noopener\" aria-label=\" (otev\u0159e se na nov\u00e9 z\u00e1lo\u017ece)\" href=\"https:\/\/opavsky.denik.cz\/\" target=\"_blank\">https:\/\/opavsky.denik.cz\/<\/a><\/p>\n","protected":false},"excerpt":{"rendered":"<div class=\"mh-excerpt\"><p>ilustra\u010dn\u00ed foto Dal\u0161\u00ed dva kilometry zbytk\u016f r\u016fzn\u00fdch typ\u016f horolezeck\u00fdch lan Tendon p\u0159edala spole\u010dnost Lanex z Bolatic v lednu Chr\u00e1n\u011bn\u00e9 d\u00edln\u011b Zaffra ze Star\u00e9ho M\u011bsta u <a class=\"mh-excerpt-more\" href=\"https:\/\/www.invarena.cz\/?p=35724\" title=\"Chr\u00e1n\u011bn\u00e1 d\u00edlna ze Star\u00e9ho M\u011bsta dod\u00e1v\u00e1 v\u00fdrobky do cel\u00e9ho sv\u011bta. D\u00edky Lanexu\">[&#8230;]<\/a><\/p>\n<\/div>","protected":false},"author":1,"featured_media":1171,"comment_status":"open","ping_status":"closed","sticky":false,"template":"","format":"standard","meta":{"footnotes":""},"categories":[9],"tags":[],"class_list":["post-35724","post","type-post","status-publish","format-standard","has-post-thumbnail","hentry","category-zpravy"],"_links":{"self":[{"href":"https:\/\/www.invarena.cz\/index.php?rest_route=\/wp\/v2\/posts\/35724","targetHints":{"allow":["GET"]}}],"collection":[{"href":"https:\/\/www.invarena.cz\/index.php?rest_route=\/wp\/v2\/posts"}],"about":[{"href":"https:\/\/www.invarena.cz\/index.php?rest_route=\/wp\/v2\/types\/post"}],"author":[{"embeddable":true,"href":"https:\/\/www.invarena.cz\/index.php?rest_route=\/wp\/v2\/users\/1"}],"replies":[{"embeddable":true,"href":"https:\/\/www.invarena.cz\/index.php?rest_route=%2Fwp%2Fv2%2Fcomments&post=35724"}],"version-history":[{"count":0,"href":"https:\/\/www.invarena.cz\/index.php?rest_route=\/wp\/v2\/posts\/35724\/revisions"}],"wp:featuredmedia":[{"embeddable":true,"href":"https:\/\/www.invarena.cz\/index.php?rest_route=\/wp\/v2\/media\/1171"}],"wp:attachment":[{"href":"https:\/\/www.invarena.cz\/index.php?rest_route=%2Fwp%2Fv2%2Fmedia&parent=35724"}],"wp:term":[{"taxonomy":"category","embeddable":true,"href":"https:\/\/www.invarena.cz\/index.php?rest_route=%2Fwp%2Fv2%2Fcategories&post=35724"},{"taxonomy":"post_tag","embeddable":true,"href":"https:\/\/www.invarena.cz\/index.php?rest_route=%2Fwp%2Fv2%2Ftags&post=35724"}],"curies":[{"name":"wp","href":"https:\/\/api.w.org\/{rel}","templated":true}]}}