{"id":35728,"date":"2021-01-26T13:48:28","date_gmt":"2021-01-26T12:48:28","guid":{"rendered":"http:\/\/www.invarena.cz\/?p=35728"},"modified":"2021-01-26T13:48:29","modified_gmt":"2021-01-26T12:48:29","slug":"novy-socialni-automobil-brazdi-ulicemi-przna-a-frydku-mistku","status":"publish","type":"post","link":"https:\/\/www.invarena.cz\/?p=35728","title":{"rendered":"Nov\u00fd soci\u00e1ln\u00ed automobil br\u00e1zd\u00ed ulicemi Pr\u017ena a Fr\u00fddku-M\u00edstku"},"content":{"rendered":"\n<p>Pom\u00e1hat pot\u0159ebn\u00fdm m\u00e1 smysl! Zakoupen\u00edm reklamy na &#8222;socialn\u00edm automobilu&#8220; podpo\u0159\u00edte fungov\u00e1n\u00ed vybran\u00fdch neziskov\u00fdch organizac\u00ed, kter\u00e9 se staraj\u00ed o zdravotn\u011b \u010di ment\u00e1ln\u011b posti\u017een\u00e9 d\u011bti, ml\u00e1de\u017e nebo dosp\u011bl\u00e9 se siln\u00fdm zdravotn\u00edm hendikepem. <br> <br>&#8222;M\u00edstn\u00ed firmy podporuj\u00ed neziskovou organizaci N\u00e1\u0161 Sv\u011bt p.o. ve Fr\u00fddku-M\u00edstku a Pr\u017en\u011b pomoc\u00ed reklamy v projektu &#8222;soci\u00e1ln\u00ed automobil&#8220;, kter\u00fd se zam\u011b\u0159uje na podporu fungov\u00e1n\u00ed neziskov\u00fdch organizac\u00ed staraj\u00edc\u00ed se o d\u011bti, ml\u00e1de\u017e a dosp\u011bl\u00e9 s ment\u00e1ln\u00edm \u010di jin\u00fdm zdravotn\u00edm hendikepem. N\u00e1\u0161 sv\u011bt, p. o. poskytuje chr\u00e1n\u011bn\u00e9 bydlen\u00ed pro osoby s ment\u00e1ln\u00edm nebo jin\u00fdm zdravotn\u00edm posti\u017een\u00edm, kter\u00e9 pot\u0159ebuj\u00ed p\u0159im\u011b\u0159enou podporu jin\u00e9 osoby za \u00fa\u010delem soci\u00e1ln\u00edho za\u010dle\u0148ov\u00e1n\u00ed a cht\u011bj\u00ed \u017e\u00edt zp\u016fsobem \u017eivota, kter\u00fd je obvykl\u00fd pro jejich vrstevn\u00edky. Podpora spo\u010d\u00edv\u00e1 v p\u0159\u00edprav\u011b na samostatn\u00e9 bydlen\u00ed, v upev\u0148ov\u00e1n\u00ed a rozvoji samostatnosti, v respektov\u00e1n\u00ed individu\u00e1ln\u00edch pot\u0159eb a zachov\u00e1n\u00ed lidsk\u00fdch pr\u00e1v a d\u016fstojnosti.<\/p>\n\n\n\n<p>D\u00e1le poskytuj\u00ed slu\u017eby soci\u00e1ln\u011b terapeutick\u00e9 d\u00edlny pro n\u00e1cvik \u010dinnost\u00ed jako je pomoc p\u0159i zaji\u0161t\u011bn\u00ed stravy, n\u00e1cvik dovednost\u00ed pro zvl\u00e1d\u00e1n\u00ed p\u00e9\u010de o vlastn\u00ed osobu, podpora vytv\u00e1\u0159en\u00ed a zdokonalov\u00e1n\u00ed z\u00e1kladn\u00edch pracovn\u00edch n\u00e1vyk\u016f a dovednost\u00ed. Soci\u00e1ln\u00ed automobil bude slou\u017eit p\u0159edev\u0161\u00edm pro p\u0159evozy klient\u016f s ment\u00e1ln\u00edm a kombinovan\u00fdm posti\u017een\u00edm a d\u00e1le pro dojezdy na pobo\u010dku ve Fr\u00fddku-M\u00edstku a na samostatn\u00e9 byty v r\u00e1mci poskytovan\u00e9 slu\u017eby Chr\u00e1n\u011bn\u00e9 bydlen\u00ed, kam pracovn\u00edci za klienty doj\u00ed\u017ed\u00ed. Organizace m\u00e1 celkem \u010dty\u0159i slu\u017eby v Pr\u017en\u011b a \u010d\u00e1st slu\u017eeb tak\u00e9 na pobo\u010dce ve Fr\u00fddku-M\u00edstku. Podpo\u0159te tuto v\u00fdzvu a sta\u0148te se tak\u00e9 spole\u010densky odpov\u011bdnou firmou. V\u00edce informac\u00ed na www.socialni-automobil.cz.<\/p>\n\n\n\n<p>Roman Baracskai<\/p>\n\n\n\n<p>Fr\u00fddecko-m\u00edstecky a T\u0159ineck\u00fd den\u00edk<\/p>\n\n\n\n<p><a rel=\"noreferrer noopener\" aria-label=\" (otev\u0159e se na nov\u00e9 z\u00e1lo\u017ece)\" href=\"https:\/\/fm.denik.cz\/\" target=\"_blank\">https:\/\/fm.denik.cz\/<\/a><\/p>\n","protected":false},"excerpt":{"rendered":"<div class=\"mh-excerpt\"><p>Pom\u00e1hat pot\u0159ebn\u00fdm m\u00e1 smysl! Zakoupen\u00edm reklamy na &#8222;socialn\u00edm automobilu&#8220; podpo\u0159\u00edte fungov\u00e1n\u00ed vybran\u00fdch neziskov\u00fdch organizac\u00ed, kter\u00e9 se staraj\u00ed o zdravotn\u011b \u010di ment\u00e1ln\u011b posti\u017een\u00e9 d\u011bti, ml\u00e1de\u017e nebo <a class=\"mh-excerpt-more\" href=\"https:\/\/www.invarena.cz\/?p=35728\" title=\"Nov\u00fd soci\u00e1ln\u00ed automobil br\u00e1zd\u00ed ulicemi Pr\u017ena a Fr\u00fddku-M\u00edstku\">[&#8230;]<\/a><\/p>\n<\/div>","protected":false},"author":1,"featured_media":12229,"comment_status":"open","ping_status":"closed","sticky":false,"template":"","format":"standard","meta":{"footnotes":""},"categories":[9],"tags":[],"class_list":["post-35728","post","type-post","status-publish","format-standard","has-post-thumbnail","hentry","category-zpravy"],"_links":{"self":[{"href":"https:\/\/www.invarena.cz\/index.php?rest_route=\/wp\/v2\/posts\/35728","targetHints":{"allow":["GET"]}}],"collection":[{"href":"https:\/\/www.invarena.cz\/index.php?rest_route=\/wp\/v2\/posts"}],"about":[{"href":"https:\/\/www.invarena.cz\/index.php?rest_route=\/wp\/v2\/types\/post"}],"author":[{"embeddable":true,"href":"https:\/\/www.invarena.cz\/index.php?rest_route=\/wp\/v2\/users\/1"}],"replies":[{"embeddable":true,"href":"https:\/\/www.invarena.cz\/index.php?rest_route=%2Fwp%2Fv2%2Fcomments&post=35728"}],"version-history":[{"count":0,"href":"https:\/\/www.invarena.cz\/index.php?rest_route=\/wp\/v2\/posts\/35728\/revisions"}],"wp:featuredmedia":[{"embeddable":true,"href":"https:\/\/www.invarena.cz\/index.php?rest_route=\/wp\/v2\/media\/12229"}],"wp:attachment":[{"href":"https:\/\/www.invarena.cz\/index.php?rest_route=%2Fwp%2Fv2%2Fmedia&parent=35728"}],"wp:term":[{"taxonomy":"category","embeddable":true,"href":"https:\/\/www.invarena.cz\/index.php?rest_route=%2Fwp%2Fv2%2Fcategories&post=35728"},{"taxonomy":"post_tag","embeddable":true,"href":"https:\/\/www.invarena.cz\/index.php?rest_route=%2Fwp%2Fv2%2Ftags&post=35728"}],"curies":[{"name":"wp","href":"https:\/\/api.w.org\/{rel}","templated":true}]}}