{"id":3573,"date":"2013-04-09T09:41:17","date_gmt":"2013-04-09T07:41:17","guid":{"rendered":"http:\/\/www.invarena.cz\/?p=3573"},"modified":"2014-10-20T20:14:18","modified_gmt":"2014-10-20T18:14:18","slug":"smykem-dolu-na-voziku","status":"publish","type":"post","link":"https:\/\/www.invarena.cz\/?p=3573","title":{"rendered":"Smykem dol\u016f na voz\u00edku"},"content":{"rendered":"<p><strong>Zn\u00e1m\u00e1 pra\u017esk\u00e1 \u0161kola pro t\u011blesn\u011b posti\u017een\u00e9 d\u011bti na Vy\u0161ehrad\u011b, Jedli\u010dk\u016fv \u00fastav, se sna\u017e\u00ed set\u0159\u00e1st pov\u011bst &#8222;\u00fastavu&#8220;, odkud se klienti nedostanou ven. \u0160\u00e9f rady zdravotn\u011b posti\u017een\u00fdch znovu otev\u0159el polemiku, jestli tam klienti ne\u017eij\u00ed jako ve &#8222;sklen\u00edku&#8220;, kter\u00fd je nep\u0159iprav\u00ed na \u017eivot.<\/strong><br \/>\n<!--more--><br \/>\nJe odpoledne a studenti z Jedli\u010dkova \u00fastavu se p\u0159esunuli ze \u0161koly do nov\u011b postaven\u00e9 budovy \u0161koln\u00edho klubu s n\u00e1dhern\u00fdm v\u00fdhledem na vltavsk\u00e9 \u00fadol\u00ed.<br \/>\nNeli\u0161\u00ed se od jin\u00fdch \u0161kol. Upout\u00e1 snad jen mohutn\u00fd bezbari\u00e9rov\u00fd chodn\u00edk do vy\u0161\u0161\u00edch pater, kter\u00fd nahrazuje schodi\u0161t\u011b. Se dv\u011bma chlapci tam vychovatel\u00e9 cvi\u010d\u00ed a dal\u0161\u00ed d\u011bti \u2013 zlob\u00ed, ale to k tomu pat\u0159\u00ed.<\/p>\n<p>Sedmilet\u00e1 Veronika m\u00e1 namalovanou tv\u00e1\u0159 jako ko\u010dka, jako by se chystala na karneval. &#8222;Po \u0161kole bych se cht\u011bla st\u00e1t vychovatelkou nebo u\u010ditelkou,&#8220; vykl\u00e1d\u00e1 d\u00edvka upoutan\u00e1 na voz\u00edk. \u010clov\u011bk z n\u00ed m\u00e1 p\u0159\u00edjemn\u00fd pocit, \u017ee p\u0159ece takov\u00e1 \u0161kola\u010dka \u017e\u00e1dn\u00fd &#8222;\u00fastav&#8220; u\u017e skoro ani nepot\u0159ebuje. O to snadn\u011bj\u0161\u00ed to bude m\u00edt, a\u017e ho bude opou\u0161t\u011bt.<\/p>\n<p>Pokud m\u00e1te p\u0159edstavu, \u017ee Jedli\u010dk\u016fv \u00fastav je n\u011bjak\u00fd z\u00e1mek, kde jsou od r\u00e1na do ve\u010dera zav\u0159eni t\u011blesn\u011b a ment\u00e1ln\u011b posti\u017een\u00ed a popoj\u00ed\u017ed\u011bj\u00ed na kole\u010dkov\u00fdch k\u0159eslech po temn\u00fdch chodb\u00e1ch, je to \u00fapln\u011b jinak.<\/p>\n<p>Jedli\u010dk\u016fv \u00fastav s\u00eddl\u00ed v dom\u011b, na n\u011bj\u017e naraz\u00ed ka\u017ed\u00fd turista cestou od pra\u017esk\u00e9ho Kongresov\u00e9ho centra na Vy\u0161ehrad za prvn\u00ed branou pevnosti. Tento m\u011bs\u00edc slav\u00ed 100 let od zalo\u017een\u00ed. P\u0159ed sto lety obsadil budovu b\u00fdval\u00fdch kas\u00e1ren, ale postupn\u011b se cel\u00fd are\u00e1l roz\u0161\u00ed\u0159il na n\u011bkolik budov sm\u011brem k Pankr\u00e1ci.<\/p>\n<p>V\u011bt\u0161ina student\u016f na Vy\u0161ehrad doj\u00ed\u017ed\u00ed jen do \u0161koly, ale bydl\u00ed doma, jen men\u0161ina mimopra\u017esk\u00fdch tu m\u00e1 k dispozici domov ml\u00e1de\u017ee.<\/p>\n<p>&#8222;\u00dastav za\u010dal p\u016fsobit tady na Vy\u0161ehrad\u011b a poda\u0159ilo se n\u011bkolikr\u00e1t odolat poku\u0161en\u00ed ho p\u0159est\u011bhovat. D\u00edky tomu m\u00e1 dneska Praha na v\u00fdznamn\u00e9m m\u00edst\u011b za\u0159\u00edzen\u00ed, kde \u017eij\u00ed lid\u00e9 s viditeln\u00fdm posti\u017een\u00edm. Je to v\u00fdhoda pro spole\u010dnost, \u017ee nem\u016f\u017ee p\u0159ed posti\u017een\u00fdmi zav\u00edrat o\u010di. V\u0161ude jinde v Evrop\u011b takov\u00e9 \u0161koly maj\u00ed z r\u016fzn\u00fdch bohulib\u00fdch d\u016fvod\u016f n\u011bkde na okraji m\u011bsta u les\u00edka,&#8220; vypr\u00e1v\u00ed \u0159editel Jedli\u010dkova \u00fastavu Jan Pi\u010dman.<br \/>\nPra\u017esk\u00fd Jedli\u010dk\u016fv \u00fastav p\u016fvodn\u011b vznikl jako za\u0159\u00edzen\u00ed pro d\u011bti po \u00farazech. Skon\u010dily tam, kdy\u017e nap\u0159\u00edklad p\u0159i\u0161ly o nohu nebo o ruku p\u0159i pr\u00e1ci v zem\u011bd\u011blstv\u00ed \u010di v pr\u016fmyslu. Dnes se tam dost\u00e1vaj\u00ed nej\u010dast\u011bji d\u011bti, kter\u00e9 maj\u00ed posti\u017een\u00ed u\u017e od porodu, nap\u0159\u00edklad se jim nedostate\u010dn\u011b vyvinuly kon\u010detiny. Prakticky v\u0161ak neexistuje p\u0159esn\u00e1 hranice, kdy u\u017e d\u00edt\u011b &#8222;pat\u0159\u00ed&#8220; do Jedli\u010dkova \u00fastavu a kdy je\u0161t\u011b z\u016fstane v norm\u00e1ln\u00ed \u0161kole.<\/p>\n<p>Jeden p\u0159\u00edklad: P\u0159edseda N\u00e1rodn\u00ed rady osob se zdravotn\u00edm posti\u017een\u00edm V\u00e1clav Kr\u00e1sa vysv\u011btluje, \u017ee by tam nemusel, kdyby ho jeho z\u00e1kladn\u00ed \u0161kola v Bene\u0161ov\u011b neodm\u00edtla v 60. letech vzd\u011bl\u00e1vat (dnes by podobn\u00e9 jednoduch\u00e9 odm\u00edtnut\u00ed odporovalo z\u00e1konu).<\/p>\n<p><strong>Diskuse o &#8222;sklen\u00edku&#8220; a sm\u00ed\u0159en\u00ed<\/strong><\/p>\n<p>Kr\u00e1sa p\u0159ed p\u00e1r dny v jednom z rozhovor\u016f v souvislosti s v\u00fdro\u010d\u00edm nazval Jedli\u010dk\u016fv \u00fastav kriticky &#8222;sklen\u00edkem&#8220;. Nepop\u00edr\u00e1 v\u0161ak, \u017ee byl ve &#8222;sklen\u00edku&#8220; ve sv\u00e9 dob\u011b \u0161\u0165astn\u00fd. Kritick\u00e1 polemika pak na chv\u00edli zast\u00ednila cel\u00e9 oslavy stolet\u00e9ho v\u00fdro\u010d\u00ed.<br \/>\nKr\u00e1sa m\u011bl na mysli, \u017ee uzav\u0159en\u00fd \u00fastav nedok\u00e1zal sv\u00e9 klienty dostate\u010dn\u011b p\u0159ipravit na p\u0159echod do sv\u011bta venku a sp\u00ed\u0161 je navykal na \u017eivot za dve\u0159mi, by\u0165 s v\u0161estrannou p\u00e9\u010d\u00ed.<\/p>\n<p>&#8222;Kdybych mohl chodit do norm\u00e1ln\u00ed \u0161koly, byl bych na tom dnes l\u00e9pe. Tehdy to ale mo\u017en\u00e9 nebylo,&#8220; \u0159ekl Kr\u00e1sa v rozhovoru pro \u010cTK, kter\u00fd vyvolal velk\u00fd rozruch. Pro MF DNES pak konkr\u00e9tn\u011b rozvedl, \u017ee \u0161kola v Jedli\u010dkov\u011b \u00fastavu neklade na d\u011bti vysok\u00e9 n\u00e1roky jako \u0161koly &#8222;venku&#8220; a student Kr\u00e1sa m\u011bl pak co doh\u00e1n\u011bt. Jedli\u010dk\u016fv \u00fastav podle Kr\u00e1sy nep\u0159estal b\u00fdt &#8222;sklen\u00edkem&#8220; ani dnes, proto\u017ee ur\u010dit\u00e9 bari\u00e9ry odstranit nejde.<\/p>\n<p>Jedli\u010dk\u016fv \u00fastav dnes funguje p\u0159edev\u0161\u00edm jako \u0161kola, kde speci\u00e1ln\u011b vy\u0161kolen\u00ed pedagogov\u00e9 pracuj\u00ed s posti\u017een\u00fdmi a dok\u00e1\u017eou jim nab\u00eddnout rehabilitaci, aby se jejich posti\u017een\u00ed nezhor\u0161ovalo, \u010di sporty, kter\u00fdch by se p\u0159i t\u011blocviku v norm\u00e1ln\u00ed \u0161kole jen t\u011b\u017eko do\u010dkali. Vlastn\u011b by ho sp\u00ed\u0161 vystihovalo pojmenov\u00e1n\u00ed &#8222;Jedli\u010dkova \u0161kola&#8220;, by\u0165 se ofici\u00e1ln\u00ed n\u00e1zev zat\u00edm nem\u011bn\u00ed.<\/p>\n<p>U\u017e d\u00e1vno nem\u00e1 status \u00fastavu soci\u00e1ln\u00ed p\u00e9\u010de, odkud se klienti dlouh\u00e9 dny nedostanou ven. \u0158editel Pi\u010dman v\u0161ak uzn\u00e1v\u00e1, \u017ee \u00fastav se poda\u0159ilo v\u00edce otev\u0159\u00edt sm\u011brem k vn\u011bj\u0161\u00edmu sv\u011btu a\u017e v posledn\u00edch patn\u00e1cti letech. Po\u0159\u00e1d\u00e1 kulturn\u00ed akce, m\u00e1 vlastn\u00ed obchod \u010di kav\u00e1rnu. V\u011bt\u0161ina klient\u016f u\u017e tam doj\u00ed\u017ed\u00ed pouze za studiem a ve\u010der se vracej\u00ed dom\u016f do rodin.<\/p>\n<p>Proto \u0159editel ch\u00e1pe zdej\u0161\u00ed chovance, kte\u0159\u00ed j\u00edm pro\u0161li za socialismu a neodpust\u00ed si kritiku.<\/p>\n<p>I kdy\u017e v posledn\u00edch letech p\u0159evl\u00e1d\u00e1 trend za ka\u017edou cenu posti\u017een\u00e9 d\u011bti za\u010dlenit mezi zdrav\u00e9 \u017e\u00e1ky a &#8222;zam\u00edchat&#8220; je do kolektivu, v Jedli\u010dkov\u011b \u00fastavu na to tak jednozna\u010dn\u00fd n\u00e1zor kupodivu nemaj\u00ed. &#8222;V b\u011b\u017en\u00e9 \u0161kole se st\u00e1v\u00e1, \u017ee posti\u017een\u00e9 d\u011bti p\u0159i mnoha \u010dinnostech z\u016fst\u00e1vaj\u00ed trochu pozadu. V ur\u010dit\u00e9m v\u011bku je pro studenty d\u016fle\u017eit\u00e9 sd\u00edlet v\u011bci s lidmi, kte\u0159\u00ed se ocitli ve stejn\u00e9 situaci,&#8220; dod\u00e1v\u00e1 Pi\u010dman.<\/p>\n<p>Docela trefn\u011b diskusi rozetnul jeden mlad\u00fd voz\u00ed\u010dk\u00e1\u0159 z Jedli\u010dkova \u00fastavu v dokument\u00e1rn\u00edm filmu Stolet\u00ed jedle, kter\u00fd ukazuje zdej\u0161\u00ed prost\u0159ed\u00ed. &#8222;Kdy\u017e jsem p\u0159i\u0161el do Jedli\u010dkova \u00fastavu, bylo tam p\u011bt \u0161est lid\u00ed jako j\u00e1. N\u011bkte\u0159\u00ed pak zase ode\u0161li.<\/p>\n<p>Za\u017eil jsem tam ur\u010dit\u00e9 sm\u00ed\u0159en\u00ed,&#8220; \u0159\u00edk\u00e1 mlad\u00edk ve filmu. Sm\u00ed\u0159il se s\u00e1m se sebou, proto\u017ee se dostal do komunity sob\u011b rovn\u00fdch.<\/p>\n<p><strong>Stolet\u00ed jedle<\/strong><\/p>\n<p>U p\u0159\u00edle\u017eitosti st\u00e9ho v\u00fdro\u010d\u00ed nato\u010dil re\u017eis\u00e9r Tom\u00e1\u0161 \u0160krdlant dokument\u00e1rn\u00ed film o Jedli\u010dkov\u011b \u00fastavu Stolet\u00ed jedle. Za\u010d\u00edn\u00e1 sto let starou \u010dernob\u00edlou fotografi\u00ed p\u00e1na, kter\u00fd nese posti\u017een\u00e9 d\u011bti v n\u016f\u0161i na z\u00e1dech.<\/p>\n<p>Ukazuje, \u017ee sou\u010dasn\u00fd \u017eivot posti\u017een\u00fdch m\u016f\u017ee obsahovat i humorn\u00e9 momenty. &#8222;Je to takov\u00e1 horsk\u00e1 dr\u00e1ha, jezdil jsem to i smykem,&#8220; komentuje jeden z m\u00edstn\u00edch voz\u00ed\u010dk\u00e1\u0159\u016f, jak sj\u00ed\u017ed\u011bl z kopce po bezbari\u00e9rov\u00e9m chodn\u00edku n\u011bkolikapatrovou budovu Jedli\u010dkova \u00fastavu.<\/p>\n<p>V posledn\u00edch letech se Jedli\u010dk\u016fv \u00fastav pot\u00fdk\u00e1 s p\u0159i\u0161krcen\u00fdm rozpo\u010dtem. &#8222;Mus\u00edme \u0161et\u0159it jako v\u0161ichni, kdy\u017e se kr\u00e1t\u00ed dotace. U\u017e p\u0159ed dv\u011bma lety jsme museli v\u0161em zam\u011bstnanc\u016fm sn\u00ed\u017eit ro\u010dn\u00ed plat o sedm procent. A proto\u017ee se dotace st\u00e1le zmen\u0161uj\u00ed, museli jsme loni i p\u00e1r lid\u00ed propustit. Ale kdy\u017e vid\u00edm, \u010d\u00edm trp\u00ed n\u011bkte\u0159\u00ed na\u0161i klienti a jak\u00fd maj\u00ed optimismus, tak by mi bylo stydno st\u00fdskat si na \u00faspory,&#8220; odpov\u00edd\u00e1 na ot\u00e1zku \u0159editel Pi\u010dman. S\u00e1m by o rozpo\u010dtu neza\u010dal.<\/p>\n<p><strong>Absolventi<\/strong><\/p>\n<p>Jedli\u010dk\u016fv \u00fastav nen\u00ed na &#8222;do\u017eivot\u00ed&#8220;. Obvykle jeho slu\u017eeb klienti vyu\u017e\u00edvaj\u00ed po dobu, kdy se p\u0159ipravuj\u00ed na budouc\u00ed povol\u00e1n\u00ed.<\/p>\n<p>Ze zn\u00e1m\u00fdch osobnost\u00ed jej krom\u011b Kr\u00e1sy absolvoval nap\u0159\u00edklad b\u00fdval\u00fd mluv\u010d\u00ed ministerstva zdravotnictv\u00ed Tom\u00e1\u0161 Cikrt, hr\u00e1\u010d sledge hokeje Zden\u011bk Krupi\u010dka \u010di novin\u00e1\u0159 a u\u010ditel Radek Mus\u00edlek, kter\u00fd d\u011bl\u00e1 mluv\u010d\u00edho Jedli\u010dkova \u00fastavu.<\/p>\n<p>&#8222;Za socialismu n\u011bkte\u0159\u00ed chyt\u0159\u00ed a vzd\u011blan\u00ed lid\u00e9 nemohli jinde pracovat, tak u\u010dili v Jedli\u010dk\u00e1rn\u011b. Pro m\u011b to bylo m\u00edsto setk\u00e1v\u00e1n\u00ed se zaj\u00edmav\u00fdmi lidmi,&#8220; vzpom\u00edn\u00e1 Cikrt, kter\u00fd tam str\u00e1vil osm let. Ten trp\u00ed takzvanou kostn\u00ed dysplazi\u00ed, tedy po\u0159\u00e1dn\u011b nevyrostl. M\u011b\u0159\u00ed pouh\u00fdch 139 centimetr\u016f. V Jedli\u010dkov\u011b \u00fastavu pob\u00fdval od \u0161esti do \u010dtrn\u00e1cti let. Pozd\u011bji vystudoval farmacii. V dosp\u011blosti zalo\u017eil sdru\u017een\u00ed Pale\u010dek pro pomoc podobn\u011b posti\u017een\u00fdm. &#8222;\u00dastav byl zalo\u017een p\u0159ed sto lety na velmi modern\u00edch z\u00e1kladech. Rudolf Jedli\u010dka byl osv\u00edcen\u00fd \u010dlov\u011bk a t\u0159eba se jako rentgenolog znal s man\u017eely Curieov\u00fdmi,&#8220; vykl\u00e1d\u00e1 Cikrt.<\/p>\n<p>V dne\u0161n\u00ed dob\u011b v\u00edce p\u0159\u00e1telsk\u00e9 k posti\u017een\u00fdm u\u017e by se Cikrt jako d\u00edt\u011b do &#8222;Jedli\u010dk\u00e1rny&#8220; podle sv\u00fdch slov nejsp\u00ed\u0161 nedostal. Mohl by chodit do b\u011b\u017en\u00e9 \u0161koly.<br \/>\nPodle \u0159editele Pi\u010dmana se tak\u00e9 zhruba t\u0159etina absolvent\u016f Jedli\u010dkova \u00fastavu um\u00edst\u00ed na b\u011b\u017en\u00e9m trhu pr\u00e1ce. Dal\u0161\u00ed t\u0159etina se tak\u00e9 uplatn\u00ed, i kdy\u017e pot\u0159ebuj\u00ed podp\u016frn\u00e9 programy. Jen zbyl\u00e1 t\u0159etina z\u016fstane odk\u00e1z\u00e1na na pomoc.<\/p>\n<p>Mlad\u00e1 fronta DNES<\/p>\n","protected":false},"excerpt":{"rendered":"<div class=\"mh-excerpt\"><p>Zn\u00e1m\u00e1 pra\u017esk\u00e1 \u0161kola pro t\u011blesn\u011b posti\u017een\u00e9 d\u011bti na Vy\u0161ehrad\u011b, Jedli\u010dk\u016fv \u00fastav, se sna\u017e\u00ed set\u0159\u00e1st pov\u011bst &#8222;\u00fastavu&#8220;, odkud se klienti nedostanou ven. \u0160\u00e9f rady zdravotn\u011b posti\u017een\u00fdch <a class=\"mh-excerpt-more\" href=\"https:\/\/www.invarena.cz\/?p=3573\" title=\"Smykem dol\u016f na voz\u00edku\">[&#8230;]<\/a><\/p>\n<\/div>","protected":false},"author":1,"featured_media":3426,"comment_status":"open","ping_status":"open","sticky":false,"template":"","format":"standard","meta":{"footnotes":""},"categories":[7],"tags":[],"class_list":["post-3573","post","type-post","status-publish","format-standard","has-post-thumbnail","hentry","category-spolecnost"],"_links":{"self":[{"href":"https:\/\/www.invarena.cz\/index.php?rest_route=\/wp\/v2\/posts\/3573","targetHints":{"allow":["GET"]}}],"collection":[{"href":"https:\/\/www.invarena.cz\/index.php?rest_route=\/wp\/v2\/posts"}],"about":[{"href":"https:\/\/www.invarena.cz\/index.php?rest_route=\/wp\/v2\/types\/post"}],"author":[{"embeddable":true,"href":"https:\/\/www.invarena.cz\/index.php?rest_route=\/wp\/v2\/users\/1"}],"replies":[{"embeddable":true,"href":"https:\/\/www.invarena.cz\/index.php?rest_route=%2Fwp%2Fv2%2Fcomments&post=3573"}],"version-history":[{"count":0,"href":"https:\/\/www.invarena.cz\/index.php?rest_route=\/wp\/v2\/posts\/3573\/revisions"}],"wp:featuredmedia":[{"embeddable":true,"href":"https:\/\/www.invarena.cz\/index.php?rest_route=\/wp\/v2\/media\/3426"}],"wp:attachment":[{"href":"https:\/\/www.invarena.cz\/index.php?rest_route=%2Fwp%2Fv2%2Fmedia&parent=3573"}],"wp:term":[{"taxonomy":"category","embeddable":true,"href":"https:\/\/www.invarena.cz\/index.php?rest_route=%2Fwp%2Fv2%2Fcategories&post=3573"},{"taxonomy":"post_tag","embeddable":true,"href":"https:\/\/www.invarena.cz\/index.php?rest_route=%2Fwp%2Fv2%2Ftags&post=3573"}],"curies":[{"name":"wp","href":"https:\/\/api.w.org\/{rel}","templated":true}]}}