{"id":35780,"date":"2021-02-01T14:05:33","date_gmt":"2021-02-01T13:05:33","guid":{"rendered":"http:\/\/www.invarena.cz\/?p=35780"},"modified":"2021-02-01T14:05:35","modified_gmt":"2021-02-01T13:05:35","slug":"chodov-i-v-dobe-pandemie-podpori-socialni-projekty","status":"publish","type":"post","link":"https:\/\/www.invarena.cz\/?p=35780","title":{"rendered":"Chodov i v dob\u011b pandemie podpo\u0159\u00ed soci\u00e1ln\u00ed projekty"},"content":{"rendered":"\n<p>Do oblasti soci\u00e1ln\u00ed p\u00e9\u010de, zdravotnictv\u00ed a protidrogov\u00e9 prevence p\u016fjde z m\u011bstsk\u00e9ho rozpo\u010dtu v leto\u0161n\u00edm roce p\u0159es 1,5 milionu korun. \u010c\u00e1stku si rozd\u011bl\u00ed \u0161estadvacet organizac\u00ed, kter\u00e9 podaly na jednotliv\u00e9 projekty celkem 37 \u017e\u00e1dost\u00ed. <br> <br>&#8222;Rada m\u011bsta doporu\u010dila dotace nap\u0159\u00edklad pro Denn\u00ed centrum Mate\u0159\u00eddou\u0161ka, Dom\u00e1c\u00ed hospic Mot\u00fdl, Farn\u00ed charitu Karlovy Vary \u010di D\u016fm o\u0161et\u0159ovatelsk\u00e9 p\u00e9\u010de Doln\u00ed Rychnov. S nov\u00fdm projektem letos p\u0159i\u0161la Arm\u00e1da sp\u00e1sy, kter\u00e1 z\u0159\u00eddila v Chodov\u011b n\u00edzkoprahov\u00e9 centrum pro d\u011bti ve v\u011bku od 6 do 15 let,&#8220; \u0159ekl mluv\u010d\u00ed Chodova Martin Pol\u00e1k.<\/p>\n\n\n\n<p>Radnice krom\u011b chodovsk\u00fdch organizac\u00ed tradi\u010dn\u011b podporuje i okoln\u00ed za\u0159\u00edzen\u00ed. Jsou to p\u0159edev\u0161\u00edm ta, je\u017e poskytuj\u00ed sv\u00e9 slu\u017eby obyvatel\u016fm Chodova.<\/p>\n\n\n\n<p>&#8222;N\u00e1pl\u0148 organizac\u00ed je velmi pestr\u00e1. Svou \u010dinnost\u00ed pom\u00e1haj\u00ed mimo jin\u00e9 nesly\u0161\u00edc\u00edm, zdravotn\u011b \u010di t\u011blesn\u011b posti\u017een\u00fdm, obyvatel\u016fm v t\u00ed\u017eiv\u00e9 \u017eivotn\u00ed situaci, senior\u016fm, d\u011btem ze soci\u00e1ln\u011b znev\u00fdhodn\u011bn\u00e9ho prost\u0159ed\u00ed \u010di lidem bez p\u0159\u00edst\u0159e\u0161\u00ed,&#8220; \u0159\u00edk\u00e1 mluv\u010d\u00ed.<\/p>\n\n\n\n<p>Celkov\u00e1 \u010d\u00e1stka pro zm\u00edn\u011bn\u00e9 dotace je ve stejn\u00e9 v\u00fd\u0161i jako v roce 2020, a to p\u0159es milion a p\u016fl. &#8222;Veden\u00ed m\u011bsta se ji rozhodlo i p\u0159es sou\u010dasnou pandemickou situaci nekr\u00e1tit,&#8220; dodal Pol\u00e1k. N\u00e1vrh rady m\u011bsta mus\u00ed je\u0161t\u011b potvrdit zastupitel\u00e9 na sv\u00e9m leto\u0161n\u00edm \u00fanorov\u00e9m zased\u00e1n\u00ed.<\/p>\n\n\n\n<p>Roman Cichocki<\/p>\n\n\n\n<p>Sokolovsk\u00fd den\u00edk<\/p>\n\n\n\n<p><a rel=\"noreferrer noopener\" aria-label=\" (otev\u0159e se na nov\u00e9 z\u00e1lo\u017ece)\" href=\"https:\/\/sokolovsky.denik.cz\/\" target=\"_blank\">https:\/\/sokolovsky.denik.cz\/<\/a><\/p>\n","protected":false},"excerpt":{"rendered":"<div class=\"mh-excerpt\"><p>Do oblasti soci\u00e1ln\u00ed p\u00e9\u010de, zdravotnictv\u00ed a protidrogov\u00e9 prevence p\u016fjde z m\u011bstsk\u00e9ho rozpo\u010dtu v leto\u0161n\u00edm roce p\u0159es 1,5 milionu korun. \u010c\u00e1stku si rozd\u011bl\u00ed \u0161estadvacet organizac\u00ed, kter\u00e9 <a class=\"mh-excerpt-more\" href=\"https:\/\/www.invarena.cz\/?p=35780\" title=\"Chodov i v dob\u011b pandemie podpo\u0159\u00ed soci\u00e1ln\u00ed projekty\">[&#8230;]<\/a><\/p>\n<\/div>","protected":false},"author":1,"featured_media":1889,"comment_status":"open","ping_status":"closed","sticky":false,"template":"","format":"standard","meta":{"footnotes":""},"categories":[9],"tags":[],"class_list":["post-35780","post","type-post","status-publish","format-standard","has-post-thumbnail","hentry","category-zpravy"],"_links":{"self":[{"href":"https:\/\/www.invarena.cz\/index.php?rest_route=\/wp\/v2\/posts\/35780","targetHints":{"allow":["GET"]}}],"collection":[{"href":"https:\/\/www.invarena.cz\/index.php?rest_route=\/wp\/v2\/posts"}],"about":[{"href":"https:\/\/www.invarena.cz\/index.php?rest_route=\/wp\/v2\/types\/post"}],"author":[{"embeddable":true,"href":"https:\/\/www.invarena.cz\/index.php?rest_route=\/wp\/v2\/users\/1"}],"replies":[{"embeddable":true,"href":"https:\/\/www.invarena.cz\/index.php?rest_route=%2Fwp%2Fv2%2Fcomments&post=35780"}],"version-history":[{"count":0,"href":"https:\/\/www.invarena.cz\/index.php?rest_route=\/wp\/v2\/posts\/35780\/revisions"}],"wp:featuredmedia":[{"embeddable":true,"href":"https:\/\/www.invarena.cz\/index.php?rest_route=\/wp\/v2\/media\/1889"}],"wp:attachment":[{"href":"https:\/\/www.invarena.cz\/index.php?rest_route=%2Fwp%2Fv2%2Fmedia&parent=35780"}],"wp:term":[{"taxonomy":"category","embeddable":true,"href":"https:\/\/www.invarena.cz\/index.php?rest_route=%2Fwp%2Fv2%2Fcategories&post=35780"},{"taxonomy":"post_tag","embeddable":true,"href":"https:\/\/www.invarena.cz\/index.php?rest_route=%2Fwp%2Fv2%2Ftags&post=35780"}],"curies":[{"name":"wp","href":"https:\/\/api.w.org\/{rel}","templated":true}]}}