{"id":35820,"date":"2021-02-05T11:08:52","date_gmt":"2021-02-05T10:08:52","guid":{"rendered":"http:\/\/www.invarena.cz\/?p=35820"},"modified":"2021-02-05T11:08:54","modified_gmt":"2021-02-05T10:08:54","slug":"kuzelkari-z-dolni-lhoty-sbirali-i-v-kovidovem-roce-mista-na-stupnich-vitezu","status":"publish","type":"post","link":"https:\/\/www.invarena.cz\/?p=35820","title":{"rendered":"Ku\u017eelk\u00e1\u0159i z Doln\u00ed Lhoty sb\u00edrali i v kovidov\u00e9m roce m\u00edsta na stupn\u00edch v\u00edt\u011bz\u016f"},"content":{"rendered":"\n<p>Odd\u00edl\u00a0 neregistrovan\u00fdch ku\u017eelk\u00e1\u0159\u016f\u00a0ZP Doln\u00ed Lhota je slo\u017een z\u00a0hr\u00e1\u010d\u016f, p\u0159edev\u0161\u00edm zdravotn\u011b handicapovan\u00fdch, a\u00a0funguje ji\u017e t\u00e9m\u011b\u0159 dvacet rok\u016f pod z\u00e1\u0161titou Svazu t\u011blesn\u011b posti\u017een\u00fdch, okresn\u00ed organizace v\u00a0Blansku. Pat\u0159\u00edme mezi mal\u00e9 sporty, nep\u0159\u00edli\u0161 medi\u00e1ln\u011b ani komer\u010dn\u011b propagovan\u00e9.<\/p>\n\n\n\n<p>P\u0159esto ale dlouhodob\u011b dosahujeme v\u00fdborn\u00fdch sportovn\u00edch v\u00fdsledk\u016f na \u00farovni okresu, kraje i\u00a0republiky a\u00a0pravideln\u011b se \u00fa\u010dastn\u00edme \u0159ady jednor\u00e1zov\u00fdch turnaj\u016f i\u00a0dlouhodob\u00fdch sout\u011b\u017e\u00ed.<\/p>\n\n\n\n<p>Mno\u017estv\u00ed akc\u00ed se v roce 2020 kv\u016fli vl\u00e1dn\u00edm hygienick\u00fdm\nopat\u0159en\u00edm neuskute\u010dnilo, na\u0161i \u010dlenov\u00e9 ale dos\u00e1hli v uplynul\u00e9m roce v\u00fdznamn\u00fdch\n\u00fasp\u011bch\u016f. V uplynul\u00e9m roce to nap\u0159\u00edklad bylo:<\/p>\n\n\n\n<p>V\u00edt\u011bzstv\u00ed v kvalifikaci a postup do fin\u00e1le M\u010cR\nneregistrovan\u00fdch<\/p>\n\n\n\n<p>Podorlick\u00e1 liga \u00dast\u00ed nad Orlic\u00ed, dlouhodob\u00e1 sout\u011b\u017e dru\u017estev,\nleden a\u017e \u0159\u00edjen 2020 \u2013 2. m\u00edsto <\/p>\n\n\n\n<p>Memori\u00e1l J. Holce \u010cesk\u00e1 T\u0159ebov\u00e1, dlouhodob\u00e1 sout\u011b\u017e dvojic,\nleden a\u017e prosinec 2020 \u2013 2., 3., 5. m\u00edsto <\/p>\n\n\n\n<p>Okresn\u00ed extraliga dru\u017estev Blansko, dlouhodob\u00e1 sout\u011b\u017e, leden\na\u017e \u0159\u00edjen 2020 \u2013 3. a\n6. m\u00edsta<\/p>\n\n\n\n<p>DUO Brno, turnaj dvojic zrakov\u011b posti\u017een\u00fdch \u2013 1. m\u00edsto<\/p>\n\n\n\n<p>M\u010cR zrakov\u011b posti\u017een\u00fdch- z\u00edsk\u00e1n\u00ed mistrovsk\u00e9ho titulu v\nkategorii B3 a v kategorii OPEN<\/p>\n\n\n\n<p>Karel Pa\u0159il reprezentuje \u010cR na sout\u011b\u017e\u00edch v r\u00e1mci Evropy<\/p>\n\n\n\n<p>\u010cinnost ku\u017eelk\u00e1\u0159sk\u00e9ho klubu ZP KK Doln\u00ed Lhota finan\u010dn\u011b podpo\u0159il Jihomoravsk\u00fd kraj, za co\u017e d\u011bkujeme. Schv\u00e1len\u00ed t\u00e9to finan\u010dn\u00ed dotace podpo\u0159ilo v\u00fdznamnou m\u011brou rozvoj sportovn\u00edho vy\u017eit\u00ed zdravotn\u011b posti\u017een\u00fdch neregistrovan\u00fdch sportovc\u016f, \u010dlen\u016f klubu KK ZP Doln\u00ed Lhota. Jejich sportovn\u00ed aktivity a v\u00fdsledky d\u016fstojn\u011b reprezentovaly nejen m\u011bsto Blansko, ale i Jihomoravsk\u00fd kraj na celost\u00e1tn\u00ed \u00farovni. <\/p>\n\n\n\n<p>Michal Sou\u010dek<\/p>\n\n\n\n<p>Blanensk\u00fd den\u00edk<\/p>\n\n\n\n<p><a rel=\"noreferrer noopener\" aria-label=\" (otev\u0159e se na nov\u00e9 z\u00e1lo\u017ece)\" href=\"https:\/\/blanensky.denik.cz\/\" target=\"_blank\">https:\/\/blanensky.denik.cz\/<\/a><br><\/p>\n","protected":false},"excerpt":{"rendered":"<div class=\"mh-excerpt\"><p>Odd\u00edl\u00a0 neregistrovan\u00fdch ku\u017eelk\u00e1\u0159\u016f\u00a0ZP Doln\u00ed Lhota je slo\u017een z\u00a0hr\u00e1\u010d\u016f, p\u0159edev\u0161\u00edm zdravotn\u011b handicapovan\u00fdch, a\u00a0funguje ji\u017e t\u00e9m\u011b\u0159 dvacet rok\u016f pod z\u00e1\u0161titou Svazu t\u011blesn\u011b posti\u017een\u00fdch, okresn\u00ed organizace v\u00a0Blansku. Pat\u0159\u00edme <a class=\"mh-excerpt-more\" href=\"https:\/\/www.invarena.cz\/?p=35820\" title=\"Ku\u017eelk\u00e1\u0159i z Doln\u00ed Lhoty sb\u00edrali i v kovidov\u00e9m roce m\u00edsta na stupn\u00edch v\u00edt\u011bz\u016f\">[&#8230;]<\/a><\/p>\n<\/div>","protected":false},"author":1,"featured_media":0,"comment_status":"open","ping_status":"closed","sticky":false,"template":"","format":"standard","meta":{"footnotes":""},"categories":[9],"tags":[],"class_list":["post-35820","post","type-post","status-publish","format-standard","hentry","category-zpravy"],"_links":{"self":[{"href":"https:\/\/www.invarena.cz\/index.php?rest_route=\/wp\/v2\/posts\/35820","targetHints":{"allow":["GET"]}}],"collection":[{"href":"https:\/\/www.invarena.cz\/index.php?rest_route=\/wp\/v2\/posts"}],"about":[{"href":"https:\/\/www.invarena.cz\/index.php?rest_route=\/wp\/v2\/types\/post"}],"author":[{"embeddable":true,"href":"https:\/\/www.invarena.cz\/index.php?rest_route=\/wp\/v2\/users\/1"}],"replies":[{"embeddable":true,"href":"https:\/\/www.invarena.cz\/index.php?rest_route=%2Fwp%2Fv2%2Fcomments&post=35820"}],"version-history":[{"count":0,"href":"https:\/\/www.invarena.cz\/index.php?rest_route=\/wp\/v2\/posts\/35820\/revisions"}],"wp:attachment":[{"href":"https:\/\/www.invarena.cz\/index.php?rest_route=%2Fwp%2Fv2%2Fmedia&parent=35820"}],"wp:term":[{"taxonomy":"category","embeddable":true,"href":"https:\/\/www.invarena.cz\/index.php?rest_route=%2Fwp%2Fv2%2Fcategories&post=35820"},{"taxonomy":"post_tag","embeddable":true,"href":"https:\/\/www.invarena.cz\/index.php?rest_route=%2Fwp%2Fv2%2Ftags&post=35820"}],"curies":[{"name":"wp","href":"https:\/\/api.w.org\/{rel}","templated":true}]}}