{"id":35871,"date":"2021-02-17T17:13:12","date_gmt":"2021-02-17T16:13:12","guid":{"rendered":"http:\/\/www.invarena.cz\/?p=35871"},"modified":"2021-02-17T17:13:14","modified_gmt":"2021-02-17T16:13:14","slug":"kevin-z-liberce-prekonal-mozkovou-obrnu-a-stal-se-mistrem-republiky-paracyklistu","status":"publish","type":"post","link":"https:\/\/www.invarena.cz\/?p=35871","title":{"rendered":"Kevin z Liberce p\u0159ekonal mozkovou obrnu a stal se mistrem republiky paracyklist\u016f"},"content":{"rendered":"\n<p><em>ilustra\u010dn\u00ed foto<\/em><\/p>\n\n\n\n<p>Kevina z Liberce handicap nezastavil. V\u00e1l\u00ed na kole, pot\u0159ebuje v\u0161ak nov\u00e9. <br> <br>P\u0159\u00edb\u011bh \u0161estn\u00e1ctilet\u00e9ho Kevina z Liberce se podob\u00e1 filmov\u00e9mu sc\u00e9n\u00e1\u0159i. Jako d\u00edt\u011b prod\u011blal mozkovou obrnu, d\u00edky p\u00e9\u010di rodiny, cvi\u010den\u00ed a rehabilitaci se mu poda\u0159ilo dostat z toho nejhor\u0161\u00edho. Nau\u010dil se jezdit na kole a za\u010dal vyhr\u00e1vat z\u00e1vody, dokonce se stal mistrem \u010cesk\u00e9 republiky ve sv\u00e9 v\u011bkov\u00e9 kategorii paracyklist\u016f. Jeho v\u00fdsledky ale nebyly zadarmo. \u00dasil\u00ed jeho maminky m\u00e1 limity, p\u0159edev\u0161\u00edm finan\u010dn\u00ed. Proto se te\u010f obrac\u00ed na ve\u0159ejnost, kterou \u017e\u00e1daj\u00ed o p\u0159\u00edsp\u011bvek na tricykl, aby v nad\u011bjn\u011b rozjet\u00e9 sportovn\u00ed kari\u00e9\u0159e mohl pokra\u010dovat.<\/p>\n\n\n\n<p>&#8222;M\u016fj prvorozen\u00fd syn byl kr\u00e1sn\u00e9, zdrav\u00e9 bezprobl\u00e9mov\u00e9 mimino,&#8220; za\u010d\u00edn\u00e1 popisovat Kevinovu zdravotn\u00ed anab\u00e1zi maminka &#8222;Vyv\u00edjel se tak, jak se d\u00edt\u011b vyv\u00edjet m\u00e1, nestonal. V\u0161e se ale zm\u011bnilo, kdy\u017e se postavil na nohy a u\u010dil se chodit. N\u011bco nehr\u00e1lo. Pediatr m\u011b uklid\u0148oval, \u017ee jde o ch\u016fzov\u00fd stereotyp, kter\u00fd do t\u0159\u00ed let odezn\u00ed. Bohu\u017eel se m\u00fdlil.&#8220; Dva roky pak maminka s Kevinem proch\u00e1zela koloto\u010dem r\u016fzn\u00fdch vy\u0161et\u0159en\u00ed a a\u017e pak zazn\u011bla diagn\u00f3za: zanedban\u00e1 d\u011btsk\u00e1 mozkov\u00e1 obrna. Nemoc postihla Kevinovy nohy, zlehka jemnou motoriku rukou a pravou hemisf\u00e9ru mozku. &#8222;Ani jsem se nesta\u010dila zhluboka nadechnout a p\u0159i\u0161la dal\u0161\u00ed jobovka. Bylo mi \u0159e\u010deno, \u017ee Kevinovy \u0161lachy jsou u\u017e natolik zkr\u00e1cen\u00e9, \u017ee pokud s t\u00edm neza\u010dneme okam\u017eit\u011b n\u011bco d\u011blat, skon\u010d\u00ed do n\u011bkolika let na invalidn\u00edm voz\u00edku,&#8220; vzpom\u00edn\u00e1 maminka. <br> <br>Na l\u00edtost ale nebyl \u010das. Od chv\u00edle, kdy se dozv\u011bd\u011bli o hrozb\u011b trval\u00e9 invalidity, nestr\u00e1vili jedin\u00fd den bez &#8222;dom\u00e1c\u00edho cvi\u010den\u00ed&#8220;. K tomu Kevin pravideln\u011b rehabilituje pod odborn\u00fdm dohledem, podstupuje l\u00e9\u010debn\u00e9 programy, jezd\u00ed do l\u00e1zn\u00ed. V bitv\u011b o jeho osud pak rodina vsadila na sport. &#8222;Kdy\u017e jsem se vybre\u010dela, sl\u00edbila jsem si, \u017ee ud\u011bl\u00e1m v\u0161echno pro to, aby vedl co nejplnohodnotn\u011bj\u0161\u00ed \u017eivot. Aby s\u00e1m sebe nikdy nevn\u00edmal jako chudinku. Nav\u00edc se ze zdravotn\u00edch d\u016fvod\u016f musel st\u00e1t pohyb stejnou sou\u010d\u00e1st\u00ed jeho \u017eivota jako t\u0159eba \u010di\u0161t\u011bn\u00ed zub\u016f. Mnohem v\u00edc ne\u017e u zcela zdrav\u00fdch d\u011bt\u00ed. Dnes je Kev\u010da vesel\u00fd kluk, kter\u00fd jde do v\u0161eho po hlav\u011b. A t\u011b\u0161\u00ed m\u011b i to, \u017ee je velk\u00fdm vzorem i pro mlad\u0161\u00edho br\u00e1\u0161ku, kter\u00fd je na\u0161t\u011bst\u00ed zdrav\u00fd. Ale do sm\u00edchu n\u00e1m \u010dasto opravdu nebylo,&#8220; dod\u00e1v\u00e1 Kevinova maminka.<\/p>\n\n\n\n<p>Poctiv\u00fd d\u0159\u00ed\u010d Kevin si z\u00edskal respekt i u sv\u00e9ho tren\u00e9ra Mari\u00e1na La\u010dn\u00e9ho. &#8222;Poprv\u00e9 jsem se s n\u00edm potkal v jeho \u0161esti letech na letn\u00edm t\u00e1bo\u0159e ve sportovn\u00edm bezbarierov\u00e9m centru pro handicapovan\u00e9,&#8220; \u0159\u00edk\u00e1 mu\u017e, kter\u00fd sleduje jeho sportovn\u00ed vzestup u\u017e deset let. Kevin se pr\u00fd spont\u00e1nn\u011b hrnul vyzkou\u0161et si v\u0161echny mo\u017en\u00e9 sporty, nejv\u00edc mu ale u\u010darovalo kolo. Nikdy nepot\u0159eboval pob\u00edzet. M\u00e1 v sob\u011b p\u0159irozen\u00fd motor. Proto se docela rychle dostal do pravideln\u00e9 tr\u00e9ninkov\u00e9 p\u0159\u00edpravy paracyklist\u016f. Klub mu poskytl prvn\u00ed sportovn\u00ed a technick\u00e9 zaji\u0161t\u011bn\u00ed nejd\u0159\u00edve jen na tr\u00e9ninky a potom i p\u0159i \u00fa\u010dasti na republikov\u00e9 sout\u011b\u017e\u00edch pro handicapovan\u00e9. <br> <br>Sv\u016fj boj se zdravotn\u00edm handicapem u\u017e tedy p\u0159es sv\u00e9 ml\u00e1d\u00ed vybojoval. S \u010d\u00edm se ale s maminkou pot\u00fdkaj\u00ed, je nedostatek financ\u00ed na tricykl, aby v nad\u011bjn\u011b rozjet\u00e9 sportovn\u00ed kari\u00e9\u0159e mohl pokra\u010dovat. Klub m\u00e1 co do poskytov\u00e1n\u00ed materi\u00e1ln\u00edho z\u00e1zem\u00ed sv\u00e9 limity. S d\u011btskou mozkovou obrnou toti\u017e souvis\u00ed probl\u00e9m s udr\u017een\u00edm rovnov\u00e1hy na klasick\u00e9m kole. Tricykl je jedin\u00e1 mo\u017enost. Nejde ov\u0161em o levnou z\u00e1le\u017eitost. Rodina ov\u0161em vedle n\u00e1klad\u016f na b\u011b\u017en\u00fd chod dom\u00e1cnosti ze sv\u00e9ho plat\u00ed i Kevinovy rehabilitace. Mlad\u00fd sportovec je nezbytn\u011b pot\u0159ebuje, ale poji\u0161\u0165ovny je nehrad\u00ed. Rodina tak s podporou Kevinova tren\u00e9ra Mari\u00e1na La\u010dn\u00e9ho a organizac\u00ed Patron d\u011bt\u00ed vyhl\u00e1sila ve\u0159ejnou sb\u00edrku na nov\u00fd tricykl. Pomoci m\u016f\u017ee kdokoli na adrese https:\/\/patrondeti.cz\/pribeh\/tricykl-pro-mistra-cr-kevina.<\/p>\n\n\n\n<p>Z fin\u00e1ln\u00ed \u010d\u00e1stky 45 tis\u00edc korun se u\u017e poda\u0159ilo vybrat v\u00edce ne\u017e 16 tis\u00edc. &#8222;Z d\u00edt\u011bte, kter\u00e9mu l\u00e9ka\u0159i p\u0159edpov\u00eddali invalidn\u00ed voz\u00edk, je dnes sportovec, kter\u00fd \u00fasp\u011b\u0161n\u011b reprezentuje sv\u016fj sportovn\u00ed klub a m\u00e1 na to reprezentovat i \u010ceskou republiku v zahrani\u010d\u00ed. Na sv\u016fj v\u011bk a s p\u0159ek\u00e1\u017ekami, kter\u00e9 mus\u00ed p\u0159ekon\u00e1vat, je osobnostn\u011b vyzr\u00e1lej\u0161\u00ed ne\u017e leckte\u0159\u00ed t\u0159ic\u00e1tn\u00edci. Proto mu tolik fand\u00edm, &#8220; uzav\u00edr\u00e1 Mari\u00e1n La\u010dn\u00fd.<\/p>\n\n\n\n<p>Kdo je Patron d\u011bt\u00ed<\/p>\n\n\n\n<p>Patron d\u011bt\u00ed je charitativn\u00ed projekt, kter\u00fd zalo\u017eila Nadace Sirius v roce 2017. Je zam\u011b\u0159en na p\u0159\u00edmou a opakovanou pomoc soci\u00e1ln\u011b a zdravotn\u011b znev\u00fdhodn\u011bn\u00fdm nezletil\u00fdm d\u011btem z cel\u00e9 \u010cesk\u00e9 republiky formou adresn\u00fdch ve\u0159ejn\u00fdch sb\u00edrek. Na dary pro d\u011bti se skl\u00e1daj\u00ed tis\u00edce p\u0159isp\u011bvatel\u016f. Ka\u017ed\u00fd z nich pen\u00edze daruje na po\u0159\u00edzen\u00ed v\u011bci nebo slu\u017eby konkr\u00e9tn\u00edho d\u00edt\u011bte, jeho\u017e p\u0159\u00edb\u011bh si s\u00e1m vybral, \u010di na transparentn\u00ed \u00fa\u010det. Pen\u00edze rodin\u00e1m Patron d\u011bt\u00ed nepos\u00edl\u00e1. Na dary pro d\u011bti m\u00ed\u0159\u00ed cel\u00fdch 100 procent vybran\u00e9 \u010d\u00e1stky, proto\u017ee provoz Patrona d\u011bt\u00ed hrad\u00ed zcela Nadace Sirius. Patron d\u011bt\u00ed od sv\u00e9ho vzniku podpo\u0159il 4890 d\u011btsk\u00fdch p\u0159\u00edb\u011bh\u016f, na kter\u00e9 se slo\u017eilo 23 528 lid\u00ed \u010d\u00e1stkou 53,3 milionu.<\/p>\n\n\n\n<p>PETR VODSE\u010e\u00c1LEK<\/p>\n\n\n\n<p>Libereck\u00fd den\u00edk<\/p>\n\n\n\n<p><a rel=\"noreferrer noopener\" aria-label=\" (otev\u0159e se na nov\u00e9 z\u00e1lo\u017ece)\" href=\"http:\/\/www.liberecky.denik.cz\/\" target=\"_blank\">http:\/\/www.liberecky.denik.cz\/<\/a><\/p>\n","protected":false},"excerpt":{"rendered":"<div class=\"mh-excerpt\"><p>ilustra\u010dn\u00ed foto Kevina z Liberce handicap nezastavil. V\u00e1l\u00ed na kole, pot\u0159ebuje v\u0161ak nov\u00e9. P\u0159\u00edb\u011bh \u0161estn\u00e1ctilet\u00e9ho Kevina z Liberce se podob\u00e1 filmov\u00e9mu sc\u00e9n\u00e1\u0159i. Jako d\u00edt\u011b prod\u011blal <a class=\"mh-excerpt-more\" href=\"https:\/\/www.invarena.cz\/?p=35871\" title=\"Kevin z Liberce p\u0159ekonal mozkovou obrnu a stal se mistrem republiky paracyklist\u016f\">[&#8230;]<\/a><\/p>\n<\/div>","protected":false},"author":1,"featured_media":32302,"comment_status":"open","ping_status":"closed","sticky":false,"template":"","format":"standard","meta":{"footnotes":""},"categories":[9],"tags":[],"class_list":["post-35871","post","type-post","status-publish","format-standard","has-post-thumbnail","hentry","category-zpravy"],"_links":{"self":[{"href":"https:\/\/www.invarena.cz\/index.php?rest_route=\/wp\/v2\/posts\/35871","targetHints":{"allow":["GET"]}}],"collection":[{"href":"https:\/\/www.invarena.cz\/index.php?rest_route=\/wp\/v2\/posts"}],"about":[{"href":"https:\/\/www.invarena.cz\/index.php?rest_route=\/wp\/v2\/types\/post"}],"author":[{"embeddable":true,"href":"https:\/\/www.invarena.cz\/index.php?rest_route=\/wp\/v2\/users\/1"}],"replies":[{"embeddable":true,"href":"https:\/\/www.invarena.cz\/index.php?rest_route=%2Fwp%2Fv2%2Fcomments&post=35871"}],"version-history":[{"count":0,"href":"https:\/\/www.invarena.cz\/index.php?rest_route=\/wp\/v2\/posts\/35871\/revisions"}],"wp:featuredmedia":[{"embeddable":true,"href":"https:\/\/www.invarena.cz\/index.php?rest_route=\/wp\/v2\/media\/32302"}],"wp:attachment":[{"href":"https:\/\/www.invarena.cz\/index.php?rest_route=%2Fwp%2Fv2%2Fmedia&parent=35871"}],"wp:term":[{"taxonomy":"category","embeddable":true,"href":"https:\/\/www.invarena.cz\/index.php?rest_route=%2Fwp%2Fv2%2Fcategories&post=35871"},{"taxonomy":"post_tag","embeddable":true,"href":"https:\/\/www.invarena.cz\/index.php?rest_route=%2Fwp%2Fv2%2Ftags&post=35871"}],"curies":[{"name":"wp","href":"https:\/\/api.w.org\/{rel}","templated":true}]}}