{"id":35880,"date":"2021-02-18T18:45:11","date_gmt":"2021-02-18T17:45:11","guid":{"rendered":"http:\/\/www.invarena.cz\/?p=35880"},"modified":"2021-02-18T18:45:13","modified_gmt":"2021-02-18T17:45:13","slug":"jsem-maximalista-rika-trener-na-voziku","status":"publish","type":"post","link":"https:\/\/www.invarena.cz\/?p=35880","title":{"rendered":"Jsem maximalista, \u0159\u00edk\u00e1 tren\u00e9r na voz\u00edku"},"content":{"rendered":"\n<p>Z\u016fstal na voz\u00edku, kdy\u017e na n\u011bj spadla n\u00e1jezdov\u00e1 rampa z podvaln\u00edku, na kter\u00e9m se p\u0159ev\u00e1\u017e\u00ed tanky. P\u00e1te\u0159 mu p\u0159eru\u0161ila m\u00edchu. &#8222;U\u017e nikdy nebudu hr\u00e1t fotbal,&#8220; myslel si tehdy Zden\u011bk Mach\u00e1\u010dek z Tasovic na Znojemsku. Dnes z invalidn\u00edho voz\u00edku fotbalisty tr\u00e9nuje a kdy\u017e se neda\u0159\u00ed, ot\u0159\u00e1s\u00e1 se kabina v z\u00e1kladech.<\/p>\n\n\n\n<p>Pr\u00e1v\u011b fotbal, kter\u00fd hr\u00e1l od mali\u010dka, mu v t\u011b\u017ek\u00e9 chv\u00edli pomohl. Hendikep ze zran\u011bn\u00ed p\u0159ed patn\u00e1cti lety mu na s\u00edle neub\u00edr\u00e1. &#8222;Jsem maximalista, ve v\u0161em. Pot\u0159ebuji m\u00edt mu\u017estvo v\u017edycky dob\u0159e p\u0159ipraven\u00e9.<\/p>\n\n\n\n<p>Jsem n\u00e1ro\u010dn\u00fd k sob\u011b i druh\u00fdm,&#8220; p\u0159izn\u00e1v\u00e1 pobaven\u011b. Znaj\u00ed ho sportovci v rodn\u00fdch Dob\u0161ic\u00edch, ale p\u0159edev\u0161\u00edm v Tasovic\u00edch, kde te\u010f bydl\u00ed s rodinou. Tamn\u00edmu klubu Sokola pom\u00e1h\u00e1 tak\u00e9 s organizac\u00ed tr\u00e9nink\u016f na um\u011bl\u00e9 tr\u00e1v\u011b a spravuje webov\u00e9 str\u00e1nky. &#8222;Dva roky po \u00farazu m\u011b oslovili kluci z fotbalov\u00e9ho klubu v Jevi\u0161ovic\u00edch, \u017ee by pot\u0159ebovali funkcion\u00e1\u0159e.<\/p>\n\n\n\n<p>Po\u0159\u00e1d v\u00edc m\u011b to ale t\u00e1hlo k tr\u00e9nov\u00e1n\u00ed, pozd\u011bji jsem ho p\u0159evzal po sv\u00e9m p\u0159edch\u016fdci. Kluci tam hr\u00e1li krajsk\u00fd p\u0159ebor, d\u00e1vali tomu hodn\u011b. M\u00edvali v\u00edc cti\u017e\u00e1dosti, dnes se hr\u00e1\u010di moc necht\u011bj\u00ed d\u00e1l posouvat,&#8220; kr\u010d\u00ed rameny p\u011bta\u010dty\u0159icetilet\u00fd Mach\u00e1\u010dek. V\u00fdjime\u010dn\u00fd tren\u00e9r nevynech\u00e1 ani brig\u00e1du na h\u0159i\u0161ti a nev\u00e1h\u00e1 vz\u00edt do ruky lopatu. &#8222;Odd\u0159ou to hlavn\u011b ostatn\u00ed. P\u0159ece jen nejsem schopen h\u00e1zet osm hodin lopatou. Brig\u00e1dy ale zorganizuji,&#8220; sm\u011bje se.<\/p>\n\n\n\n<p>V za\u010d\u00e1tc\u00edch hr\u00e1l osm let za FC Znojmo, pak se vyu\u010dil automechanikem, fotbal hr\u00e1l i na vojn\u011b. &#8222;Pozd\u011bji jsem vedl sportovn\u00ed \u010detu u arm\u00e1dy a stal jsem se voj\u00e1kem z povol\u00e1n\u00ed,&#8220; dod\u00e1v\u00e1. Pr\u00e1v\u011b tam se mu tak\u00e9 stal osudn\u00fd \u00faraz.<\/p>\n\n\n\n<p>R\u00e1d ryba\u0159\u00ed a voln\u00fd \u010das tr\u00e1v\u00ed s man\u017eelkou a dosp\u011blou dcerou. M\u00e1 tak\u00e9 ocen\u011bn\u00ed Sportovn\u00ed osobnost okresu Znojmo 2014. D\u00edky fotbalu se vrac\u00ed do jin\u00e9ho sv\u011bta. &#8222;Je to dobr\u00e1 parta kamar\u00e1d\u016f, kte\u0159\u00ed se za m\u011b postav\u00ed,&#8220; oce\u0148uje Zden\u011bk Mach\u00e1\u010dek. <br> <br>Fotogalerie na <a href=\"http:\/\/www.rovnost.cz\/\">www.rovnost.cz<\/a><\/p>\n\n\n\n<p>DAGMAR SEDL\u00c1\u010cKOV\u00c1<\/p>\n\n\n\n<p>Brn\u011bnsk\u00fd den\u00edk<\/p>\n\n\n\n<p><a rel=\"noreferrer noopener\" aria-label=\" (otev\u0159e se na nov\u00e9 z\u00e1lo\u017ece)\" href=\"http:\/\/brnensky.denik.cz\/\" target=\"_blank\">http:\/\/brnensky.denik.cz\/<\/a><\/p>\n","protected":false},"excerpt":{"rendered":"<div class=\"mh-excerpt\"><p>Z\u016fstal na voz\u00edku, kdy\u017e na n\u011bj spadla n\u00e1jezdov\u00e1 rampa z podvaln\u00edku, na kter\u00e9m se p\u0159ev\u00e1\u017e\u00ed tanky. P\u00e1te\u0159 mu p\u0159eru\u0161ila m\u00edchu. &#8222;U\u017e nikdy nebudu hr\u00e1t fotbal,&#8220; <a class=\"mh-excerpt-more\" href=\"https:\/\/www.invarena.cz\/?p=35880\" title=\"Jsem maximalista, \u0159\u00edk\u00e1 tren\u00e9r na voz\u00edku\">[&#8230;]<\/a><\/p>\n<\/div>","protected":false},"author":1,"featured_media":21907,"comment_status":"open","ping_status":"closed","sticky":false,"template":"","format":"standard","meta":{"footnotes":""},"categories":[9],"tags":[],"class_list":["post-35880","post","type-post","status-publish","format-standard","has-post-thumbnail","hentry","category-zpravy"],"_links":{"self":[{"href":"https:\/\/www.invarena.cz\/index.php?rest_route=\/wp\/v2\/posts\/35880","targetHints":{"allow":["GET"]}}],"collection":[{"href":"https:\/\/www.invarena.cz\/index.php?rest_route=\/wp\/v2\/posts"}],"about":[{"href":"https:\/\/www.invarena.cz\/index.php?rest_route=\/wp\/v2\/types\/post"}],"author":[{"embeddable":true,"href":"https:\/\/www.invarena.cz\/index.php?rest_route=\/wp\/v2\/users\/1"}],"replies":[{"embeddable":true,"href":"https:\/\/www.invarena.cz\/index.php?rest_route=%2Fwp%2Fv2%2Fcomments&post=35880"}],"version-history":[{"count":0,"href":"https:\/\/www.invarena.cz\/index.php?rest_route=\/wp\/v2\/posts\/35880\/revisions"}],"wp:featuredmedia":[{"embeddable":true,"href":"https:\/\/www.invarena.cz\/index.php?rest_route=\/wp\/v2\/media\/21907"}],"wp:attachment":[{"href":"https:\/\/www.invarena.cz\/index.php?rest_route=%2Fwp%2Fv2%2Fmedia&parent=35880"}],"wp:term":[{"taxonomy":"category","embeddable":true,"href":"https:\/\/www.invarena.cz\/index.php?rest_route=%2Fwp%2Fv2%2Fcategories&post=35880"},{"taxonomy":"post_tag","embeddable":true,"href":"https:\/\/www.invarena.cz\/index.php?rest_route=%2Fwp%2Fv2%2Ftags&post=35880"}],"curies":[{"name":"wp","href":"https:\/\/api.w.org\/{rel}","templated":true}]}}