{"id":35909,"date":"2021-02-26T08:53:20","date_gmt":"2021-02-26T07:53:20","guid":{"rendered":"http:\/\/www.invarena.cz\/?p=35909"},"modified":"2021-02-26T08:53:22","modified_gmt":"2021-02-26T07:53:22","slug":"prispevek-na-porizeni-motoroveho-vozidla","status":"publish","type":"post","link":"https:\/\/www.invarena.cz\/?p=35909","title":{"rendered":"P\u0159\u00edsp\u011bvek na po\u0159\u00edzen\u00ed motorov\u00e9ho vozidla"},"content":{"rendered":"\n<p>Dotaz:<\/p>\n\n\n\n<p>Maminka m\u00e1 Alzheimera a nen\u00ed schopna se o sebe postarat. Star\u00e1 se o ni jej\u00ed man\u017eel, kter\u00fd p\u0159i\u0161el o levou ruku ji\u017e v ml\u00e1d\u00ed, ob\u011bma je 80 let a \u017eij\u00ed sami ve sv\u00e9m byt\u011b.<\/p>\n\n\n\n<p>J\u00e1 jim chod\u00edm pravideln\u011b pod\u00e1vat pr\u00e1\u0161ky a nakupovat. M\u00e1ma pob\u00edr\u00e1 p\u0159\u00edsp\u011bvek na p\u00e9\u010di ve 3. stupni. Mohu \u017e\u00e1dat o p\u0159\u00edsp\u011bvek na auto, abych je mohl vozit k l\u00e9ka\u0159i, na n\u00e1kupy apod.<\/p>\n\n\n\n<p>Odpov\u011b\u010f:<\/p>\n\n\n\n<p>Vy, jako\u017eto pe\u010duj\u00edc\u00ed osoba o Va\u0161e rodi\u010de, po\u017e\u00e1dat o p\u0159\u00edsp\u011bvek na po\u0159\u00edzen\u00ed motorov\u00e9ho vozidla nem\u016f\u017eete. P\u0159\u00edsp\u011bvek na po\u0159\u00edzen\u00ed motorov\u00e9ho vozidla m\u016f\u017ee b\u00fdt poskytnut pouze osob\u011b, kter\u00e1 trp\u00ed vadou pohybov\u00e9ho, nebo nosn\u00e9ho apar\u00e1tu, nebo osob\u011b s t\u011b\u017ekou ment\u00e1ln\u00ed retardac\u00ed.<\/p>\n\n\n\n<p>Zdravotn\u00ed stavy, kter\u00e9 od\u016fvod\u0148uj\u00ed p\u0159izn\u00e1n\u00ed p\u0159\u00edsp\u011bvku na po\u0159\u00edzen\u00ed motorov\u00e9ho vozidla, jsou uvedeny v p\u0159\u00edloze I. z\u00e1kona 329\/2011 sb. o poskytov\u00e1n\u00ed d\u00e1vek osob\u00e1m se zdravotn\u00edm posti\u017een\u00edm. Zda bude \u010di nebude p\u0159\u00edsp\u011bvek na po\u0159\u00edzen\u00ed motorov\u00e9ho vozidla osob\u011b se zdravotn\u00edm posti\u017een\u00edm p\u0159izn\u00e1n, z\u00e1le\u017e\u00ed na posouzen\u00ed zdravotn\u00edho stavu \u017eadatele posudkov\u00fdm l\u00e9ka\u0159em, okresn\u00ed spr\u00e1vy soci\u00e1ln\u00edho zabezpe\u010den\u00ed. Vy, jako\u017eto pe\u010duj\u00edc\u00ed osoba, m\u016f\u017eete Va\u0161im rodi\u010d\u016fm pomoci s vypln\u011bn\u00edm \u017e\u00e1dosti o p\u0159\u00edsp\u011bvek na po\u0159\u00edzen\u00ed motorov\u00e9ho vozidla. Pokud je \u017eadatel omezen ve sv\u00e9pr\u00e1vnosti, \u017e\u00e1dost za n\u011bho pod\u00e1v\u00e1 jeho opatrovn\u00edk. O p\u0159\u00edsp\u011bvek na po\u0159\u00edzen\u00ed motorov\u00e9ho vozidla se \u017e\u00e1d\u00e1 na \u00fa\u0159ad\u011b pr\u00e1ce v m\u00edst\u011b trval\u00e9ho bydli\u0161t\u011b \u017eadatele.<\/p>\n\n\n\n<p>admin<\/p>\n","protected":false},"excerpt":{"rendered":"<div class=\"mh-excerpt\"><p>Dotaz: Maminka m\u00e1 Alzheimera a nen\u00ed schopna se o sebe postarat. Star\u00e1 se o ni jej\u00ed man\u017eel, kter\u00fd p\u0159i\u0161el o levou ruku ji\u017e v ml\u00e1d\u00ed, <a class=\"mh-excerpt-more\" href=\"https:\/\/www.invarena.cz\/?p=35909\" title=\"P\u0159\u00edsp\u011bvek na po\u0159\u00edzen\u00ed motorov\u00e9ho vozidla\">[&#8230;]<\/a><\/p>\n<\/div>","protected":false},"author":1,"featured_media":33466,"comment_status":"open","ping_status":"closed","sticky":false,"template":"","format":"standard","meta":{"footnotes":""},"categories":[18],"tags":[],"class_list":["post-35909","post","type-post","status-publish","format-standard","has-post-thumbnail","hentry","category-poradna"],"_links":{"self":[{"href":"https:\/\/www.invarena.cz\/index.php?rest_route=\/wp\/v2\/posts\/35909","targetHints":{"allow":["GET"]}}],"collection":[{"href":"https:\/\/www.invarena.cz\/index.php?rest_route=\/wp\/v2\/posts"}],"about":[{"href":"https:\/\/www.invarena.cz\/index.php?rest_route=\/wp\/v2\/types\/post"}],"author":[{"embeddable":true,"href":"https:\/\/www.invarena.cz\/index.php?rest_route=\/wp\/v2\/users\/1"}],"replies":[{"embeddable":true,"href":"https:\/\/www.invarena.cz\/index.php?rest_route=%2Fwp%2Fv2%2Fcomments&post=35909"}],"version-history":[{"count":0,"href":"https:\/\/www.invarena.cz\/index.php?rest_route=\/wp\/v2\/posts\/35909\/revisions"}],"wp:featuredmedia":[{"embeddable":true,"href":"https:\/\/www.invarena.cz\/index.php?rest_route=\/wp\/v2\/media\/33466"}],"wp:attachment":[{"href":"https:\/\/www.invarena.cz\/index.php?rest_route=%2Fwp%2Fv2%2Fmedia&parent=35909"}],"wp:term":[{"taxonomy":"category","embeddable":true,"href":"https:\/\/www.invarena.cz\/index.php?rest_route=%2Fwp%2Fv2%2Fcategories&post=35909"},{"taxonomy":"post_tag","embeddable":true,"href":"https:\/\/www.invarena.cz\/index.php?rest_route=%2Fwp%2Fv2%2Ftags&post=35909"}],"curies":[{"name":"wp","href":"https:\/\/api.w.org\/{rel}","templated":true}]}}