{"id":35912,"date":"2021-03-03T20:03:41","date_gmt":"2021-03-03T19:03:41","guid":{"rendered":"http:\/\/www.invarena.cz\/?p=35912"},"modified":"2021-03-03T20:05:09","modified_gmt":"2021-03-03T19:05:09","slug":"ockovani-proti-covid-19","status":"publish","type":"post","link":"https:\/\/www.invarena.cz\/?p=35912","title":{"rendered":"O\u010dkov\u00e1n\u00ed proti Covid-19"},"content":{"rendered":"\n<p>Dotaz:<\/p>\n\n\n\n<p> <br>Je mi 50 let, jsem p\u0159\u00edjemcem invalidn\u00edho d\u016fchodu I. stupn\u011b a dr\u017eitelem pr\u016fkazu ZTP. Mohu b\u00fdt u sv\u00e9ho praktick\u00e9ho l\u00e9ka\u0159e p\u0159ednostn\u011b o\u010dkov\u00e1n proti Covid-19?<\/p>\n\n\n\n<p>Odpov\u011b\u010f<\/p>\n\n\n\n<p>Skute\u010dnost, \u017ee jste dr\u017eitelem pr\u016fkazu ZTP a p\u0159\u00edjemcem invalidn\u00edho d\u016fchodu pro invaliditu I. stupn\u011b, V\u00e1m automaticky nezakl\u00e1d\u00e1 vznik n\u00e1roku na d\u0159\u00edv\u011bj\u0161\u00ed o\u010dkov\u00e1n\u00ed u va\u0161eho praktick\u00e9ho l\u00e9ka\u0159e. Prakti\u010dt\u00ed l\u00e9ka\u0159i mohou sice o\u010dkovat osoby, kter\u00e9 jsou nyn\u00ed mlad\u0161\u00ed 70ti let, ale pouze tehdy, pokud je jejich zdravotn\u00ed stav takov\u00fd, \u017ee p\u0159\u00edpadn\u00e9 naka\u017een\u00ed coronavirem by u nich mohlo m\u00edt stejn\u011b z\u00e1va\u017en\u00fd pr\u016fb\u011bh, jako u osob star\u0161\u00edch 70ti let. Jedn\u00e1 se nap\u0159\u00edklad o osoby s diabetem, o osoby po transplantaci org\u00e1n\u016f, o osoby s kognitivn\u00edmi poruchami apod. Obra\u0165te se na sv\u00e9ho praktick\u00e9ho l\u00e9ka\u0159e, kter\u00fd by m\u011bl na z\u00e1klad\u011b informac\u00ed o Va\u0161em zdravotn\u00edm stavu vyhodnotit, zda V\u00e1s bude moci p\u0159ednostn\u011b nao\u010dkovat.<\/p>\n\n\n\n<p>admin<\/p>\n","protected":false},"excerpt":{"rendered":"<div class=\"mh-excerpt\"><p>Dotaz: Je mi 50 let, jsem p\u0159\u00edjemcem invalidn\u00edho d\u016fchodu I. stupn\u011b a dr\u017eitelem pr\u016fkazu ZTP. Mohu b\u00fdt u sv\u00e9ho praktick\u00e9ho l\u00e9ka\u0159e p\u0159ednostn\u011b o\u010dkov\u00e1n proti Covid-19? <a class=\"mh-excerpt-more\" href=\"https:\/\/www.invarena.cz\/?p=35912\" title=\"O\u010dkov\u00e1n\u00ed proti Covid-19\">[&#8230;]<\/a><\/p>\n<\/div>","protected":false},"author":1,"featured_media":15420,"comment_status":"open","ping_status":"closed","sticky":false,"template":"","format":"standard","meta":{"footnotes":""},"categories":[18],"tags":[],"class_list":["post-35912","post","type-post","status-publish","format-standard","has-post-thumbnail","hentry","category-poradna"],"_links":{"self":[{"href":"https:\/\/www.invarena.cz\/index.php?rest_route=\/wp\/v2\/posts\/35912","targetHints":{"allow":["GET"]}}],"collection":[{"href":"https:\/\/www.invarena.cz\/index.php?rest_route=\/wp\/v2\/posts"}],"about":[{"href":"https:\/\/www.invarena.cz\/index.php?rest_route=\/wp\/v2\/types\/post"}],"author":[{"embeddable":true,"href":"https:\/\/www.invarena.cz\/index.php?rest_route=\/wp\/v2\/users\/1"}],"replies":[{"embeddable":true,"href":"https:\/\/www.invarena.cz\/index.php?rest_route=%2Fwp%2Fv2%2Fcomments&post=35912"}],"version-history":[{"count":0,"href":"https:\/\/www.invarena.cz\/index.php?rest_route=\/wp\/v2\/posts\/35912\/revisions"}],"wp:featuredmedia":[{"embeddable":true,"href":"https:\/\/www.invarena.cz\/index.php?rest_route=\/wp\/v2\/media\/15420"}],"wp:attachment":[{"href":"https:\/\/www.invarena.cz\/index.php?rest_route=%2Fwp%2Fv2%2Fmedia&parent=35912"}],"wp:term":[{"taxonomy":"category","embeddable":true,"href":"https:\/\/www.invarena.cz\/index.php?rest_route=%2Fwp%2Fv2%2Fcategories&post=35912"},{"taxonomy":"post_tag","embeddable":true,"href":"https:\/\/www.invarena.cz\/index.php?rest_route=%2Fwp%2Fv2%2Ftags&post=35912"}],"curies":[{"name":"wp","href":"https:\/\/api.w.org\/{rel}","templated":true}]}}