{"id":3592,"date":"2013-04-10T08:55:19","date_gmt":"2013-04-10T06:55:19","guid":{"rendered":"http:\/\/www.invarena.cz\/?p=3592"},"modified":"2013-04-10T08:55:19","modified_gmt":"2013-04-10T06:55:19","slug":"novy-web-vas-provede-socialnimi-sluzbami","status":"publish","type":"post","link":"https:\/\/www.invarena.cz\/?p=3592","title":{"rendered":"Nov\u00fd web v\u00e1s provede soci\u00e1ln\u00edmi slu\u017ebami"},"content":{"rendered":"<p><strong>Efektivn\u011bj\u0161\u00ed \u0159\u00edzen\u00ed, rozd\u011blov\u00e1n\u00ed a sledov\u00e1n\u00ed pen\u011bz nejen z EU na soci\u00e1ln\u00ed slu\u017eby. To je c\u00edl projektu, o kter\u00e9m se lid\u00e9 mohou nov\u011b dozv\u011bd\u011bt v\u00edce tak\u00e9 na internetu.<\/strong><br \/>\n<!--more--><br \/>\nNov\u00e9 webov\u00e9 str\u00e1nky, kter\u00e9 ned\u00e1vno spustilo Ministerstvo pr\u00e1ce a soci\u00e1ln\u00edch v\u011bc\u00ed, p\u0159edstavuj\u00ed v\u00fdsledky projektu a najdete je na adrese www.podporaprocesu.cz.<\/p>\n<p>Projekt &#8222;Podpora proces\u016f v soci\u00e1ln\u00edch slu\u017eb\u00e1ch&#8220; je financovan\u00fd z Evropsk\u00e9ho soci\u00e1ln\u00edho fondu prost\u0159ednictv\u00edm Opera\u010dn\u00edho programu Lidsk\u00e9 zdroje a zam\u011bstnanost. Funguje od poloviny roku 2010. &#8222;Soci\u00e1ln\u00ed slu\u017eby by m\u011bly b\u00fdt efektivn\u00ed a pom\u00e1hat p\u0159esn\u011b tam, kde je pot\u0159eba. V\u011b\u0159\u00edm, \u017ee i tento evropsk\u00fd projekt n\u00e1m pom\u016f\u017ee toho dos\u00e1hnout. Ka\u017ed\u00fd ob\u010dan se m\u016f\u017ee pod\u00edvat, zda se n\u00e1m to da\u0159\u00ed. Sna\u017e\u00edm se o to, aby na\u0161e ministerstvo bylo v\u017edy otev\u0159en\u00fdm a komunikativn\u00edm \u00fa\u0159adem&#8220;, \u0159\u00edk\u00e1 ministryn\u011b pr\u00e1ce a soci\u00e1ln\u00edch v\u011bc\u00ed Ludmila M\u00fcllerov\u00e1 (TOP 09).<\/p>\n<p>Nov\u00fd web m\u00e1 laik\u016fm i odborn\u00edk\u016fm v\u00edce p\u0159ibl\u00ed\u017eit soci\u00e1ln\u00ed slu\u017eby a jejich zm\u011bnu, kter\u00e1 se postupn\u011b uskute\u010d\u0148uje. Nejen fakt, \u017ee se p\u00e9\u010de o posti\u017een\u00e9 lidi v \u00fastavech m\u011bn\u00ed na p\u0159\u00e1telsk\u00e1 chr\u00e1n\u011bn\u00e1 bydlen\u00ed (projekt &#8222;Podpora transformace soci\u00e1ln\u00edch slu\u017eeb&#8220;), ale tak\u00e9 to, \u017ee d\u00edky &#8222;Podpo\u0159e proces\u016f v soci\u00e1ln\u00edch slu\u017eb\u00e1ch&#8220; vzniknou doporu\u010den\u00ed pro legislativn\u00ed, metodick\u00e9 a ekonomick\u00e9 \u00fapravy syst\u00e9mu soci\u00e1ln\u00edch slu\u017eeb. Jedna z vedouc\u00edch aktivit projektu &#8222;Podpora proces\u016f v soci\u00e1ln\u00edch slu\u017eb\u00e1ch&#8220; z MPSV Daniela Luskov\u00e1 up\u0159es\u0148uje:<\/p>\n<p>&#8222;Vzhled, strukturu a obsah webu jsme uzp\u016fsobili tak, aby informace byly dostupn\u00e9 ve srozumiteln\u00e9 form\u011b. Sou\u010d\u00e1st\u00ed webu je tak\u00e9 sekce, kde lid\u00e9 najdou odpov\u011bdi na nej\u010dast\u011bj\u0161\u00ed dotazy. Nov\u00fd web tak\u00e9 zvy\u0161uje efektivitu pr\u00e1ce projektov\u00e9ho t\u00fdmu, proto\u017ee usnad\u0148uje spolupr\u00e1ci pracovn\u00edm skupin\u00e1m.\u201d<\/p>\n<p>Web na adrese www.podporaprocesu.cz je postaven na redak\u010dn\u00edm syst\u00e9mu WordPress, upraven\u00e9m pro specifick\u00e9 pot\u0159eby projektu. Spr\u00e1va str\u00e1nek je tak jednodu\u0161\u0161\u00ed, co\u017e umo\u017e\u0148uje pr\u016fb\u011b\u017enou aktualizaci a funk\u010dnost v r\u016fzn\u00fdch internetov\u00fdch prohl\u00ed\u017ee\u010d\u00edch. Sou\u010d\u00e1st\u00ed webu jsou i informace o odborn\u00fdch konferenc\u00edch, umo\u017e\u0148uj\u00edc\u00ed jejich efektivn\u00ed organiza\u010dn\u00ed i obsahovou podporu. Po ka\u017ed\u00e9 konferenci bude mo\u017en\u00e9 na webu zhl\u00e9dnout videoz\u00e1znam z akce a sezn\u00e1mit se i s pr\u016fvodn\u00edmi dokumenty.<\/p>\n<p>\u0160t\u011bp\u00e1nka Filipov\u00e1, tiskov\u00e1 mluv\u010d\u00ed<\/p>\n<p>O projektu Podpora proces\u016f v soci\u00e1ln\u00edch slu\u017eb\u00e1ch<\/p>\n<p>Projekt financovan\u00fd z ESF prost\u0159ednictv\u00edm OP LZZ se skl\u00e1d\u00e1 z dvan\u00e1cti aktivit. Mimo jin\u00e9 z anal\u00fdzy pr\u00e1vn\u00edho stavu, identifikace a vyhodnocov\u00e1n\u00ed soci\u00e1ln\u00edch jev\u016f, jejich definic\u00ed atd. V\u00fdstupem projektu bude katalog soci\u00e1ln\u00edch jev\u016f a v n\u00e1vaznosti pak karty jednotliv\u00fdch soci\u00e1ln\u00edch slu\u017eeb. To v\u0161e usnadn\u00ed registraci a orientaci v soci\u00e1ln\u00edch slu\u017eb\u00e1ch, stejn\u011b jako l\u00e9pe stanov\u00ed pravidla pro efektivn\u00ed \u010derp\u00e1n\u00ed dotac\u00ed. Na realizaci projektu se krom\u011b MPSV pod\u00edl\u00ed i Unie zam\u011bstnavatelsk\u00fdch svaz\u016f \u010cR a Svaz m\u011bst a obc\u00ed \u010cR.<\/p>\n<p>V\u00fdstupem projektu Podpora proces\u016f v soci\u00e1ln\u00edch slu\u017eb\u00e1ch budou doporu\u010den\u00ed pro legislativn\u00ed, metodick\u00e9 a ekonomick\u00e9 \u00fapravy syst\u00e9mu soci\u00e1ln\u00edch slu\u017eeb, aby bylo mo\u017en\u00e9 cel\u00fd syst\u00e9m stabilizovat, zjednodu\u0161it a zajistit tak co nejlep\u0161\u00ed adresnou distribuci pot\u0159ebn\u00fdch slu\u017eeb pro jejich u\u017eivatele.<\/p>\n<p>O Opera\u010dn\u00edm programu Lidsk\u00e9 zdroje a zam\u011bstnanost:<\/p>\n<p>OP LZZ je jedn\u00edm z opera\u010dn\u00edch program\u016f, v r\u00e1mci kter\u00fdch \u010cesk\u00e1 republika \u010derp\u00e1 prost\u0159edky z Evropsk\u00e9ho soci\u00e1ln\u00edho fondu. Ten ji\u017e v\u00edce ne\u017e 50 let pom\u00e1h\u00e1 sni\u017eovat nezam\u011bstnanost a vytv\u00e1\u0159et dobr\u00e9 podm\u00ednky na trhu pr\u00e1ce. Finan\u010dn\u00ed pomoc z Opera\u010dn\u00edho programu Lidsk\u00e9 zdroje a zam\u011bstnanost je ur\u010dena projekt\u016fm, kter\u00e9 r\u016fzn\u00fdmi zp\u016fsoby odstra\u0148uj\u00ed bari\u00e9ry na trhu pr\u00e1ce &#8211; a\u0165 u\u017e vytv\u00e1\u0159ej\u00ed nov\u00e1 pracovn\u00ed m\u00edsta, zvy\u0161uj\u00ed kvalifikaci zam\u011bstnanc\u016f, umo\u017e\u0148uj\u00ed za\u010dlen\u011bn\u00ed znev\u00fdhodn\u011bn\u00fdch skupin obyvatel \u010di lid\u00ed s hendikepem. Koncov\u00fdmi p\u0159\u00edjemci pomoci jsou konkr\u00e9tn\u00ed lid\u00e9, kter\u00fdm se ne vlastn\u00ed vinou neda\u0159\u00ed sehnat pr\u00e1ci, nebo naopak lid\u00e9, kte\u0159\u00ed jsou ohro\u017eeni ztr\u00e1tou zam\u011bstn\u00e1n\u00ed. Na \u0159\u00e1dn\u00e9 fungov\u00e1n\u00ed Opera\u010dn\u00edho programu Lidsk\u00e9 zdroje a zam\u011bstnanost dohl\u00ed\u017e\u00ed MPSV. P\u016fsobnost Opera\u010dn\u00edho programu Lidsk\u00e9 zdroje a zam\u011bstnanost je \u010dasov\u011b ohrani\u010dena programov\u00fdm obdob\u00edm mezi lety 2007 \u2013 2013.<\/p>\n<p>Parlamentnilisty.cz<\/p>\n","protected":false},"excerpt":{"rendered":"<div class=\"mh-excerpt\"><p>Efektivn\u011bj\u0161\u00ed \u0159\u00edzen\u00ed, rozd\u011blov\u00e1n\u00ed a sledov\u00e1n\u00ed pen\u011bz nejen z EU na soci\u00e1ln\u00ed slu\u017eby. To je c\u00edl projektu, o kter\u00e9m se lid\u00e9 mohou nov\u011b dozv\u011bd\u011bt v\u00edce tak\u00e9 <a class=\"mh-excerpt-more\" href=\"https:\/\/www.invarena.cz\/?p=3592\" title=\"Nov\u00fd web v\u00e1s provede soci\u00e1ln\u00edmi slu\u017ebami\">[&#8230;]<\/a><\/p>\n<\/div>","protected":false},"author":1,"featured_media":1410,"comment_status":"open","ping_status":"open","sticky":false,"template":"","format":"standard","meta":{"footnotes":""},"categories":[6],"tags":[],"class_list":["post-3592","post","type-post","status-publish","format-standard","has-post-thumbnail","hentry","category-politika"],"_links":{"self":[{"href":"https:\/\/www.invarena.cz\/index.php?rest_route=\/wp\/v2\/posts\/3592","targetHints":{"allow":["GET"]}}],"collection":[{"href":"https:\/\/www.invarena.cz\/index.php?rest_route=\/wp\/v2\/posts"}],"about":[{"href":"https:\/\/www.invarena.cz\/index.php?rest_route=\/wp\/v2\/types\/post"}],"author":[{"embeddable":true,"href":"https:\/\/www.invarena.cz\/index.php?rest_route=\/wp\/v2\/users\/1"}],"replies":[{"embeddable":true,"href":"https:\/\/www.invarena.cz\/index.php?rest_route=%2Fwp%2Fv2%2Fcomments&post=3592"}],"version-history":[{"count":0,"href":"https:\/\/www.invarena.cz\/index.php?rest_route=\/wp\/v2\/posts\/3592\/revisions"}],"wp:featuredmedia":[{"embeddable":true,"href":"https:\/\/www.invarena.cz\/index.php?rest_route=\/wp\/v2\/media\/1410"}],"wp:attachment":[{"href":"https:\/\/www.invarena.cz\/index.php?rest_route=%2Fwp%2Fv2%2Fmedia&parent=3592"}],"wp:term":[{"taxonomy":"category","embeddable":true,"href":"https:\/\/www.invarena.cz\/index.php?rest_route=%2Fwp%2Fv2%2Fcategories&post=3592"},{"taxonomy":"post_tag","embeddable":true,"href":"https:\/\/www.invarena.cz\/index.php?rest_route=%2Fwp%2Fv2%2Ftags&post=3592"}],"curies":[{"name":"wp","href":"https:\/\/api.w.org\/{rel}","templated":true}]}}