{"id":35965,"date":"2021-03-15T16:58:46","date_gmt":"2021-03-15T15:58:46","guid":{"rendered":"http:\/\/www.invarena.cz\/?p=35965"},"modified":"2021-03-15T16:58:47","modified_gmt":"2021-03-15T15:58:47","slug":"zakladni-a-materska-skola-kocianka-slavi-sto-let-vznika-almanach-skoly","status":"publish","type":"post","link":"https:\/\/www.invarena.cz\/?p=35965","title":{"rendered":"Z\u00e1kladn\u00ed a mate\u0159sk\u00e1 \u0161kola Koci\u00e1nka slav\u00ed sto let. Vznik\u00e1 almanach \u0161koly"},"content":{"rendered":"\n<p>U\u017e cel\u00e9 stolet\u00ed v Brn\u011b funguje z\u00e1kladn\u00ed a mate\u0159sk\u00e1 \u0161kola\nKoci\u00e1nka. U p\u0159\u00edle\u017eitosti v\u00fdro\u010d\u00ed vznik\u00e1 almanach, kter\u00fd zmapuje p\u0159\u00edb\u011bh \u0161koly.\nV\u00fdstavu obr\u00e1zk\u016f \u017e\u00e1k\u016f si lid\u00e9 zat\u00edm prohl\u00e9dnou jen online.<\/p>\n\n\n\n<p>P\u016fvodn\u011b do \u0161koly chodily jen d\u011bti s t\u011blesn\u00fdm posti\u017een\u00edm.\nNyn\u00ed u\u017e se v instituci vzd\u011bl\u00e1vaj\u00ed i ty s ment\u00e1ln\u00edm posti\u017een\u00edm. V\u00fdro\u010d\u00ed \u0161koly\np\u0159ich\u00e1z\u00ed dva roky po v\u00fdro\u010d\u00ed Centra Koci\u00e1nka. \u201eJak jsme vyp\u00e1trali v archivech,\nsamotn\u00e1 \u0161kola na Koci\u00e1nce ofici\u00e1ln\u011b vznikla a\u017e dva roky po vzniku \u00dastavu pro\nzmrza\u010del\u00e9, jak se tehdy jmenovalo Centrum Koci\u00e1nka,\u201c poznamenala \u0159editelka\n\u0161koly Jana Kadlecov\u00e1. Stolet\u00e1 \u0161kola se \u0161kolkou m\u00e1 nyn\u00ed 138 \u017e\u00e1k\u016f.<\/p>\n\n\n\n<p>U p\u0159\u00edle\u017eitosti v\u00fdro\u010d\u00ed je p\u0159ipraven\u00fd bohat\u00fd program, musel\nb\u00fdt ov\u0161em na m\u00edru u\u0161it\u00fd vzhledem ke koronavirov\u00e9 pandemii. \u201eVzhledem k sou\u010dasn\u00e9\nsituaci se oslavy odehraj\u00ed p\u0159edev\u0161\u00edm v on-line prost\u0159ed\u00ed,\u201c nast\u00ednila Kadlecov\u00e1.<\/p>\n\n\n\n<p>Mimo jin\u00e9 se lid\u00e9 mohou t\u011b\u0161it na v\u00fdstavu v\u00fdtvarn\u00fdch prac\u00ed\n\u017e\u00e1k\u016f v divadle na Orl\u00ed. Ne\u017e si ji budou moct prohl\u00e9dnout osobn\u011b, mohou se zat\u00edm\nobr\u00e1zky pokochat alespo\u0148 na internetu, konkr\u00e9tn\u011b na ofici\u00e1ln\u00edm facebookov\u00e9m\nprofilu \u0161koly.<\/p>\n\n\n\n<p>Krom\u011b v\u00fdstavy vznikne u p\u0159\u00edle\u017eitosti v\u00fdro\u010d\u00ed zhruba\nsedmdes\u00e1ti stranov\u00fd almanach. \u201eInformace i fotografie vyhled\u00e1v\u00e1me v dostupn\u00fdch\narchivn\u00edch zdroj\u00edch, jako jsou v\u00fdro\u010dn\u00ed zpr\u00e1vy o fungov\u00e1n\u00ed \u00fastavu a tak\u00e9\nprost\u0159ednictv\u00edm rozhovor\u016f s pam\u011btn\u00edky a b\u00fdval\u00fdmi pedagogy. Archiv \u0161koly sah\u00e1 a\u017e\ndo jejich \u00fapln\u00fdch za\u010d\u00e1tk\u016f, do roku 1919,\u201c \u0159ekla autorka almanachu Aneta\nMatysov\u00e1.<\/p>\n\n\n\n<p>Lid\u00e9 se v almanachu do\u010dtou i o zaj\u00edmav\u00fdch p\u0159\u00edb\u011bz\u00edch. \u201eNa\u0161la\njsem t\u0159eba dopis mlad\u00e9 d\u00edvky, kter\u00e1 na n\u00e1sledky onemocn\u011bn\u00ed p\u0159estala chodit a\nz\u016fstala upoutan\u00e1 na l\u016f\u017eko. V\u0161ichni se k n\u00ed chovali jako k pacientovi a ona t\u00edm\nstr\u00e1dala. Nem\u011bla si s k\u00fdm hr\u00e1t a c\u00edtila se osam\u011bl\u00e1. A\u017e kdy\u017e se dostala do\n\u00fastavu, na\u0161la novou s\u00edlu bojovat s osudem a uv\u011bdomila si, \u017ee i p\u0159es sv\u00e9\nposti\u017een\u00ed se m\u016f\u017ee d\u00e1l vzd\u011bl\u00e1vat, rozv\u00edjet se, a dokonce i pracovat,\u201c p\u0159ibl\u00ed\u017eila\nMaty\u0161ov\u00e1. Za druh\u00e9 sv\u011btov\u00e9 v\u00e1lky zase chovanci Koci\u00e1nky d\u00e1vali vyp\u011bstovan\u00e9\novoce \u010di zeleninu \u010dlen\u016fm odboje na p\u0159ilep\u0161enou.<\/p>\n\n\n\n<p>Krom\u011b almanachu d\u011bjiny \u0161koly p\u0159ibl\u00ed\u017e\u00ed i video. Lid\u00e9 se mohou t\u011b\u0161it rovn\u011b\u017e na podzimn\u00ed koncert.<\/p>\n\n\n\n<p>Brn\u011bnsk\u00fd den\u00edk<\/p>\n\n\n\n<p><a rel=\"noreferrer noopener\" aria-label=\" (otev\u0159e se na nov\u00e9 z\u00e1lo\u017ece)\" href=\"https:\/\/brnensky.denik.cz\/\" target=\"_blank\">https:\/\/brnensky.denik.cz\/<\/a><\/p>\n","protected":false},"excerpt":{"rendered":"<div class=\"mh-excerpt\"><p>U\u017e cel\u00e9 stolet\u00ed v Brn\u011b funguje z\u00e1kladn\u00ed a mate\u0159sk\u00e1 \u0161kola Koci\u00e1nka. U p\u0159\u00edle\u017eitosti v\u00fdro\u010d\u00ed vznik\u00e1 almanach, kter\u00fd zmapuje p\u0159\u00edb\u011bh \u0161koly. V\u00fdstavu obr\u00e1zk\u016f \u017e\u00e1k\u016f si lid\u00e9 <a class=\"mh-excerpt-more\" href=\"https:\/\/www.invarena.cz\/?p=35965\" title=\"Z\u00e1kladn\u00ed a mate\u0159sk\u00e1 \u0161kola Koci\u00e1nka slav\u00ed sto let. Vznik\u00e1 almanach \u0161koly\">[&#8230;]<\/a><\/p>\n<\/div>","protected":false},"author":1,"featured_media":1827,"comment_status":"open","ping_status":"closed","sticky":false,"template":"","format":"standard","meta":{"footnotes":""},"categories":[9],"tags":[],"class_list":["post-35965","post","type-post","status-publish","format-standard","has-post-thumbnail","hentry","category-zpravy"],"_links":{"self":[{"href":"https:\/\/www.invarena.cz\/index.php?rest_route=\/wp\/v2\/posts\/35965","targetHints":{"allow":["GET"]}}],"collection":[{"href":"https:\/\/www.invarena.cz\/index.php?rest_route=\/wp\/v2\/posts"}],"about":[{"href":"https:\/\/www.invarena.cz\/index.php?rest_route=\/wp\/v2\/types\/post"}],"author":[{"embeddable":true,"href":"https:\/\/www.invarena.cz\/index.php?rest_route=\/wp\/v2\/users\/1"}],"replies":[{"embeddable":true,"href":"https:\/\/www.invarena.cz\/index.php?rest_route=%2Fwp%2Fv2%2Fcomments&post=35965"}],"version-history":[{"count":0,"href":"https:\/\/www.invarena.cz\/index.php?rest_route=\/wp\/v2\/posts\/35965\/revisions"}],"wp:featuredmedia":[{"embeddable":true,"href":"https:\/\/www.invarena.cz\/index.php?rest_route=\/wp\/v2\/media\/1827"}],"wp:attachment":[{"href":"https:\/\/www.invarena.cz\/index.php?rest_route=%2Fwp%2Fv2%2Fmedia&parent=35965"}],"wp:term":[{"taxonomy":"category","embeddable":true,"href":"https:\/\/www.invarena.cz\/index.php?rest_route=%2Fwp%2Fv2%2Fcategories&post=35965"},{"taxonomy":"post_tag","embeddable":true,"href":"https:\/\/www.invarena.cz\/index.php?rest_route=%2Fwp%2Fv2%2Ftags&post=35965"}],"curies":[{"name":"wp","href":"https:\/\/api.w.org\/{rel}","templated":true}]}}