{"id":35976,"date":"2021-03-15T17:15:02","date_gmt":"2021-03-15T16:15:02","guid":{"rendered":"http:\/\/www.invarena.cz\/?p=35976"},"modified":"2021-03-15T17:15:03","modified_gmt":"2021-03-15T16:15:03","slug":"tablety-pomahaji-seniorum-i-proti-samote","status":"publish","type":"post","link":"https:\/\/www.invarena.cz\/?p=35976","title":{"rendered":"Tablety pom\u00e1haj\u00ed senior\u016fm i proti samot\u011b"},"content":{"rendered":"\n<p>B\u011bhem covidov\u00e9ho roku vstoupl po\u010det senior\u016f i Prachatic\u00edch, kte\u0159\u00ed za\u010dali intenzivn\u011b pou\u017e\u00edvat mobily, tablety, po\u010d\u00edta\u010de pro komunikaci online. Maj\u00ed z\u00e1jem o vzd\u011bl\u00e1v\u00e1n\u00ed. \u010casy, p\u0159ed deseti lety, kdy v u\u010debn\u011b bylo p\u0159es dvacet i v\u00edce senior\u016f, u jednoho po\u010d\u00edta\u010de dva t\u0159i, je pry\u010d. Dne\u0161n\u00ed individu\u00e1ln\u00ed v\u00fduka, mo\u017enost nav\u0161t\u00edvit Po\u010d\u00edta\u010dov\u00e9 u\u010debny t\u0159eba Klubu SenSen, vyu\u017e\u00edt po\u010d\u00edta\u010de v M\u011bstsk\u00e9 knihovn\u011b v Prachatic\u00edch, ale i v soci\u00e1ln\u00edch za\u0159\u00edzen\u00edch p\u0159in\u00e1\u0161\u00ed rozvoj, za kter\u00fd d\u011bkujeme.<\/p>\n\n\n\n<p>P\u0159isp\u00edvaj\u00ed k tomu aktivity m\u011bsta, Klubu SenSen, Senior\nPointu Prachatice, a dal\u0161\u00edch, kte\u0159\u00ed se sna\u017e\u00ed z\u00edsk\u00e1vat finan\u010dn\u00ed prost\u0159edky na\nroz\u0161i\u0159ov\u00e1n\u00ed celo\u017eivotn\u00edho vzd\u011bl\u00e1v\u00e1n\u00ed, ale tak\u00e9 na n\u00e1kup tablet\u016f. V lo\u0148sk\u00e9m roce\nse poda\u0159ilo z\u00edskat pro prachatick\u00e9 seniory 18 tablet\u016f ze dvou v\u00fdzev (Tablety od\nsrdce a Tablety pro osam\u011bl\u00e9 seniory d\u00edky Nadaci Charty 77), dal\u0161\u00ed p\u0159ijdou b\u011bhem\nm\u011bs\u00edce do spole\u010dnosti KreBul, kter\u00fd je z\u00edskal podporu z Nadace Olgy Havlov\u00e9 a v\nneposledn\u00ed \u0159ad\u011b na \u00fa\u0159ad, pro komunikaci s nesly\u0161\u00edc\u00edmi z projektu \u201ePrachatice\npl\u00e1nuj\u00ed budoucnost\u201c.<\/p>\n\n\n\n<p>Moudr\u00e1 Sovi\u010dka, z.s. nab\u00eddla individu\u00e1ln\u00ed v\u00fduku pro seniory\nv Prachatic\u00edch, kte\u0159\u00ed z\u00edskali tablety a nemaj\u00ed velk\u00e9 zku\u0161enosti. Spole\u010dnost\npom\u00e1h\u00e1 s \u201eprvn\u00edm spu\u0161t\u011bn\u00edm\u201c, za\u0161kolen\u00edm. \u0160lo o individu\u00e1ln\u00ed p\u0159\u00edstup. Lektor\u016fm,\nkte\u0159\u00ed se jednotliv\u011b setkali s u\u017e\u00edvali a dodr\u017eeli v\u0161echna opat\u0159en\u00ed, kter\u00e1 v\ndan\u00e9m \u010dase platila, d\u011bkujeme, jmenovit\u011b Hance Tomkov\u00e9 a Patriku Hradeck\u00e9mu.\nD\u011bkujeme i za materi\u00e1ly, kter\u00e9 ka\u017ed\u00fd z \u00fa\u010dastn\u00edk\u016f obdr\u017eel nap\u0159.: Senio\u0159i\ntelefonuj\u00ed, pracovn\u00ed se\u0161it ovl\u00e1dni chytr\u00e9ho telefonu.<\/p>\n\n\n\n<p>T\u00edmto projektem Tablety pro osam\u011bl\u00e9 seniory chceme zamezit\nvylou\u010den\u00ed senior\u016f ze spole\u010dnosti, chceme podporovat aktivitu senior\u016f, m\u00edt chu\u0165\nse celo\u017eivotn\u011b vzd\u011bl\u00e1vat, a\u017e bude mo\u017en\u00e9 p\u0159i dal\u0161\u00edch kurzech a \u0161kolen\u00edch\nvzd\u011bl\u00e1vat.<\/p>\n\n\n\n<p>Hanka RH+ Rabenhauptov\u00e1<\/p>\n\n\n\n<p>Prachatick\u00fd den\u00edk<\/p>\n\n\n\n<p><a rel=\"noreferrer noopener\" aria-label=\" (otev\u0159e se na nov\u00e9 z\u00e1lo\u017ece)\" href=\"https:\/\/prachaticky.denik.cz\" target=\"_blank\">https:\/\/prachaticky.denik.cz<\/a><\/p>\n","protected":false},"excerpt":{"rendered":"<div class=\"mh-excerpt\"><p>B\u011bhem covidov\u00e9ho roku vstoupl po\u010det senior\u016f i Prachatic\u00edch, kte\u0159\u00ed za\u010dali intenzivn\u011b pou\u017e\u00edvat mobily, tablety, po\u010d\u00edta\u010de pro komunikaci online. Maj\u00ed z\u00e1jem o vzd\u011bl\u00e1v\u00e1n\u00ed. \u010casy, p\u0159ed deseti <a class=\"mh-excerpt-more\" href=\"https:\/\/www.invarena.cz\/?p=35976\" title=\"Tablety pom\u00e1haj\u00ed senior\u016fm i proti samot\u011b\">[&#8230;]<\/a><\/p>\n<\/div>","protected":false},"author":1,"featured_media":27673,"comment_status":"open","ping_status":"closed","sticky":false,"template":"","format":"standard","meta":{"footnotes":""},"categories":[9],"tags":[],"class_list":["post-35976","post","type-post","status-publish","format-standard","has-post-thumbnail","hentry","category-zpravy"],"_links":{"self":[{"href":"https:\/\/www.invarena.cz\/index.php?rest_route=\/wp\/v2\/posts\/35976","targetHints":{"allow":["GET"]}}],"collection":[{"href":"https:\/\/www.invarena.cz\/index.php?rest_route=\/wp\/v2\/posts"}],"about":[{"href":"https:\/\/www.invarena.cz\/index.php?rest_route=\/wp\/v2\/types\/post"}],"author":[{"embeddable":true,"href":"https:\/\/www.invarena.cz\/index.php?rest_route=\/wp\/v2\/users\/1"}],"replies":[{"embeddable":true,"href":"https:\/\/www.invarena.cz\/index.php?rest_route=%2Fwp%2Fv2%2Fcomments&post=35976"}],"version-history":[{"count":0,"href":"https:\/\/www.invarena.cz\/index.php?rest_route=\/wp\/v2\/posts\/35976\/revisions"}],"wp:featuredmedia":[{"embeddable":true,"href":"https:\/\/www.invarena.cz\/index.php?rest_route=\/wp\/v2\/media\/27673"}],"wp:attachment":[{"href":"https:\/\/www.invarena.cz\/index.php?rest_route=%2Fwp%2Fv2%2Fmedia&parent=35976"}],"wp:term":[{"taxonomy":"category","embeddable":true,"href":"https:\/\/www.invarena.cz\/index.php?rest_route=%2Fwp%2Fv2%2Fcategories&post=35976"},{"taxonomy":"post_tag","embeddable":true,"href":"https:\/\/www.invarena.cz\/index.php?rest_route=%2Fwp%2Fv2%2Ftags&post=35976"}],"curies":[{"name":"wp","href":"https:\/\/api.w.org\/{rel}","templated":true}]}}