{"id":35999,"date":"2021-03-19T13:02:11","date_gmt":"2021-03-19T12:02:11","guid":{"rendered":"http:\/\/www.invarena.cz\/?p=35999"},"modified":"2021-03-19T13:02:13","modified_gmt":"2021-03-19T12:02:13","slug":"rozvoral-spd-na-dnesek-pripada-mezinarodni-den-invalidu-jejich-osud-nam-neni-lhostejny","status":"publish","type":"post","link":"https:\/\/www.invarena.cz\/?p=35999","title":{"rendered":"Rozvoral (SPD): Na dne\u0161ek p\u0159ipad\u00e1 Mezin\u00e1rodn\u00ed den invalid\u016f, jejich osud n\u00e1m nen\u00ed lhostejn\u00fd"},"content":{"rendered":"\n<p>Mezin\u00e1rodn\u00ed den invalid\u016f, kter\u00fd celosv\u011btov\u011b p\u0159ipad\u00e1 na 19. b\u0159ezna, vyhl\u00e1sila Mezin\u00e1rodn\u00ed federace pr\u00e1ce neschopn\u00fdch a civiln\u00edch invalid\u016f. M\u00e1 n\u00e1m p\u0159ipomenout, s jak\u00fdmi p\u0159ek\u00e1\u017ekami se invalid\u00e9 ka\u017ed\u00fd den mus\u00ed vyrovnat a p\u0159ekon\u00e1vat je, a\u0165 u\u017e se jedn\u00e1 o lidi na voz\u00ed\u010dku, nebo s jin\u00fdm ment\u00e1ln\u00edm \u010di fyzick\u00fdm posti\u017een\u00edm.<\/p>\n\n\n\n<p>Cel\u00fd \u010dl\u00e1nek naleznete v Parlamentn\u00edch Listech: <a href=\"https:\/\/www.parlamentnilisty.cz\/politika\/politici-volicum\/Rozvoral-SPD-Na-dnesek-pripada-Mezinarodni-den-invalidu-jejich-osud-nam-neni-lhostejny-657753\" target=\"_blank\" rel=\"noreferrer noopener\" aria-label=\" (otev\u0159e se na nov\u00e9 z\u00e1lo\u017ece)\">https:\/\/www.parlamentnilisty.cz\/politika\/politici-volicum\/Rozvoral-SPD-Na-dnesek-pripada-Mezinarodni-den-invalidu-jejich-osud-nam-neni-lhostejny-657753<\/a><\/p>\n","protected":false},"excerpt":{"rendered":"<div class=\"mh-excerpt\"><p>Mezin\u00e1rodn\u00ed den invalid\u016f, kter\u00fd celosv\u011btov\u011b p\u0159ipad\u00e1 na 19. b\u0159ezna, vyhl\u00e1sila Mezin\u00e1rodn\u00ed federace pr\u00e1ce neschopn\u00fdch a civiln\u00edch invalid\u016f. M\u00e1 n\u00e1m p\u0159ipomenout, s jak\u00fdmi p\u0159ek\u00e1\u017ekami se invalid\u00e9 <a class=\"mh-excerpt-more\" href=\"https:\/\/www.invarena.cz\/?p=35999\" title=\"Rozvoral (SPD): Na dne\u0161ek p\u0159ipad\u00e1 Mezin\u00e1rodn\u00ed den invalid\u016f, jejich osud n\u00e1m nen\u00ed lhostejn\u00fd\">[&#8230;]<\/a><\/p>\n<\/div>","protected":false},"author":1,"featured_media":3426,"comment_status":"open","ping_status":"closed","sticky":false,"template":"","format":"standard","meta":{"footnotes":""},"categories":[9],"tags":[],"class_list":["post-35999","post","type-post","status-publish","format-standard","has-post-thumbnail","hentry","category-zpravy"],"_links":{"self":[{"href":"https:\/\/www.invarena.cz\/index.php?rest_route=\/wp\/v2\/posts\/35999","targetHints":{"allow":["GET"]}}],"collection":[{"href":"https:\/\/www.invarena.cz\/index.php?rest_route=\/wp\/v2\/posts"}],"about":[{"href":"https:\/\/www.invarena.cz\/index.php?rest_route=\/wp\/v2\/types\/post"}],"author":[{"embeddable":true,"href":"https:\/\/www.invarena.cz\/index.php?rest_route=\/wp\/v2\/users\/1"}],"replies":[{"embeddable":true,"href":"https:\/\/www.invarena.cz\/index.php?rest_route=%2Fwp%2Fv2%2Fcomments&post=35999"}],"version-history":[{"count":0,"href":"https:\/\/www.invarena.cz\/index.php?rest_route=\/wp\/v2\/posts\/35999\/revisions"}],"wp:featuredmedia":[{"embeddable":true,"href":"https:\/\/www.invarena.cz\/index.php?rest_route=\/wp\/v2\/media\/3426"}],"wp:attachment":[{"href":"https:\/\/www.invarena.cz\/index.php?rest_route=%2Fwp%2Fv2%2Fmedia&parent=35999"}],"wp:term":[{"taxonomy":"category","embeddable":true,"href":"https:\/\/www.invarena.cz\/index.php?rest_route=%2Fwp%2Fv2%2Fcategories&post=35999"},{"taxonomy":"post_tag","embeddable":true,"href":"https:\/\/www.invarena.cz\/index.php?rest_route=%2Fwp%2Fv2%2Ftags&post=35999"}],"curies":[{"name":"wp","href":"https:\/\/api.w.org\/{rel}","templated":true}]}}