{"id":36003,"date":"2021-03-19T21:52:19","date_gmt":"2021-03-19T20:52:19","guid":{"rendered":"http:\/\/www.invarena.cz\/?p=36003"},"modified":"2021-03-19T21:53:33","modified_gmt":"2021-03-19T20:53:33","slug":"vlastnik-a-provozovatel-motoroveho-vozidla","status":"publish","type":"post","link":"https:\/\/www.invarena.cz\/?p=36003","title":{"rendered":"Vlastn\u00edk a provozovatel motorov\u00e9ho vozidla"},"content":{"rendered":"\n<p>Dotaz:<\/p>\n\n\n\n<p>M\u00e1m syna, kter\u00fd je osobou s hlubokou ment\u00e1ln\u00ed retardac\u00ed. Zast\u00e1v\u00e1m u n\u011bho funkci opatrovn\u00edka.<\/p>\n\n\n\n<p>Syn m\u00e1 n\u00e1rok na zvl\u00e1\u0161tn\u00ed pom\u016fcku (p\u0159\u00edsp\u011bvek na po\u0159\u00edzen\u00ed motorov\u00e9ho vozidla). Chci se zeptat, kdo bude vlastn\u00edkem vozidla?<\/p>\n\n\n\n<p>Bude auto pat\u0159it m\u011b jako opatrovn\u00edkovi, nebo bude automobil v jeho vlastnictv\u00ed?<\/p>\n\n\n\n<p>Odpov\u011b\u010f:<\/p>\n\n\n\n<p>Motorov\u00e9 vozidlo, na kter\u00e9 bude osob\u011b se zdravotn\u00edm posti\u017een\u00edm poskytnut p\u0159\u00edsp\u011bvek na zvl\u00e1\u0161tn\u00ed pom\u016fcku, mus\u00ed b\u00fdt ve vlastnictv\u00ed osoby, kter\u00e9 bude p\u0159\u00edsp\u011bvek na zvl\u00e1\u0161tn\u00ed pom\u016fcku p\u0159izn\u00e1n. D\u00e1vky dle z\u00e1kona o poskytov\u00e1n\u00ed d\u00e1vek osob\u00e1m se zdravotn\u00edm posti\u017een\u00edm jsou p\u0159izn\u00e1v\u00e1ny zdravotn\u011b posti\u017een\u00fdm osob\u00e1m na z\u00e1klad\u011b jejich dlouhodob\u011b nep\u0159\u00edzniv\u00e9ho zdravotn\u00edho stavu.<\/p>\n\n\n\n<p>Jste-li opatrovn\u00edkem, budete za n\u011bj samoz\u0159ejm\u011b pod\u00e1vat \u017e\u00e1dost o p\u0159izn\u00e1n\u00ed p\u0159\u00edsp\u011bvku na zvl\u00e1\u0161tn\u00ed pom\u016fcku Vy. K \u017e\u00e1dosti dolo\u017e\u00edte rozhodnut\u00ed soudu, kter\u00e9 V\u00e1s bude oprav\u0148ovat k \u00fa\u0159edn\u00edmu jedn\u00e1n\u00ed. <\/p>\n\n\n\n<p>P\u0159edb\u011b\u017en\u00e1 cenov\u00e1 nab\u00eddka motorov\u00e9ho vozidla, faktura za zakoupen\u00e9 vozidlo i technick\u00fd pr\u016fkaz v\u0161ak mus\u00ed b\u00fdt vedeny na jm\u00e9no zdravotn\u011b posti\u017een\u00e9 osoby, kter\u00e9 byl p\u0159\u00edsp\u011bvek na po\u0159\u00edzen\u00ed motorov\u00e9ho vozidla p\u0159izn\u00e1n.<\/p>\n\n\n\n<p>Zdravotn\u011b posti\u017een\u00e1 osoba se do registru vozidel zap\u00ed\u0161e jako vlastn\u00edk. Vy se do registru vozidel zap\u00ed\u0161ete u tohoto vozidla jako jeho provozovatel, nebo\u0165 budete fakticky vozidlo u\u017e\u00edvat k p\u0159eprav\u011b zdravotn\u011b posti\u017een\u00e9 osoby.<\/p>\n\n\n\n<p>admin<\/p>\n","protected":false},"excerpt":{"rendered":"<div class=\"mh-excerpt\"><p>Dotaz: M\u00e1m syna, kter\u00fd je osobou s hlubokou ment\u00e1ln\u00ed retardac\u00ed. Zast\u00e1v\u00e1m u n\u011bho funkci opatrovn\u00edka. Syn m\u00e1 n\u00e1rok na zvl\u00e1\u0161tn\u00ed pom\u016fcku (p\u0159\u00edsp\u011bvek na po\u0159\u00edzen\u00ed motorov\u00e9ho <a class=\"mh-excerpt-more\" href=\"https:\/\/www.invarena.cz\/?p=36003\" title=\"Vlastn\u00edk a provozovatel motorov\u00e9ho vozidla\">[&#8230;]<\/a><\/p>\n<\/div>","protected":false},"author":1,"featured_media":33466,"comment_status":"open","ping_status":"closed","sticky":false,"template":"","format":"standard","meta":{"footnotes":""},"categories":[18],"tags":[],"class_list":["post-36003","post","type-post","status-publish","format-standard","has-post-thumbnail","hentry","category-poradna"],"_links":{"self":[{"href":"https:\/\/www.invarena.cz\/index.php?rest_route=\/wp\/v2\/posts\/36003","targetHints":{"allow":["GET"]}}],"collection":[{"href":"https:\/\/www.invarena.cz\/index.php?rest_route=\/wp\/v2\/posts"}],"about":[{"href":"https:\/\/www.invarena.cz\/index.php?rest_route=\/wp\/v2\/types\/post"}],"author":[{"embeddable":true,"href":"https:\/\/www.invarena.cz\/index.php?rest_route=\/wp\/v2\/users\/1"}],"replies":[{"embeddable":true,"href":"https:\/\/www.invarena.cz\/index.php?rest_route=%2Fwp%2Fv2%2Fcomments&post=36003"}],"version-history":[{"count":0,"href":"https:\/\/www.invarena.cz\/index.php?rest_route=\/wp\/v2\/posts\/36003\/revisions"}],"wp:featuredmedia":[{"embeddable":true,"href":"https:\/\/www.invarena.cz\/index.php?rest_route=\/wp\/v2\/media\/33466"}],"wp:attachment":[{"href":"https:\/\/www.invarena.cz\/index.php?rest_route=%2Fwp%2Fv2%2Fmedia&parent=36003"}],"wp:term":[{"taxonomy":"category","embeddable":true,"href":"https:\/\/www.invarena.cz\/index.php?rest_route=%2Fwp%2Fv2%2Fcategories&post=36003"},{"taxonomy":"post_tag","embeddable":true,"href":"https:\/\/www.invarena.cz\/index.php?rest_route=%2Fwp%2Fv2%2Ftags&post=36003"}],"curies":[{"name":"wp","href":"https:\/\/api.w.org\/{rel}","templated":true}]}}