{"id":36041,"date":"2021-03-28T16:13:35","date_gmt":"2021-03-28T14:13:35","guid":{"rendered":"http:\/\/www.invarena.cz\/?p=36041"},"modified":"2021-03-28T16:13:37","modified_gmt":"2021-03-28T14:13:37","slug":"odebrani-invalidniho-duchodu-spravni-zaloba","status":"publish","type":"post","link":"https:\/\/www.invarena.cz\/?p=36041","title":{"rendered":"Odebr\u00e1n\u00ed invalidn\u00edho d\u016fchodu &#8211; spr\u00e1vn\u00ed \u017ealoba"},"content":{"rendered":"\n<p>Dotaz:<\/p>\n\n\n\n<p>Rozhodnut\u00edm \u010cSSZ mi byl zcela odebr\u00e1n invalidn\u00ed d\u016fchod. Sly\u0161ela jsem, \u017ee je mo\u017en\u00e9 soudit se o invalidn\u00ed d\u016fchod se st\u00e1tem. Chci se zeptat, jak\u00fd je v tomto p\u0159\u00edpad\u011b postup?<\/p>\n\n\n\n<p>Odpov\u011b\u010f<\/p>\n\n\n\n<p>Proti rozhodnut\u00ed \u010cSSZ, j\u00edm\u017e V\u00e1m byl odeb\u0155an invalidn\u00ed d\u016fchod, je mo\u017en\u00e9 podat spr\u00e1vn\u00ed \u017ealobu. Podm\u00ednkou pod\u00e1n\u00ed spr\u00e1vn\u00ed \u017ealoby v\u0161ak je vyu\u017eit\u00ed \u0159\u00e1dn\u00fdch opravn\u00fdch prost\u0159edk\u016f. \u0158\u00e1dn\u00fdm opravn\u00fdm prost\u0159edkem jsou v p\u0159\u00edpad\u011b invalidn\u00edho d\u016fchodu n\u00e1mitky, kter\u00e9 je nutn\u00e9 proti rozhodnut\u00ed \u010cesk\u00e9 spr\u00e1vy soci\u00e1ln\u00edho zabezpe\u010den\u00ed podat do 30ti dn\u016f od jeho doru\u010den\u00ed. Spr\u00e1vn\u00ed \u017ealobu je mo\u017en\u00e9 podat a\u017e proti rozhodnut\u00ed \u010cesk\u00e9 spr\u00e1vy soci\u00e1ln\u00edho zabezpe\u010den\u00ed, kter\u00fdm bude rozhodnuto o podan\u00fdch n\u00e1mitk\u00e1ch.<\/p>\n\n\n\n<p>Spr\u00e1vn\u00ed \u017ealoba se pod\u00e1v\u00e1 ke krajsk\u00e9mu soudu v m\u00edst\u011b bydli\u0161t\u011b osoby, kter\u00e9 byl invalidn\u00ed d\u016fchod odebr\u00e1n.<\/p>\n\n\n\n<p>Spr\u00e1vn\u00ed \u017ealobu je nutn\u00e9 podat do dvou m\u011bs\u00edc\u016f od doru\u010den\u00ed rozhodnut\u00ed \u010cSSZ o podan\u00fdch n\u00e1mitk\u00e1ch. \u017dalobu je nutn\u00e9 podat ve dvou vyhotoven\u00ed. V \u0159\u00edzen\u00ed o spr\u00e1vn\u00ed \u017ealob\u011b nen\u00ed ze z\u00e1kona nutn\u00e9 zastoupen\u00ed advok\u00e1tem, s pod\u00e1n\u00edm spr\u00e1vn\u00ed \u017ealoby ve v\u011bci d\u016fchodov\u00e9ho poji\u0161t\u011bn\u00ed nen\u00ed spojeno hrazen\u00ed \u017e\u00e1dn\u00e9ho soudn\u00edho poplatku.<\/p>\n\n\n\n<p>Z\u00e1v\u011brem uv\u00e1d\u00edm, \u017ee spr\u00e1vn\u00ed \u017ealoba proti rozhodnut\u00ed \u010cSSZ m\u016f\u017ee b\u00fdt pod\u00e1na v p\u0159\u00edpad\u011b, \u017ee se p\u0159\u00edjemce d\u016fchodu domn\u00edv\u00e1, \u017ee rozhodnut\u00ed \u010cSSZ bylo vyd\u00e1no v rozporu s pr\u00e1vn\u00edmi p\u0159edpisy. V p\u0159\u00edpad\u011b invalidn\u00edho d\u016fchodu se m\u016f\u017ee jednat o to, \u017ee zdravotn\u00ed stav p\u0159\u00edjemce invalidn\u00edho d\u016fchodu nebyl objektivn\u011b a spr\u00e1vn\u011b posouzen, co\u017e mohlo m\u00edt vliv na vyd\u00e1n\u00ed nez\u00e1konn\u00e9ho rozhodnut\u00ed.<\/p>\n\n\n\n<p>admin<\/p>\n","protected":false},"excerpt":{"rendered":"<div class=\"mh-excerpt\"><p>Dotaz: Rozhodnut\u00edm \u010cSSZ mi byl zcela odebr\u00e1n invalidn\u00ed d\u016fchod. Sly\u0161ela jsem, \u017ee je mo\u017en\u00e9 soudit se o invalidn\u00ed d\u016fchod se st\u00e1tem. Chci se zeptat, jak\u00fd <a class=\"mh-excerpt-more\" href=\"https:\/\/www.invarena.cz\/?p=36041\" title=\"Odebr\u00e1n\u00ed invalidn\u00edho d\u016fchodu &#8211; spr\u00e1vn\u00ed \u017ealoba\">[&#8230;]<\/a><\/p>\n<\/div>","protected":false},"author":1,"featured_media":19486,"comment_status":"open","ping_status":"closed","sticky":false,"template":"","format":"standard","meta":{"footnotes":""},"categories":[18],"tags":[],"class_list":["post-36041","post","type-post","status-publish","format-standard","has-post-thumbnail","hentry","category-poradna"],"_links":{"self":[{"href":"https:\/\/www.invarena.cz\/index.php?rest_route=\/wp\/v2\/posts\/36041","targetHints":{"allow":["GET"]}}],"collection":[{"href":"https:\/\/www.invarena.cz\/index.php?rest_route=\/wp\/v2\/posts"}],"about":[{"href":"https:\/\/www.invarena.cz\/index.php?rest_route=\/wp\/v2\/types\/post"}],"author":[{"embeddable":true,"href":"https:\/\/www.invarena.cz\/index.php?rest_route=\/wp\/v2\/users\/1"}],"replies":[{"embeddable":true,"href":"https:\/\/www.invarena.cz\/index.php?rest_route=%2Fwp%2Fv2%2Fcomments&post=36041"}],"version-history":[{"count":0,"href":"https:\/\/www.invarena.cz\/index.php?rest_route=\/wp\/v2\/posts\/36041\/revisions"}],"wp:featuredmedia":[{"embeddable":true,"href":"https:\/\/www.invarena.cz\/index.php?rest_route=\/wp\/v2\/media\/19486"}],"wp:attachment":[{"href":"https:\/\/www.invarena.cz\/index.php?rest_route=%2Fwp%2Fv2%2Fmedia&parent=36041"}],"wp:term":[{"taxonomy":"category","embeddable":true,"href":"https:\/\/www.invarena.cz\/index.php?rest_route=%2Fwp%2Fv2%2Fcategories&post=36041"},{"taxonomy":"post_tag","embeddable":true,"href":"https:\/\/www.invarena.cz\/index.php?rest_route=%2Fwp%2Fv2%2Ftags&post=36041"}],"curies":[{"name":"wp","href":"https:\/\/api.w.org\/{rel}","templated":true}]}}