{"id":36066,"date":"2021-04-06T18:12:26","date_gmt":"2021-04-06T16:12:26","guid":{"rendered":"http:\/\/www.invarena.cz\/?p=36066"},"modified":"2021-04-06T18:12:27","modified_gmt":"2021-04-06T16:12:27","slug":"socialni-a-zdravotni-pojisteni-pri-praci-na-hpp-pri-pobirani-id","status":"publish","type":"post","link":"https:\/\/www.invarena.cz\/?p=36066","title":{"rendered":"Soci\u00e1ln\u00ed a zdravotn\u00ed poji\u0161t\u011bn\u00ed p\u0159i pr\u00e1ci na HPP p\u0159i pob\u00edr\u00e1n\u00ed ID"},"content":{"rendered":"\n<p>Dotaz:<\/p>\n\n\n\n<p>Pob\u00edr\u00e1m invalidn\u00ed d\u016fchod 2. stupn\u011b. Pracuji na polovi\u010dn\u00ed \u00favazek na hlavn\u00ed pracovn\u00ed pom\u011br. Je pravda, \u017ee kdy\u017e jsem invalidn\u00ed d\u016fchodce, nemus\u00edme j\u00e1 ani m\u016fj zam\u011bstnavatel odv\u00e1d\u011bt soci\u00e1ln\u00ed a zdravotn\u00ed poji\u0161t\u011bn\u00ed?<\/p>\n\n\n\n<p>Odpov\u011b\u010f:<\/p>\n\n\n\n<p>Tato informace se nezakl\u00e1d\u00e1 na pravd\u011b. Jste-li zam\u011bstn\u00e1n na hlavn\u00ed pracovn\u00ed pom\u011br na polovi\u010dn\u00ed \u00favazek, mus\u00edte Vy i V\u00e1\u0161 zam\u011bstnavatel odv\u00e1d\u011bt platby za zdravotn\u00ed a soci\u00e1ln\u00ed poji\u0161t\u011bn\u00ed. Zam\u011bstnavatel\u00e9, kte\u0159\u00ed zam\u011bstn\u00e1vaj\u00ed v\u00edce ne\u017e 50 % osob se zdravotn\u00edm posti\u017een\u00edm, maj\u00ed pouze ur\u010dit\u00e9 slevy p\u0159i placen\u00ed zdravotn\u00edho a soci\u00e1ln\u00edho poji\u0161t\u011bn\u00ed.<\/p>\n\n\n\n<p>Jste-li p\u0159\u00edjemcem invalidn\u00edho d\u016fchodu pro invaliditu II. stupn\u011b, m\u00e1te n\u00e1rok na slevu na dani z p\u0159\u00edjmu. Tuto ot\u00e1zku doporu\u010duji konzultovat s Va\u0161\u00edm zam\u011bstnavatelem, kter\u00fd za V\u00e1s odv\u00e1d\u00ed platby na zdravotn\u00ed a soci\u00e1ln\u00ed poji\u0161t\u011bn\u00edm a z\u00e1lohy na dani z p\u0159\u00edjmu. Abyste mohl slevu na dani z p\u0159\u00edjmu uplatnit, budete muset sv\u00e9mu zam\u011bstnavateli dolo\u017eit aktu\u00e1ln\u00ed potvrzen\u00ed o pob\u00edr\u00e1n\u00ed invalidn\u00edho d\u016fchodu.<\/p>\n\n\n\n<p>admin<\/p>\n","protected":false},"excerpt":{"rendered":"<div class=\"mh-excerpt\"><p>Dotaz: Pob\u00edr\u00e1m invalidn\u00ed d\u016fchod 2. stupn\u011b. Pracuji na polovi\u010dn\u00ed \u00favazek na hlavn\u00ed pracovn\u00ed pom\u011br. Je pravda, \u017ee kdy\u017e jsem invalidn\u00ed d\u016fchodce, nemus\u00edme j\u00e1 ani m\u016fj <a class=\"mh-excerpt-more\" href=\"https:\/\/www.invarena.cz\/?p=36066\" title=\"Soci\u00e1ln\u00ed a zdravotn\u00ed poji\u0161t\u011bn\u00ed p\u0159i pr\u00e1ci na HPP p\u0159i pob\u00edr\u00e1n\u00ed ID\">[&#8230;]<\/a><\/p>\n<\/div>","protected":false},"author":1,"featured_media":21072,"comment_status":"open","ping_status":"closed","sticky":false,"template":"","format":"standard","meta":{"footnotes":""},"categories":[18],"tags":[],"class_list":["post-36066","post","type-post","status-publish","format-standard","has-post-thumbnail","hentry","category-poradna"],"_links":{"self":[{"href":"https:\/\/www.invarena.cz\/index.php?rest_route=\/wp\/v2\/posts\/36066","targetHints":{"allow":["GET"]}}],"collection":[{"href":"https:\/\/www.invarena.cz\/index.php?rest_route=\/wp\/v2\/posts"}],"about":[{"href":"https:\/\/www.invarena.cz\/index.php?rest_route=\/wp\/v2\/types\/post"}],"author":[{"embeddable":true,"href":"https:\/\/www.invarena.cz\/index.php?rest_route=\/wp\/v2\/users\/1"}],"replies":[{"embeddable":true,"href":"https:\/\/www.invarena.cz\/index.php?rest_route=%2Fwp%2Fv2%2Fcomments&post=36066"}],"version-history":[{"count":0,"href":"https:\/\/www.invarena.cz\/index.php?rest_route=\/wp\/v2\/posts\/36066\/revisions"}],"wp:featuredmedia":[{"embeddable":true,"href":"https:\/\/www.invarena.cz\/index.php?rest_route=\/wp\/v2\/media\/21072"}],"wp:attachment":[{"href":"https:\/\/www.invarena.cz\/index.php?rest_route=%2Fwp%2Fv2%2Fmedia&parent=36066"}],"wp:term":[{"taxonomy":"category","embeddable":true,"href":"https:\/\/www.invarena.cz\/index.php?rest_route=%2Fwp%2Fv2%2Fcategories&post=36066"},{"taxonomy":"post_tag","embeddable":true,"href":"https:\/\/www.invarena.cz\/index.php?rest_route=%2Fwp%2Fv2%2Ftags&post=36066"}],"curies":[{"name":"wp","href":"https:\/\/api.w.org\/{rel}","templated":true}]}}