{"id":36077,"date":"2021-04-15T16:51:52","date_gmt":"2021-04-15T14:51:52","guid":{"rendered":"http:\/\/www.invarena.cz\/?p=36077"},"modified":"2021-04-15T16:51:54","modified_gmt":"2021-04-15T14:51:54","slug":"praha-hlavni-mesto-podpori-dalsi-projekty-v-oblasti-bezbarierovosti","status":"publish","type":"post","link":"https:\/\/www.invarena.cz\/?p=36077","title":{"rendered":"Praha: Hlavn\u00ed m\u011bsto podpo\u0159\u00ed dal\u0161\u00ed projekty v oblasti bezbari\u00e9rovosti"},"content":{"rendered":"\n<p>Celkem sedm \u017e\u00e1dost\u00ed v souhrnn\u00e9m objemu 1 678 248 K\u010d podpo\u0159\u00ed hlavn\u00ed m\u011bsto v leto\u0161n\u00edm roce v r\u00e1mci sv\u00e9ho dota\u010dn\u00edho programu pro oblast p\u0159\u00edstupnosti a odstra\u0148ov\u00e1n\u00ed bari\u00e9r. Rozhodla o tom Rada hlavn\u00edho m\u011bsta Prahy.<\/p>\n\n\n\n<p>Cel\u00fd \u010dl\u00e1nek naleznete v Parlamentn\u00edch Listech: <a href=\"https:\/\/www.parlamentnilisty.cz\/politika\/obce-volicum\/Praha-Hlavni-mesto-podpori-dalsi-projekty-v-oblasti-bezbarierovosti-660542\" target=\"_blank\" rel=\"noreferrer noopener\" aria-label=\" (otev\u0159e se na nov\u00e9 z\u00e1lo\u017ece)\">https:\/\/www.parlamentnilisty.cz\/politika\/obce-volicum\/Praha-Hlavni-mesto-podpori-dalsi-projekty-v-oblasti-bezbarierovosti-660542<\/a><\/p>\n","protected":false},"excerpt":{"rendered":"<div class=\"mh-excerpt\"><p>Celkem sedm \u017e\u00e1dost\u00ed v souhrnn\u00e9m objemu 1 678 248 K\u010d podpo\u0159\u00ed hlavn\u00ed m\u011bsto v leto\u0161n\u00edm roce v r\u00e1mci sv\u00e9ho dota\u010dn\u00edho programu pro oblast p\u0159\u00edstupnosti a <a class=\"mh-excerpt-more\" href=\"https:\/\/www.invarena.cz\/?p=36077\" title=\"Praha: Hlavn\u00ed m\u011bsto podpo\u0159\u00ed dal\u0161\u00ed projekty v oblasti bezbari\u00e9rovosti\">[&#8230;]<\/a><\/p>\n<\/div>","protected":false},"author":1,"featured_media":5967,"comment_status":"open","ping_status":"closed","sticky":false,"template":"","format":"standard","meta":{"footnotes":""},"categories":[9],"tags":[],"class_list":["post-36077","post","type-post","status-publish","format-standard","has-post-thumbnail","hentry","category-zpravy"],"_links":{"self":[{"href":"https:\/\/www.invarena.cz\/index.php?rest_route=\/wp\/v2\/posts\/36077","targetHints":{"allow":["GET"]}}],"collection":[{"href":"https:\/\/www.invarena.cz\/index.php?rest_route=\/wp\/v2\/posts"}],"about":[{"href":"https:\/\/www.invarena.cz\/index.php?rest_route=\/wp\/v2\/types\/post"}],"author":[{"embeddable":true,"href":"https:\/\/www.invarena.cz\/index.php?rest_route=\/wp\/v2\/users\/1"}],"replies":[{"embeddable":true,"href":"https:\/\/www.invarena.cz\/index.php?rest_route=%2Fwp%2Fv2%2Fcomments&post=36077"}],"version-history":[{"count":0,"href":"https:\/\/www.invarena.cz\/index.php?rest_route=\/wp\/v2\/posts\/36077\/revisions"}],"wp:featuredmedia":[{"embeddable":true,"href":"https:\/\/www.invarena.cz\/index.php?rest_route=\/wp\/v2\/media\/5967"}],"wp:attachment":[{"href":"https:\/\/www.invarena.cz\/index.php?rest_route=%2Fwp%2Fv2%2Fmedia&parent=36077"}],"wp:term":[{"taxonomy":"category","embeddable":true,"href":"https:\/\/www.invarena.cz\/index.php?rest_route=%2Fwp%2Fv2%2Fcategories&post=36077"},{"taxonomy":"post_tag","embeddable":true,"href":"https:\/\/www.invarena.cz\/index.php?rest_route=%2Fwp%2Fv2%2Ftags&post=36077"}],"curies":[{"name":"wp","href":"https:\/\/api.w.org\/{rel}","templated":true}]}}