{"id":36096,"date":"2021-04-15T21:08:38","date_gmt":"2021-04-15T19:08:38","guid":{"rendered":"http:\/\/www.invarena.cz\/?p=36096"},"modified":"2022-05-19T13:57:48","modified_gmt":"2022-05-19T11:57:48","slug":"preprava-psa-ve-verejne-doprave-poplatek-ze-psa","status":"publish","type":"post","link":"https:\/\/www.invarena.cz\/?p=36096","title":{"rendered":"P\u0159eprava psa ve ve\u0159ejn\u00e9 doprav\u011b (poplatek ze psa)"},"content":{"rendered":"\n<p>Dotaz:<\/p>\n\n\n\n<p>Jsem p\u0159\u00edjemcem invalidn\u00edho d\u016fchodu III. stupn\u011b, v kv\u011btnu mi bude 65 let. Pr\u016fkaz osoby se zdravotn\u00edm posti\u017een\u00edm mi nebyl p\u0159izn\u00e1n. Jezd\u00edm \u010dasto na v\u00fdlety se sv\u00fdm pejskem. V autobuse i ve vlaku cht\u011bj\u00ed za jeho p\u0159epravu platit. M\u00e1m n\u00e1rok na n\u011bjakou slevu na p\u0159epravu sv\u00e9ho pejska?<\/p>\n\n\n\n<p>Odpov\u011b\u010f:<\/p>\n\n\n\n<p>Bohu\u017eel, n\u00e1rok na slevu za p\u0159epravu psa, se kter\u00fdm jezd\u00edte na v\u00fdlety nem\u00e1te. Na bezplatnou p\u0159epravu psa m\u00e1 n\u00e1rok dle z\u00e1kona o poskytov\u00e1n\u00ed d\u00e1vek osob\u00e1m se zdravotn\u00edm posti\u017een\u00edm pouze dr\u017eitel pr\u016fkazu ZTP\/P, pokud je doprov\u00e1zen vod\u00edc\u00edm psem.<\/p>\n\n\n\n<p>Od 65. roku v\u011bku m\u00e1te n\u00e1rok pouze na slevu z placen\u00ed poplatku ze psa, kter\u00fd se hrad\u00ed obecn\u00edmu \u00fa\u0159adu obce, v n\u00ed\u017e m\u00e1te sv\u00e9 bydli\u0161t\u011b. V\u00fd\u0161e poplatku ze psa m\u016f\u017ee dle z\u00e1kona o m\u00edstn\u00edch poplatc\u00edch \u010dinit u osob star\u0161\u00edch 65 let maxim\u00e1ln\u011b 200 K\u010d za kalend\u00e1\u0159n\u00ed rok.<\/p>\n\n\n\n<p>admin<\/p>\n","protected":false},"excerpt":{"rendered":"<div class=\"mh-excerpt\"><p>Dotaz: Jsem p\u0159\u00edjemcem invalidn\u00edho d\u016fchodu III. stupn\u011b, v kv\u011btnu mi bude 65 let. Pr\u016fkaz osoby se zdravotn\u00edm posti\u017een\u00edm mi nebyl p\u0159izn\u00e1n. Jezd\u00edm \u010dasto na v\u00fdlety <a class=\"mh-excerpt-more\" href=\"https:\/\/www.invarena.cz\/?p=36096\" title=\"P\u0159eprava psa ve ve\u0159ejn\u00e9 doprav\u011b (poplatek ze psa)\">[&#8230;]<\/a><\/p>\n<\/div>","protected":false},"author":1,"featured_media":17530,"comment_status":"open","ping_status":"closed","sticky":false,"template":"","format":"standard","meta":{"footnotes":""},"categories":[18],"tags":[],"class_list":["post-36096","post","type-post","status-publish","format-standard","has-post-thumbnail","hentry","category-poradna"],"_links":{"self":[{"href":"https:\/\/www.invarena.cz\/index.php?rest_route=\/wp\/v2\/posts\/36096","targetHints":{"allow":["GET"]}}],"collection":[{"href":"https:\/\/www.invarena.cz\/index.php?rest_route=\/wp\/v2\/posts"}],"about":[{"href":"https:\/\/www.invarena.cz\/index.php?rest_route=\/wp\/v2\/types\/post"}],"author":[{"embeddable":true,"href":"https:\/\/www.invarena.cz\/index.php?rest_route=\/wp\/v2\/users\/1"}],"replies":[{"embeddable":true,"href":"https:\/\/www.invarena.cz\/index.php?rest_route=%2Fwp%2Fv2%2Fcomments&post=36096"}],"version-history":[{"count":0,"href":"https:\/\/www.invarena.cz\/index.php?rest_route=\/wp\/v2\/posts\/36096\/revisions"}],"wp:featuredmedia":[{"embeddable":true,"href":"https:\/\/www.invarena.cz\/index.php?rest_route=\/wp\/v2\/media\/17530"}],"wp:attachment":[{"href":"https:\/\/www.invarena.cz\/index.php?rest_route=%2Fwp%2Fv2%2Fmedia&parent=36096"}],"wp:term":[{"taxonomy":"category","embeddable":true,"href":"https:\/\/www.invarena.cz\/index.php?rest_route=%2Fwp%2Fv2%2Fcategories&post=36096"},{"taxonomy":"post_tag","embeddable":true,"href":"https:\/\/www.invarena.cz\/index.php?rest_route=%2Fwp%2Fv2%2Ftags&post=36096"}],"curies":[{"name":"wp","href":"https:\/\/api.w.org\/{rel}","templated":true}]}}