{"id":3610,"date":"2013-04-11T09:41:47","date_gmt":"2013-04-11T07:41:47","guid":{"rendered":"http:\/\/www.invarena.cz\/?p=3610"},"modified":"2014-10-20T20:14:18","modified_gmt":"2014-10-20T18:14:18","slug":"mrtvy-projekt-skaret-ceka-na-svuj-pohreb","status":"publish","type":"post","link":"https:\/\/www.invarena.cz\/?p=3610","title":{"rendered":"Mrtv\u00fd projekt sKaret \u010dek\u00e1 na sv\u016fj poh\u0159eb"},"content":{"rendered":"<p><strong>Vl\u00e1da v\u010dera odm\u00edtla n\u00e1vrh ministryn\u011b pr\u00e1ce na \u00fapravu z\u00e1kon\u016f k sKart\u011b. Premi\u00e9r chce ministryni donutit, aby sama p\u0159i\u0161la s n\u00e1vrhem karty zru\u0161it. M\u00fcllerov\u00e1 to v\u0161ak odm\u00edt\u00e1. R\u00fdsuje se na obzoru st\u0159et mezi ODS a TOP09 ? <\/strong><br \/>\n<!--more--><br \/>\nOsud sKaret, p\u0159es kter\u00e9 te\u010dou soci\u00e1ln\u00ed d\u00e1vky k jejich p\u0159\u00edjemc\u016fm, z\u016fst\u00e1v\u00e1 nedo\u0159e\u0161en\u00fd. TOP 09 usiluje o jejich zachov\u00e1n\u00ed s \u00fapravami, zbytek vl\u00e1dy, tedy ODS a LIDEM, chce syst\u00e9m sKaret zru\u0161it.<\/p>\n<p>Premi\u00e9r Ne\u010das nyn\u00ed hodl\u00e1 \u010dekat, a\u017e ministryn\u011b pr\u00e1ce p\u0159ijde s \u0159e\u0161en\u00edm, kter\u00e9 j\u00ed zajist\u00ed v\u011bt\u0161inovou podporu \u010dlen\u016f kabinetu. &#8222;Nemysl\u00edm si, \u017ee by pan\u00ed ministryn\u011b up\u0159ednostnila ne\u0159e\u0161en\u00ed situace p\u0159ed \u0159e\u0161en\u00edm,&#8220; podotkl Ne\u010das. O mo\u017en\u00fdch kompenzac\u00edch pro \u010ceskou spo\u0159itelnu v p\u0159\u00edpad\u011b zru\u0161en\u00ed projektu se zat\u00edm odm\u00edt\u00e1 bavit.<\/p>\n<p>Ministryn\u011b pr\u00e1ce Ludmila M\u00fcllerov\u00e1 odm\u00edt\u00e1 podlehnout tlaku, aby se zru\u0161en\u00edm sKarty p\u0159i\u0161la ona sama. Je proto p\u0159ipravena i na sv\u00e9 odvol\u00e1n\u00ed. &#8222;Nedostala jsem od vl\u00e1dy \u017e\u00e1dn\u00fd term\u00edn, \u017e\u00e1dn\u00e9 zad\u00e1n\u00ed, tak\u017ee se podle toho budu chovat,&#8220; uvedla v rozhovoru pro iDnes.cz. Jedin\u00fd term\u00edn, kter\u00fd ji tla\u010d\u00ed, je 30. \u010derven, dokdy mus\u00ed p\u0159ekonat v\u00fdhrady \u00da\u0159adu na ochranu osobn\u00edch \u00fadaj\u016f. Tomu vadilo, \u017ee ministerstvo poskytuje p\u0159\u00edli\u0161 \u00fadaj\u016f o p\u0159\u00edjemc\u00edch d\u00e1vek bance.<\/p>\n<p>Spo\u0159itelna variantu zru\u0161en\u00ed sKarty nechce komentovat. &#8222;Do projektu sKaret jsme dosud investovali p\u0159ibli\u017en\u011b 300 milion\u016f korun. Za st\u00e1vaj\u00edc\u00ed situace pova\u017eujeme za p\u0159ed\u010dasn\u00e9 se k ot\u00e1zce dal\u0161\u00edch budouc\u00edch investic vyjad\u0159ovat,&#8220; uvedla na dotazy MF DNES ohledn\u011b n\u00e1kladnosti karty Kl\u00e1ra Pa\u010desov\u00e1 z tiskov\u00e9ho odd\u011blen\u00ed banky.<\/p>\n<p>Podle Ne\u010dase je smlouva o sKart\u00e1ch v rozporu s koali\u010dn\u00ed dohodou a m\u011bla b\u00fdt povinn\u00e1 jen pro ty p\u0159\u00edjemce d\u00e1vek v hmotn\u00e9 nouzi, u kter\u00fdch hrozilo zneu\u017eit\u00ed. Koalice si doslova sl\u00edbila, \u017ee &#8222;vl\u00e1da prosad\u00ed roz\u0161\u00ed\u0159en\u00ed nehotovostn\u00ed v\u00fdplaty soci\u00e1ln\u00edch d\u00e1vek (pouk\u00e1zky, elektronick\u00e9 karty) z d\u00e1vek hmotn\u00e9 nouze na dal\u0161\u00ed d\u00e1vky, pokud bude nutn\u00e9 chr\u00e1nit z\u00e1jmy d\u011bt\u00ed&#8220;.<\/p>\n<p>Premi\u00e9rovi tak\u00e9 vad\u00ed, \u017ee karta neum\u00ed rozeznat, zda si p\u0159\u00edjemce d\u00e1vek z pen\u011bz nekupuje cigarety nebo alkohol. Kontroln\u00ed funkce p\u0159itom byla hlavn\u00edm argumentem p\u0159i zav\u00e1d\u011bn\u00ed sKarty a politici se j\u00ed oh\u00e1n\u011bli p\u0159ed ve\u0159ejnost\u00ed. ODS nav\u00edc ministerstvu pr\u00e1ce vyt\u00fdk\u00e1, \u017ee nov\u011b uv\u00e1d\u00ed nepl\u00e1novan\u00e9 budouc\u00ed n\u00e1klady k sKart\u00e1m \u2013 tedy n\u00e1kup \u010dte\u010dek za 100 milion\u016f korun.<\/p>\n<p>Ministryn\u011b chce nyn\u00ed jednat s \u010ceskou spo\u0159itelnou a s dal\u0161\u00edmi \u010dleny vl\u00e1dy. Podle jednoho z ministr\u016f, kter\u00fd si nep\u0159\u00e1l b\u00fdt jmenov\u00e1n, by \u0161lo sKartu ze z\u00e1kona dostat pomoc\u00ed poslaneck\u00e9ho n\u00e1vrhu a TOP 09, jej\u00ed\u017e exministr Jarom\u00edr Dr\u00e1bek se sv\u00fdm n\u00e1m\u011bstkem Vladim\u00edrem \u0160i\u0161kou za projektem sKarty od za\u010d\u00e1tku st\u00e1l, by tak neztratila tv\u00e1\u0159.<\/p>\n<p>Karty na v\u00fdplatu d\u00e1vek dostalo 270 tis\u00edc lid\u00ed, dal\u0161\u00edch 60,7 tis\u00edce je p\u0159ipraveno k p\u0159ed\u00e1n\u00ed. Starat se o takov\u00e9 mno\u017estv\u00ed lid\u00ed zdarma se ov\u0161em \u010cesk\u00e9 spo\u0159iteln\u011b, kter\u00e1 sout\u011b\u017e na bezplatnou v\u00fdplatu d\u00e1vek pomoc\u00ed sKaret vyhr\u00e1la na dobu dvan\u00e1cti let, nevyplat\u00ed. Jen 15 procent dr\u017eitel\u016f toti\u017e dnes pou\u017e\u00edv\u00e1 sKartu k placen\u00ed v obchodech, za co\u017e banka dost\u00e1v\u00e1 od obchodn\u00edk\u016f poplatek. Spo\u0159itelna p\u0159itom po\u010d\u00edtala, \u017ee kartu bude m\u00edt v\u011bt\u0161ina populace v\u010detn\u011b d\u016fchodc\u016f a \u017ee by se p\u0159es termin\u00e1ly utratila zhruba p\u011btina pen\u011bz z d\u00e1vek.<\/p>\n<p>N\u00c1VOD Ne \u00fa\u010dtu k sKart\u011b Formul\u00e1\u0159e s \u017e\u00e1dost\u00ed o d\u00e1vky nab\u00edzej\u00ed jen mo\u017enost &#8222;vypl\u00e1cet prost\u0159ednictv\u00edm sKarty&#8220;. Kdo ji zatrhne, bude mu vyrobena sKarta a pen\u00edze budou prot\u00e9kat p\u0159es technick\u00fd \u00fa\u010det na jeho jm\u00e9no v \u010cesk\u00e9 spo\u0159iteln\u011b. \u0158e\u0161en\u00edm je na formul\u00e1\u0159 s \u017e\u00e1dost\u00ed o d\u00e1vku dopsat &#8222;n\u00e1hradn\u00ed zp\u016fsob v\u00fdplaty&#8220; a uv\u00e9st, zda chcete pen\u00edze zas\u00edlat na trvalou adresu slo\u017eenkou nebo p\u0159\u00edmo na \u010d\u00edslo sv\u00e9ho soukrom\u00e9ho \u00fa\u010dtu.<\/p>\n<p>Mlad\u00e1 fronta DNES<\/p>\n","protected":false},"excerpt":{"rendered":"<div class=\"mh-excerpt\"><p>Vl\u00e1da v\u010dera odm\u00edtla n\u00e1vrh ministryn\u011b pr\u00e1ce na \u00fapravu z\u00e1kon\u016f k sKart\u011b. Premi\u00e9r chce ministryni donutit, aby sama p\u0159i\u0161la s n\u00e1vrhem karty zru\u0161it. M\u00fcllerov\u00e1 to v\u0161ak <a class=\"mh-excerpt-more\" href=\"https:\/\/www.invarena.cz\/?p=3610\" title=\"Mrtv\u00fd projekt sKaret \u010dek\u00e1 na sv\u016fj poh\u0159eb\">[&#8230;]<\/a><\/p>\n<\/div>","protected":false},"author":1,"featured_media":2393,"comment_status":"open","ping_status":"open","sticky":false,"template":"","format":"standard","meta":{"footnotes":""},"categories":[6],"tags":[],"class_list":["post-3610","post","type-post","status-publish","format-standard","has-post-thumbnail","hentry","category-politika"],"_links":{"self":[{"href":"https:\/\/www.invarena.cz\/index.php?rest_route=\/wp\/v2\/posts\/3610","targetHints":{"allow":["GET"]}}],"collection":[{"href":"https:\/\/www.invarena.cz\/index.php?rest_route=\/wp\/v2\/posts"}],"about":[{"href":"https:\/\/www.invarena.cz\/index.php?rest_route=\/wp\/v2\/types\/post"}],"author":[{"embeddable":true,"href":"https:\/\/www.invarena.cz\/index.php?rest_route=\/wp\/v2\/users\/1"}],"replies":[{"embeddable":true,"href":"https:\/\/www.invarena.cz\/index.php?rest_route=%2Fwp%2Fv2%2Fcomments&post=3610"}],"version-history":[{"count":0,"href":"https:\/\/www.invarena.cz\/index.php?rest_route=\/wp\/v2\/posts\/3610\/revisions"}],"wp:featuredmedia":[{"embeddable":true,"href":"https:\/\/www.invarena.cz\/index.php?rest_route=\/wp\/v2\/media\/2393"}],"wp:attachment":[{"href":"https:\/\/www.invarena.cz\/index.php?rest_route=%2Fwp%2Fv2%2Fmedia&parent=3610"}],"wp:term":[{"taxonomy":"category","embeddable":true,"href":"https:\/\/www.invarena.cz\/index.php?rest_route=%2Fwp%2Fv2%2Fcategories&post=3610"},{"taxonomy":"post_tag","embeddable":true,"href":"https:\/\/www.invarena.cz\/index.php?rest_route=%2Fwp%2Fv2%2Ftags&post=3610"}],"curies":[{"name":"wp","href":"https:\/\/api.w.org\/{rel}","templated":true}]}}