{"id":36140,"date":"2021-06-11T10:36:53","date_gmt":"2021-06-11T08:36:53","guid":{"rendered":"http:\/\/www.invarena.cz\/?p=36140"},"modified":"2021-06-11T10:36:54","modified_gmt":"2021-06-11T08:36:54","slug":"dobra-zprava-ipad-pomuze-malemu-honzikovi","status":"publish","type":"post","link":"https:\/\/www.invarena.cz\/?p=36140","title":{"rendered":"Dobr\u00e1 zpr\u00e1va: iPad pom\u016f\u017ee mal\u00e9mu Honz\u00edkovi"},"content":{"rendered":"\n<p><em>ilustra\u010dn\u00ed foto<\/em><\/p>\n\n\n\n<p>Nov\u00fd iPad pro stimulaci zraku nov\u011b pom\u00e1h\u00e1 mal\u00e9mu Honz\u00edkovi z Hradecka, kter\u00fd trp\u00ed t\u011b\u017ek\u00fdm zrakov\u00fdm posti\u017een\u00edm. D\u016fle\u017eitou pom\u016fcku z\u00edskal d\u00edky p\u0159\u00edsp\u011bvku Fondu Kaufland a ve\u0159ejn\u00e9 sb\u00edrce Sv\u011btlu\u0161ka Nada\u010dn\u00edho fondu \u010cesk\u00e9ho rozhlasu.<\/p>\n\n\n\n<p>Honz\u00edk pro spr\u00e1vn\u00e9 fungov\u00e1n\u00ed zraku pot\u0159ebuje n\u00e1kladn\u00e9\npom\u016fcky. Se stimulac\u00ed zraku mu m\u016f\u017ee pomoci pr\u00e1v\u011b nov\u00fd iPad, kter\u00fd mohli jeho\nrodi\u010de d\u00edky p\u0159\u00edsp\u011bvku po\u0159\u00eddit. V Kr\u00e1lov\u00e9hradeck\u00e9m kraji fond p\u0159isp\u011bl v sou\u010dtu\n\u010d\u00e1stkou t\u00e9m\u011b\u0159 120 tis\u00edc korun. Spole\u010dnost sv\u00fdm p\u0159\u00edsp\u011bvkem podpo\u0159ila tak\u00e9\nhradeckou organizaci Tyfloservis, kter\u00e1 poskytuje zdravotn\u011b-eduka\u010dn\u00ed slu\u017eby pro\nosoby s t\u011b\u017ek\u00fdm zrakov\u00fdm posti\u017een\u00edm. Sv\u00e9 klienty u\u010d\u00ed efektivn\u011b pou\u017e\u00edvat zbyl\u00e9\nzrakov\u00e9 funkce a dal\u0161\u00ed smysly, poskytuje poradenstv\u00ed p\u0159i \u00faprav\u00e1ch prost\u0159ed\u00ed a\nvzd\u011bl\u00e1v\u00e1 ve\u0159ejnost.<\/p>\n\n\n\n<p>Kaufland ve sv\u00fdch prodejn\u00e1ch dlouhodob\u011b organizuje v\u00e1no\u010dn\u00ed sb\u00edrku, jej\u00ed\u017e v\u00fdt\u011b\u017eek putuje Sv\u011btlu\u0161ce a finance rozd\u011bluje pot\u0159ebn\u00fdm na z\u00e1klad\u011b grant\u016f. V minul\u00e9m roce sb\u00edrka p\u0159inesla celkem 17 milion\u016f korun. \u201eD\u00edky t\u00e9to rekordn\u00ed \u010d\u00e1stce bylo v prvn\u00edm kole leto\u0161n\u00edho grantov\u00e9ho \u0159\u00edzen\u00ed podpo\u0159eno 33 jednotlivc\u016f a 24 organizac\u00ed po cel\u00e9 \u010cesk\u00e9 republice,\u201c uvedla tiskov\u00e1 mluv\u010d\u00ed Kauflandu Renata Maierl. Do dal\u0161\u00edho kola grantu se mohou hl\u00e1sit organizace i jednotlivci pom\u00e1haj\u00edc\u00ed zrakov\u011b posti\u017een\u00fdm, uz\u00e1v\u011brka pod\u00e1v\u00e1n\u00ed p\u0159ihl\u00e1\u0161ek je 24. \u0159\u00edjna 2021.<\/p>\n\n\n\n<p>Hradeck\u00fd den\u00edk<\/p>\n\n\n\n<p><a rel=\"noreferrer noopener\" aria-label=\" (otev\u0159e se na nov\u00e9 z\u00e1lo\u017ece)\" href=\"https:\/\/hradecky.denik.cz\/\" target=\"_blank\">https:\/\/hradecky.denik.cz\/<\/a><\/p>\n","protected":false},"excerpt":{"rendered":"<div class=\"mh-excerpt\"><p>ilustra\u010dn\u00ed foto Nov\u00fd iPad pro stimulaci zraku nov\u011b pom\u00e1h\u00e1 mal\u00e9mu Honz\u00edkovi z Hradecka, kter\u00fd trp\u00ed t\u011b\u017ek\u00fdm zrakov\u00fdm posti\u017een\u00edm. D\u016fle\u017eitou pom\u016fcku z\u00edskal d\u00edky p\u0159\u00edsp\u011bvku Fondu Kaufland <a class=\"mh-excerpt-more\" href=\"https:\/\/www.invarena.cz\/?p=36140\" title=\"Dobr\u00e1 zpr\u00e1va: iPad pom\u016f\u017ee mal\u00e9mu Honz\u00edkovi\">[&#8230;]<\/a><\/p>\n<\/div>","protected":false},"author":1,"featured_media":14302,"comment_status":"open","ping_status":"closed","sticky":false,"template":"","format":"standard","meta":{"footnotes":""},"categories":[9],"tags":[],"class_list":["post-36140","post","type-post","status-publish","format-standard","has-post-thumbnail","hentry","category-zpravy"],"_links":{"self":[{"href":"https:\/\/www.invarena.cz\/index.php?rest_route=\/wp\/v2\/posts\/36140","targetHints":{"allow":["GET"]}}],"collection":[{"href":"https:\/\/www.invarena.cz\/index.php?rest_route=\/wp\/v2\/posts"}],"about":[{"href":"https:\/\/www.invarena.cz\/index.php?rest_route=\/wp\/v2\/types\/post"}],"author":[{"embeddable":true,"href":"https:\/\/www.invarena.cz\/index.php?rest_route=\/wp\/v2\/users\/1"}],"replies":[{"embeddable":true,"href":"https:\/\/www.invarena.cz\/index.php?rest_route=%2Fwp%2Fv2%2Fcomments&post=36140"}],"version-history":[{"count":0,"href":"https:\/\/www.invarena.cz\/index.php?rest_route=\/wp\/v2\/posts\/36140\/revisions"}],"wp:featuredmedia":[{"embeddable":true,"href":"https:\/\/www.invarena.cz\/index.php?rest_route=\/wp\/v2\/media\/14302"}],"wp:attachment":[{"href":"https:\/\/www.invarena.cz\/index.php?rest_route=%2Fwp%2Fv2%2Fmedia&parent=36140"}],"wp:term":[{"taxonomy":"category","embeddable":true,"href":"https:\/\/www.invarena.cz\/index.php?rest_route=%2Fwp%2Fv2%2Fcategories&post=36140"},{"taxonomy":"post_tag","embeddable":true,"href":"https:\/\/www.invarena.cz\/index.php?rest_route=%2Fwp%2Fv2%2Ftags&post=36140"}],"curies":[{"name":"wp","href":"https:\/\/api.w.org\/{rel}","templated":true}]}}