{"id":3620,"date":"2013-04-14T09:51:09","date_gmt":"2013-04-14T07:51:09","guid":{"rendered":"http:\/\/www.invarena.cz\/?p=3620"},"modified":"2013-04-14T22:32:32","modified_gmt":"2013-04-14T20:32:32","slug":"poradna-porusil-jsem-lecebny-rezim-hrozi-trest","status":"publish","type":"post","link":"https:\/\/www.invarena.cz\/?p=3620","title":{"rendered":"Poru\u0161ila jsem l\u00e9\u010debn\u00fd re\u017eim. Hroz\u00ed trest?"},"content":{"rendered":"<p><strong>Byla jsem l\u00e9ka\u0159em uzn\u00e1na pr\u00e1ce neschopnou na dva t\u00fddny. M\u016fj zam\u011bstnavatel p\u0159i kontrole po p\u011bti dnech zjistil, \u017ee jsem nebyla doma, nebo\u0165 jsem \u0161la nakoupit. Chce mi za to zkr\u00e1tit n\u00e1hradu mzdy o polovinu. M\u00e1 na to pr\u00e1vo?<!--more--><\/strong><\/p>\n<p>Od 1. ledna 2012 do 31. prosince 2013 plat\u00ed, \u017ee zam\u011bstnavatel mus\u00ed nemocn\u00fdm zam\u011bstnanc\u016fm vypl\u00e1cet n\u00e1hradu mzdy, a to po dobu prvn\u00edch 21 kalend\u00e1\u0159n\u00edch dn\u016f trv\u00e1n\u00ed do\u010dasn\u00e9 pracovn\u00ed neschopnosti (od 1. ledna 2014 by se tato povinnost m\u011bla t\u00fdkat zase jen prvn\u00edch 14 pracovn\u00edch dn\u016f).<\/p>\n<p>Sou\u010dasn\u011b dal zam\u011bstnavatel\u016fm pr\u00e1vo kontrolovat, zda zam\u011bstnanci dodr\u017euj\u00ed l\u00e9\u010debn\u00fd re\u017eim. Jde p\u0159edev\u0161\u00edm o povinnost b\u00fdt v m\u00edst\u011b bydli\u0161t\u011b, kter\u00e9 bylo nahl\u00e1\u0161eno l\u00e9ka\u0159i, a dodr\u017eovat dobu a rozsah povolen\u00fdch vych\u00e1zek.<\/p>\n<p>Informaci o tomto re\u017eimu v rozsahu, kter\u00fdm je zam\u011bstnavatel opr\u00e1vn\u011bn sv\u00e9ho zam\u011bstnance kontrolovat, mu poskytuje o\u0161et\u0159uj\u00edc\u00ed l\u00e9ka\u0159.<\/p>\n<p>Kontrolu dodr\u017eov\u00e1n\u00ed l\u00e9\u010debn\u00e9ho re\u017eimu m\u016f\u017ee prov\u00e1d\u011bt zam\u011bstnavatel s\u00e1m prost\u0159ednictv\u00edm sv\u00fdch zam\u011bstnanc\u016f nebo s vyu\u017eit\u00edm okresn\u00ed spr\u00e1vy soci\u00e1ln\u00edho zabezpe\u010den\u00ed, j\u00ed\u017e d\u00e1 podn\u011bt ke kontrole, nebo dokonce za pomoci n\u011bkoho, kdo v takov\u00fdch slu\u017eb\u00e1ch podnik\u00e1.<\/p>\n<p>V p\u0159\u00edpad\u011b poru\u0161en\u00ed povinnosti dodr\u017eovat re\u017eim pr\u00e1ce neschopn\u00e9ho zam\u011bstnance je t\u0159eba vyhotovit o kontrole p\u00edsemn\u00fd z\u00e1znam s uveden\u00edm zji\u0161t\u011bn\u00fdch skute\u010dnost\u00ed. Ten mus\u00ed b\u00fdt doru\u010den zam\u011bstnanci do vlastn\u00edch rukou a d\u00e1le okresn\u00ed spr\u00e1v\u011b soci\u00e1ln\u00edho zabezpe\u010den\u00ed a t\u00e9\u017e o\u0161et\u0159uj\u00edc\u00edmu l\u00e9ka\u0159i, kter\u00e9ho je mo\u017en\u00e9 po\u017e\u00e1dat, aby poru\u0161en\u00ed re\u017eimu i zhodnotil.<\/p>\n<p>Proto si p\u0159edev\u0161\u00edm zkontrolujte, zda jste byla nakoupit v dob\u011b, kdy jste m\u011bla l\u00e9ka\u0159em povolen\u00e9 vych\u00e1zky.<\/p>\n<p>Pokud jste byla nakupovat v dob\u011b, kdy jste nem\u011bla vych\u00e1zky povoleny, a m\u011bla tedy b\u00fdt doma, l\u00e9\u010debn\u00fd re\u017eim jste poru\u0161ila.<\/p>\n<p><strong>Za to je v\u00e1m skute\u010dn\u011b mo\u017en\u00e9 n\u00e1hradu mzdy sn\u00ed\u017eit, nebo v p\u0159\u00edpad\u011b velmi z\u00e1va\u017en\u00e9ho \u010di opakovan\u00e9ho poru\u0161en\u00ed dokonce v\u016fbec neposkytnout.<\/strong><\/p>\n<p>Konkr\u00e9tn\u00ed postihy a jejich podm\u00ednky b\u00fdvaj\u00ed upraveny ve vnit\u0159n\u00edch p\u0159edpisech, s nimi\u017e mus\u00ed b\u00fdt v\u0161ichni zam\u011bstnanci sezn\u00e1meni. Pokud takto upraveny nejsou, rozhodne o nich zam\u011bstnavatel.<\/p>\n<p>M\u011bl by br\u00e1t v \u00favahu z\u00e1va\u017enost takov\u00e9ho poru\u0161en\u00ed a respektovat princip rovn\u00e9ho zach\u00e1zen\u00ed a nediskriminace.<\/p>\n<p>Krom\u011b tohoto postihu m\u00e1 od 1. ledna 2012 zam\u011bstnavatel pr\u00e1vo pracovn\u00ed pom\u011br se zam\u011bstnancem, kter\u00fd poru\u0161il l\u00e9\u010debn\u00fd re\u017eim, rozv\u00e1zat v\u00fdpov\u011bd\u00ed. Mus\u00ed j\u00edt ale o zvl\u00e1\u0161\u0165 hrub\u00e9 poru\u0161en\u00ed. Co se t\u00edm mysl\u00ed, v\u0161ak z\u00e1kon nestanov\u00ed.<\/p>\n<p>Pokud by ale pro tot\u00e9\u017e poru\u0161en\u00ed l\u00e9\u010debn\u00e9ho re\u017eimu byla zam\u011bstnanci d\u00e1na v\u00fdpov\u011b\u010f, ke sn\u00ed\u017een\u00ed nebo neposkytnut\u00ed n\u00e1hrady mzdy ji\u017e doj\u00edt nem\u016f\u017ee, \u010d\u00edm\u017e se zabra\u0148uje kumulaci postih\u016f.<\/p>\n<p>P\u0159esto n\u011bkte\u0159\u00ed pova\u017euj\u00ed mo\u017enost d\u00e1t v\u00fdpov\u011b\u010f i za poru\u0161en\u00ed l\u00e9\u010debn\u00e9ho re\u017eimu za problematickou, nebo\u0165 je mimo r\u00e1mec koncepce ostatn\u00edch v\u00fdpov\u011bdn\u00edch d\u016fvod\u016f podle sou\u010dasn\u00e9ho z\u00e1kon\u00edku pr\u00e1ce a neod\u016fvodn\u011bn\u011b sm\u011b\u0161uje pln\u011bn\u00ed pracovn\u011bpr\u00e1vn\u00edch povinnost\u00ed a t\u011bch dle re\u017eimu do\u010dasn\u011b pr\u00e1ce neschopn\u00e9ho zam\u011bstnance. Proto\u017ee mus\u00ed b\u00fdt poru\u0161en\u00ed zvl\u00e1\u0161\u0165 hrub\u00e9, d\u00e1 se o\u010dek\u00e1vat, \u017ee k n\u011bmu v praxi bude doch\u00e1zet jen zcela v\u00fdjime\u010dn\u011b.<\/p>\n<p>invArena<\/p>\n","protected":false},"excerpt":{"rendered":"<div class=\"mh-excerpt\"><p>Byla jsem l\u00e9ka\u0159em uzn\u00e1na pr\u00e1ce neschopnou na dva t\u00fddny. M\u016fj zam\u011bstnavatel p\u0159i kontrole po p\u011bti dnech zjistil, \u017ee jsem nebyla doma, nebo\u0165 jsem \u0161la nakoupit. <a class=\"mh-excerpt-more\" href=\"https:\/\/www.invarena.cz\/?p=3620\" title=\"Poru\u0161ila jsem l\u00e9\u010debn\u00fd re\u017eim. Hroz\u00ed trest?\">[&#8230;]<\/a><\/p>\n<\/div>","protected":false},"author":1,"featured_media":0,"comment_status":"open","ping_status":"open","sticky":false,"template":"","format":"standard","meta":{"footnotes":""},"categories":[18],"tags":[],"class_list":["post-3620","post","type-post","status-publish","format-standard","hentry","category-poradna"],"_links":{"self":[{"href":"https:\/\/www.invarena.cz\/index.php?rest_route=\/wp\/v2\/posts\/3620","targetHints":{"allow":["GET"]}}],"collection":[{"href":"https:\/\/www.invarena.cz\/index.php?rest_route=\/wp\/v2\/posts"}],"about":[{"href":"https:\/\/www.invarena.cz\/index.php?rest_route=\/wp\/v2\/types\/post"}],"author":[{"embeddable":true,"href":"https:\/\/www.invarena.cz\/index.php?rest_route=\/wp\/v2\/users\/1"}],"replies":[{"embeddable":true,"href":"https:\/\/www.invarena.cz\/index.php?rest_route=%2Fwp%2Fv2%2Fcomments&post=3620"}],"version-history":[{"count":0,"href":"https:\/\/www.invarena.cz\/index.php?rest_route=\/wp\/v2\/posts\/3620\/revisions"}],"wp:attachment":[{"href":"https:\/\/www.invarena.cz\/index.php?rest_route=%2Fwp%2Fv2%2Fmedia&parent=3620"}],"wp:term":[{"taxonomy":"category","embeddable":true,"href":"https:\/\/www.invarena.cz\/index.php?rest_route=%2Fwp%2Fv2%2Fcategories&post=3620"},{"taxonomy":"post_tag","embeddable":true,"href":"https:\/\/www.invarena.cz\/index.php?rest_route=%2Fwp%2Fv2%2Ftags&post=3620"}],"curies":[{"name":"wp","href":"https:\/\/api.w.org\/{rel}","templated":true}]}}