{"id":36238,"date":"2021-06-21T14:38:01","date_gmt":"2021-06-21T12:38:01","guid":{"rendered":"http:\/\/www.invarena.cz\/?p=36238"},"modified":"2021-06-21T14:38:03","modified_gmt":"2021-06-21T12:38:03","slug":"oceneni-pro-mosteckou-charitu-pri-predavani-cen-vyboru-dobre-vule","status":"publish","type":"post","link":"https:\/\/www.invarena.cz\/?p=36238","title":{"rendered":"Ocen\u011bn\u00ed pro mosteckou charitu p\u0159i p\u0159ed\u00e1v\u00e1n\u00ed cen V\u00fdboru dobr\u00e9 v\u016fle"},"content":{"rendered":"\n<p>Podobn\u011b jako v minul\u00fdch letech tak\u00e9 letos prob\u011bhlo v Praze\np\u0159ed\u00e1v\u00e1n\u00ed cen V\u00fdboru dobr\u00e9 v\u016fle \u2013 Nadace Olgy Havlov\u00e9. Tato nadace ka\u017edoro\u010dn\u011b\noce\u0148uje v\u00fdznamn\u00e9 organizace, jednotlivce a d\u00e1rce, kte\u0159\u00ed se ve spolupr\u00e1ci\nV\u00fdborem dobr\u00e9 v\u016fle zapoj\u00ed do pomoci lidem, kte\u0159\u00ed jsou kv\u016fli sv\u00e9mu posti\u017een\u00ed,\nsoci\u00e1ln\u00edmu postaven\u00ed nebo v\u011bku vylou\u010deni na okraj spole\u010dnosti.<\/p>\n\n\n\n<p>Letos se jedn\u00edm z ocen\u011bn\u00fdch stala tak\u00e9 Oblastn\u00ed charita\nMost, kter\u00e1 realizuje sv\u00e9 projekty v Most\u011b, Litv\u00ednov\u011b, Duchcov\u011b, Oseku, V\nJirkov\u011b, \u017datci a na Liberecku. Pracovn\u00edci t\u00e9to organizace byli ocen\u011bni za\ndlouhodobou a efektivn\u00ed podporu lid\u00ed v nep\u0159\u00edzniv\u00e9 \u017eivotn\u00ed situaci.<\/p>\n\n\n\n<p>Slavnost\u00ed p\u0159ed\u00e1n\u00ed cen se uskute\u010dnilo na n\u00e1dvo\u0159\u00ed Ane\u017esk\u00e9ho\nkl\u00e1\u0161tera za p\u0159\u00edtomnosti p\u0159edsedy Sen\u00e1tu parlamentu \u010cR Milo\u0161e Vystr\u010dila. Celkem\nzde bylo p\u0159ed\u00e1no 16 cen v p\u011bti kategori\u00edch.<\/p>\n\n\n\n<p>Brigita Janovsk\u00e1<\/p>\n\n\n\n<p>Mosteck\u00fd den\u00edk<\/p>\n\n\n\n<p><a rel=\"noreferrer noopener\" aria-label=\" (otev\u0159e se na nov\u00e9 z\u00e1lo\u017ece)\" href=\"https:\/\/mostecky.denik.cz\/\" target=\"_blank\">https:\/\/mostecky.denik.cz\/<\/a><\/p>\n","protected":false},"excerpt":{"rendered":"<div class=\"mh-excerpt\"><p>Podobn\u011b jako v minul\u00fdch letech tak\u00e9 letos prob\u011bhlo v Praze p\u0159ed\u00e1v\u00e1n\u00ed cen V\u00fdboru dobr\u00e9 v\u016fle \u2013 Nadace Olgy Havlov\u00e9. Tato nadace ka\u017edoro\u010dn\u011b oce\u0148uje v\u00fdznamn\u00e9 organizace, <a class=\"mh-excerpt-more\" href=\"https:\/\/www.invarena.cz\/?p=36238\" title=\"Ocen\u011bn\u00ed pro mosteckou charitu p\u0159i p\u0159ed\u00e1v\u00e1n\u00ed cen V\u00fdboru dobr\u00e9 v\u016fle\">[&#8230;]<\/a><\/p>\n<\/div>","protected":false},"author":1,"featured_media":14570,"comment_status":"open","ping_status":"closed","sticky":false,"template":"","format":"standard","meta":{"footnotes":""},"categories":[9],"tags":[],"class_list":["post-36238","post","type-post","status-publish","format-standard","has-post-thumbnail","hentry","category-zpravy"],"_links":{"self":[{"href":"https:\/\/www.invarena.cz\/index.php?rest_route=\/wp\/v2\/posts\/36238","targetHints":{"allow":["GET"]}}],"collection":[{"href":"https:\/\/www.invarena.cz\/index.php?rest_route=\/wp\/v2\/posts"}],"about":[{"href":"https:\/\/www.invarena.cz\/index.php?rest_route=\/wp\/v2\/types\/post"}],"author":[{"embeddable":true,"href":"https:\/\/www.invarena.cz\/index.php?rest_route=\/wp\/v2\/users\/1"}],"replies":[{"embeddable":true,"href":"https:\/\/www.invarena.cz\/index.php?rest_route=%2Fwp%2Fv2%2Fcomments&post=36238"}],"version-history":[{"count":0,"href":"https:\/\/www.invarena.cz\/index.php?rest_route=\/wp\/v2\/posts\/36238\/revisions"}],"wp:featuredmedia":[{"embeddable":true,"href":"https:\/\/www.invarena.cz\/index.php?rest_route=\/wp\/v2\/media\/14570"}],"wp:attachment":[{"href":"https:\/\/www.invarena.cz\/index.php?rest_route=%2Fwp%2Fv2%2Fmedia&parent=36238"}],"wp:term":[{"taxonomy":"category","embeddable":true,"href":"https:\/\/www.invarena.cz\/index.php?rest_route=%2Fwp%2Fv2%2Fcategories&post=36238"},{"taxonomy":"post_tag","embeddable":true,"href":"https:\/\/www.invarena.cz\/index.php?rest_route=%2Fwp%2Fv2%2Ftags&post=36238"}],"curies":[{"name":"wp","href":"https:\/\/api.w.org\/{rel}","templated":true}]}}