{"id":36241,"date":"2021-06-21T14:42:38","date_gmt":"2021-06-21T12:42:38","guid":{"rendered":"http:\/\/www.invarena.cz\/?p=36241"},"modified":"2021-06-21T14:42:39","modified_gmt":"2021-06-21T12:42:39","slug":"patrik-z-decina-se-dockal-pomoci-ma-novy-loped-za-vice-nez-19-tisic","status":"publish","type":"post","link":"https:\/\/www.invarena.cz\/?p=36241","title":{"rendered":"Patrik z D\u011b\u010d\u00edna se do\u010dkal pomoci. M\u00e1 nov\u00fd loped za v\u00edce ne\u017e 19 tis\u00edc"},"content":{"rendered":"\n<p>\u010c\u00e1stku 19 200 korun zaplatila firma DS Smith v D\u011b\u010d\u00edn\u011b za\nloped pro Patrika. Pom\u016fcku p\u0159ed\u00e1val jej\u00ed \u0159editel Martin N\u011bmec.<\/p>\n\n\n\n<p>&#8222;Jednoho dne mi psala maminka Patrika, zda bychom\nnemohli p\u0159isp\u011bt. Bohu\u017eel jsem ji musela odm\u00edtnout, druh\u00fd den mi volala pan\u00ed\nZuzana B\u00e1bkov\u00e1 s \u00fa\u017easnou nab\u00eddkou na pomoc. D\u00edky panu \u0159editeli m\u00e1 Patrik sv\u016fj\nloped, kter\u00fd mu moc pom\u00e1h\u00e1 a je z n\u011bj nad\u0161en\u00fd,&#8220; uvedla Kl\u00e1ra Hoz\u00e1kov\u00e1,\np\u0159edsedkyn\u011b d\u011b\u010d\u00ednsk\u00e9ho spolku And\u011bl\u00e9 bez k\u0159\u00eddel, kter\u00fd pom\u00e1h\u00e1 hendikepovan\u00fdm\nd\u011btem a jejich rodin\u00e1m.<\/p>\n\n\n\n<p>&#8222;Z cel\u00e9ho srdce moc d\u011bkujeme za ne\u010dekanou pomoc, kter\u00e1\np\u0159i\u0161la ve spr\u00e1vn\u00fd \u010das. Moc si j\u00ed v\u00e1\u017e\u00edme,&#8220; dodala.<\/p>\n\n\n\n<p>P\u0159\u00edb\u011bh Patrika<\/p>\n\n\n\n<p>Patrik H. se narodil o t\u0159i t\u00fddny d\u0159\u00edve. M\u011b\u0159il 46 cm a v\u00e1\u017eil 2730 gram\u016f. V\u0161e bylo v\npo\u0159\u00e1dku, ale nevyv\u00edjel se tak, jak m\u011bl. Dr\u017eel hlavi\u010dku a\u017e v p\u016fl roce a za\u010dal\nkoloto\u010d vy\u0161et\u0159en\u00ed. Na genetice se zjistilo, \u017ee Patrik m\u00e1 syndrom chromozomu\nxq21, kter\u00fd obsahuje retardaci. Pomal\u00fd v\u00fdvoj, hyperaktivn\u00ed, sluchovou vadu na\nob\u011b ou\u0161ka. Podstupuje rehabilitace-hipoterapii, krou\u017eek p\u0159ed\u0161kol\u00e1ka. Chod\u00ed do\n\u0161kolky s asistentem. Dva m\u011bs\u00edce zkou\u0161\u00ed rodina l\u00e9\u010dbu aminokyselinami, kter\u00e1 ale\nstoj\u00ed 6000 m\u011bs\u00ed\u010dn\u011b. Chlapec m\u00e1 ro\u010dn\u00ed sest\u0159i\u010dku a l\u00e9\u010dba pro Patrika je pro\nrodinu velmi n\u00e1kladn\u00e1, ale chlapec d\u011bl\u00e1 pokroky.<\/p>\n\n\n\n<p>Jitka Vep\u0159ovsk\u00e1<\/p>\n\n\n\n<p>D\u011b\u010d\u00ednsk\u00fd den\u00edk<\/p>\n\n\n\n<p><a rel=\"noreferrer noopener\" aria-label=\" (otev\u0159e se na nov\u00e9 z\u00e1lo\u017ece)\" href=\"http:\/\/:\/\/decinsky.denik.cz\/\" target=\"_blank\">http:\/\/:\/\/decinsky.denik.cz\/<\/a><\/p>\n","protected":false},"excerpt":{"rendered":"<div class=\"mh-excerpt\"><p>\u010c\u00e1stku 19 200 korun zaplatila firma DS Smith v D\u011b\u010d\u00edn\u011b za loped pro Patrika. Pom\u016fcku p\u0159ed\u00e1val jej\u00ed \u0159editel Martin N\u011bmec. &#8222;Jednoho dne mi psala maminka <a class=\"mh-excerpt-more\" href=\"https:\/\/www.invarena.cz\/?p=36241\" title=\"Patrik z D\u011b\u010d\u00edna se do\u010dkal pomoci. M\u00e1 nov\u00fd loped za v\u00edce ne\u017e 19 tis\u00edc\">[&#8230;]<\/a><\/p>\n<\/div>","protected":false},"author":1,"featured_media":600,"comment_status":"open","ping_status":"closed","sticky":false,"template":"","format":"standard","meta":{"footnotes":""},"categories":[9],"tags":[],"class_list":["post-36241","post","type-post","status-publish","format-standard","has-post-thumbnail","hentry","category-zpravy"],"_links":{"self":[{"href":"https:\/\/www.invarena.cz\/index.php?rest_route=\/wp\/v2\/posts\/36241","targetHints":{"allow":["GET"]}}],"collection":[{"href":"https:\/\/www.invarena.cz\/index.php?rest_route=\/wp\/v2\/posts"}],"about":[{"href":"https:\/\/www.invarena.cz\/index.php?rest_route=\/wp\/v2\/types\/post"}],"author":[{"embeddable":true,"href":"https:\/\/www.invarena.cz\/index.php?rest_route=\/wp\/v2\/users\/1"}],"replies":[{"embeddable":true,"href":"https:\/\/www.invarena.cz\/index.php?rest_route=%2Fwp%2Fv2%2Fcomments&post=36241"}],"version-history":[{"count":0,"href":"https:\/\/www.invarena.cz\/index.php?rest_route=\/wp\/v2\/posts\/36241\/revisions"}],"wp:featuredmedia":[{"embeddable":true,"href":"https:\/\/www.invarena.cz\/index.php?rest_route=\/wp\/v2\/media\/600"}],"wp:attachment":[{"href":"https:\/\/www.invarena.cz\/index.php?rest_route=%2Fwp%2Fv2%2Fmedia&parent=36241"}],"wp:term":[{"taxonomy":"category","embeddable":true,"href":"https:\/\/www.invarena.cz\/index.php?rest_route=%2Fwp%2Fv2%2Fcategories&post=36241"},{"taxonomy":"post_tag","embeddable":true,"href":"https:\/\/www.invarena.cz\/index.php?rest_route=%2Fwp%2Fv2%2Ftags&post=36241"}],"curies":[{"name":"wp","href":"https:\/\/api.w.org\/{rel}","templated":true}]}}