{"id":36268,"date":"2021-06-23T12:56:48","date_gmt":"2021-06-23T10:56:48","guid":{"rendered":"http:\/\/www.invarena.cz\/?p=36268"},"modified":"2021-06-23T12:56:49","modified_gmt":"2021-06-23T10:56:49","slug":"michaele-zmenila-zivot-nehoda-naucit-se-zit-na-voziku-ji-pomaha-lucie","status":"publish","type":"post","link":"https:\/\/www.invarena.cz\/?p=36268","title":{"rendered":"Michaele zm\u011bnila \u017eivot nehoda. Nau\u010dit se \u017e\u00edt na voz\u00edku j\u00ed pom\u00e1h\u00e1 Lucie"},"content":{"rendered":"\n<p>Michaela Hrachovcov\u00e1 si p\u0159i nehod\u011b na sk\u00fatru poranila p\u00e1te\u0159.\nZran\u011bn\u00ed byla nezvratn\u00e1 a Michaela z\u016fstala upout\u00e1na na invalidn\u00ed voz\u00edk. Po\ndlouh\u00e9 rehabilitaci se nyn\u00ed vr\u00e1tila dom\u016f, do Berouna. Zvyk\u00e1 si na nov\u00fd zp\u016fsob\n\u017eivota. S nelehkou situac\u00ed j\u00ed pom\u00e1h\u00e1 Lucie Holubcov\u00e1 z \u010cesk\u00e9 asociace\nparaplegik\u016f.<\/p>\n\n\n\n<p>Lucie je Michaely peer mentorka, nebo-li osoba s konkr\u00e9tn\u00ed\nzku\u0161enost\u00ed, kter\u00e1 pom\u00e1h\u00e1 druh\u00e9mu zvl\u00e1dnout stejnou situaci. Sama z\u016fstala po\nautonehod\u011b na voz\u00edku p\u0159ed jeden\u00e1cti lety.<\/p>\n\n\n\n<p>\u201eSna\u017e\u00edme se klienty podpo\u0159it p\u0159ed\u00e1n\u00edm vlastn\u00edch zku\u0161enost\u00ed.\nJsme tu pro n\u011b, kdy\u017e jim je nejh\u016f\u0159 a pot\u0159ebuj\u00ed si prost\u011b jen popov\u00eddat,\u201c\nvysv\u011btlila Lucie Holubcov\u00e1. D\u0159\u00edve ne\u017e mohla za\u010d\u00edt pom\u00e1hat, musela proj\u00edt\n\u0161kolen\u00edm.<\/p>\n\n\n\n<p>Jedn\u00edm z jej\u00edch klient\u016f je pr\u00e1v\u011b Michaela. \u201eO Lucii jsem se\ndozv\u011bd\u011bla, kdy\u017e jsem v rehabilita\u010dn\u00edm \u00fastavu v Kladrubech nav\u0161t\u00edvila jeden\nwebin\u00e1\u0159, kter\u00fd byl zam\u011b\u0159en pr\u00e1v\u011b na peer mentoring. Koordin\u00e1tor projektu Marek\nJonczy se m\u011b zeptal, zda bych o tuto slu\u017ebu m\u011bla z\u00e1jem. Souhlasila jsem a asi\npo t\u00fddnu mi zavolal, \u017ee m\u00e1 pro m\u011b Lucku,\u201c p\u0159ibl\u00ed\u017eila Michaela Hrachovcov\u00e1.<\/p>\n\n\n\n<p>Pomoc Lucie je pro ni obrovskou podporou. \u201eLucka je skv\u011bl\u00e1!\nJe praktick\u00e1 a dok\u00e1\u017ee podr\u017eet, kdy\u017e m\u011b nap\u0159\u00edklad p\u0159epadnou obavy a strach, jak\nto v\u0161echno bude. M\u016f\u017eu j\u00ed kdykoliv zavolat a v\u017edycky mi pom\u016f\u017ee. Je pro m\u011b n\u011bco\njako z\u00e1chrann\u00fd kruh,\u201c dodala.<\/p>\n\n\n\n<p>Michaela byla v\u017edy sportovkyn\u00ed a p\u0159ijmout v\u00fdzvu pro ni nikdy\nnebyl probl\u00e9m. Ale i tak je n\u00e1vrat do \u017eivota v rodn\u00e9m m\u011bst\u011b pln\u00fd v\u00fdzev. \u201eJe\u0161t\u011b\nmoc nezvl\u00e1d\u00e1m p\u0159ejezdy p\u0159es obrubn\u00edky nebo vyjet nahoru k Plze\u0148sk\u00e9 br\u00e1n\u011b.\nNa\u0161t\u011bst\u00ed se dostanu k \u0159ece, tam to m\u00e1m v oblib\u011b. Jsem tak\u00e9 moc r\u00e1da za to, \u017ee\nlid\u00e9 ochotn\u011b pom\u016f\u017eou, kdy\u017e t\u0159eba n\u011bkde uv\u00edznu,\u201c zhodnotila.<\/p>\n\n\n\n<p>Zcela snadn\u00e9 to nem\u00e1 ani doma. Byt, kter\u00fd Michaele pronajalo\nm\u011bsto, je\u0161t\u011b nen\u00ed zcela uzp\u016fsoben. \u201eI kdy\u017e jsem v Kladrubech tr\u00e9novala a\np\u0159ipravovala se, n\u00e1vrat do reality byl t\u011b\u017ek\u00fd. Najednou mi doma nic ne\u0161lo. V\njeden moment p\u0159i\u0161ly i chvilky, kdy v\u00e1s napadne, \u017ee to prost\u011b ned\u00e1te. A v takov\u00fd\nmoment jsem byla za Lucku moc r\u00e1da. V\u017edycky m\u011b dok\u00e1zala obrovsky podr\u017eet,\u201c\nkonstatovala.<\/p>\n\n\n\n<p>Projekt peer mentoringu lze finan\u010dn\u011b podpo\u0159it\nprost\u0159ednictv\u00edm sb\u00edrky skrze charitativn\u00ed platformu Znesn\u00e1ze21. Zde se tak\u00e9\npoda\u0159ilo vybrat p\u0159es p\u016fl milionu korun p\u0159\u00edmo na pomoc Michaele.<\/p>\n\n\n\n<p>RADEK R. KA\u0160A<\/p>\n\n\n\n<p>Berounsk\u00fd den\u00edk<\/p>\n\n\n\n<p><a rel=\"noreferrer noopener\" aria-label=\" (otev\u0159e se na nov\u00e9 z\u00e1lo\u017ece)\" href=\"https:\/\/berounsky.denik.cz\/\" target=\"_blank\">https:\/\/berounsky.denik.cz\/<\/a><\/p>\n","protected":false},"excerpt":{"rendered":"<div class=\"mh-excerpt\"><p>Michaela Hrachovcov\u00e1 si p\u0159i nehod\u011b na sk\u00fatru poranila p\u00e1te\u0159. Zran\u011bn\u00ed byla nezvratn\u00e1 a Michaela z\u016fstala upout\u00e1na na invalidn\u00ed voz\u00edk. Po dlouh\u00e9 rehabilitaci se nyn\u00ed vr\u00e1tila <a class=\"mh-excerpt-more\" href=\"https:\/\/www.invarena.cz\/?p=36268\" title=\"Michaele zm\u011bnila \u017eivot nehoda. Nau\u010dit se \u017e\u00edt na voz\u00edku j\u00ed pom\u00e1h\u00e1 Lucie\">[&#8230;]<\/a><\/p>\n<\/div>","protected":false},"author":1,"featured_media":20469,"comment_status":"open","ping_status":"closed","sticky":false,"template":"","format":"standard","meta":{"footnotes":""},"categories":[9],"tags":[],"class_list":["post-36268","post","type-post","status-publish","format-standard","has-post-thumbnail","hentry","category-zpravy"],"_links":{"self":[{"href":"https:\/\/www.invarena.cz\/index.php?rest_route=\/wp\/v2\/posts\/36268","targetHints":{"allow":["GET"]}}],"collection":[{"href":"https:\/\/www.invarena.cz\/index.php?rest_route=\/wp\/v2\/posts"}],"about":[{"href":"https:\/\/www.invarena.cz\/index.php?rest_route=\/wp\/v2\/types\/post"}],"author":[{"embeddable":true,"href":"https:\/\/www.invarena.cz\/index.php?rest_route=\/wp\/v2\/users\/1"}],"replies":[{"embeddable":true,"href":"https:\/\/www.invarena.cz\/index.php?rest_route=%2Fwp%2Fv2%2Fcomments&post=36268"}],"version-history":[{"count":0,"href":"https:\/\/www.invarena.cz\/index.php?rest_route=\/wp\/v2\/posts\/36268\/revisions"}],"wp:featuredmedia":[{"embeddable":true,"href":"https:\/\/www.invarena.cz\/index.php?rest_route=\/wp\/v2\/media\/20469"}],"wp:attachment":[{"href":"https:\/\/www.invarena.cz\/index.php?rest_route=%2Fwp%2Fv2%2Fmedia&parent=36268"}],"wp:term":[{"taxonomy":"category","embeddable":true,"href":"https:\/\/www.invarena.cz\/index.php?rest_route=%2Fwp%2Fv2%2Fcategories&post=36268"},{"taxonomy":"post_tag","embeddable":true,"href":"https:\/\/www.invarena.cz\/index.php?rest_route=%2Fwp%2Fv2%2Ftags&post=36268"}],"curies":[{"name":"wp","href":"https:\/\/api.w.org\/{rel}","templated":true}]}}