{"id":36288,"date":"2021-06-24T08:46:59","date_gmt":"2021-06-24T06:46:59","guid":{"rendered":"http:\/\/www.invarena.cz\/?p=36288"},"modified":"2021-06-24T08:47:00","modified_gmt":"2021-06-24T06:47:00","slug":"novy-domov-pro-seniory-chce-praha-2-zacit-budovat-za-dva-roky","status":"publish","type":"post","link":"https:\/\/www.invarena.cz\/?p=36288","title":{"rendered":"Nov\u00fd domov pro seniory chce Praha 2 za\u010d\u00edt budovat za dva roky"},"content":{"rendered":"\n<p>V pl\u00e1novan\u00e9m Nov\u00e9m domov\u011b pro seniory a lidi trp\u00edc\u00ed demenc\u00ed v Praze 2 budou samostatn\u00e9 pokoje pro seniory, relaxa\u010dn\u00ed a poradensk\u00e9 centrum, komunitn\u00ed zahrada nebo kaple. Sou\u010d\u00e1st\u00ed budou i hospicov\u00e1 l\u016f\u017eka a t\u00fddenn\u00ed stacion\u00e1\u0159. Kapacita bude 130 m\u00edst. N\u00e1klady na vybudov\u00e1n\u00ed jsou odhadovan\u00e9 na 495 milion\u016f korun. M\u011bstsk\u00e1 \u010d\u00e1st nyn\u00ed za\u010dne p\u0159ipravovat projekt a stav\u011bt by se mohlo za\u010d\u00edt v roce 2023.<\/p>\n\n\n\n<p>Cel\u00fd \u010dl\u00e1nek naleznete v Pra\u017esk\u00e9m Patriotu: <a href=\"https:\/\/www.prazskypatriot.cz\/novy-domov-pro-seniory-chce-praha-2-zacit-budovat-za-dva-roky\/\" target=\"_blank\" rel=\"noreferrer noopener\" aria-label=\" (otev\u0159e se na nov\u00e9 z\u00e1lo\u017ece)\">https:\/\/www.prazskypatriot.cz\/novy-domov-pro-seniory-chce-praha-2-zacit-budovat-za-dva-roky\/<\/a><\/p>\n","protected":false},"excerpt":{"rendered":"<div class=\"mh-excerpt\"><p>V pl\u00e1novan\u00e9m Nov\u00e9m domov\u011b pro seniory a lidi trp\u00edc\u00ed demenc\u00ed v Praze 2 budou samostatn\u00e9 pokoje pro seniory, relaxa\u010dn\u00ed a poradensk\u00e9 centrum, komunitn\u00ed zahrada nebo <a class=\"mh-excerpt-more\" href=\"https:\/\/www.invarena.cz\/?p=36288\" title=\"Nov\u00fd domov pro seniory chce Praha 2 za\u010d\u00edt budovat za dva roky\">[&#8230;]<\/a><\/p>\n<\/div>","protected":false},"author":1,"featured_media":27670,"comment_status":"open","ping_status":"closed","sticky":false,"template":"","format":"standard","meta":{"footnotes":""},"categories":[9],"tags":[],"class_list":["post-36288","post","type-post","status-publish","format-standard","has-post-thumbnail","hentry","category-zpravy"],"_links":{"self":[{"href":"https:\/\/www.invarena.cz\/index.php?rest_route=\/wp\/v2\/posts\/36288","targetHints":{"allow":["GET"]}}],"collection":[{"href":"https:\/\/www.invarena.cz\/index.php?rest_route=\/wp\/v2\/posts"}],"about":[{"href":"https:\/\/www.invarena.cz\/index.php?rest_route=\/wp\/v2\/types\/post"}],"author":[{"embeddable":true,"href":"https:\/\/www.invarena.cz\/index.php?rest_route=\/wp\/v2\/users\/1"}],"replies":[{"embeddable":true,"href":"https:\/\/www.invarena.cz\/index.php?rest_route=%2Fwp%2Fv2%2Fcomments&post=36288"}],"version-history":[{"count":0,"href":"https:\/\/www.invarena.cz\/index.php?rest_route=\/wp\/v2\/posts\/36288\/revisions"}],"wp:featuredmedia":[{"embeddable":true,"href":"https:\/\/www.invarena.cz\/index.php?rest_route=\/wp\/v2\/media\/27670"}],"wp:attachment":[{"href":"https:\/\/www.invarena.cz\/index.php?rest_route=%2Fwp%2Fv2%2Fmedia&parent=36288"}],"wp:term":[{"taxonomy":"category","embeddable":true,"href":"https:\/\/www.invarena.cz\/index.php?rest_route=%2Fwp%2Fv2%2Fcategories&post=36288"},{"taxonomy":"post_tag","embeddable":true,"href":"https:\/\/www.invarena.cz\/index.php?rest_route=%2Fwp%2Fv2%2Ftags&post=36288"}],"curies":[{"name":"wp","href":"https:\/\/api.w.org\/{rel}","templated":true}]}}