{"id":36295,"date":"2021-06-25T13:15:09","date_gmt":"2021-06-25T11:15:09","guid":{"rendered":"http:\/\/www.invarena.cz\/?p=36295"},"modified":"2021-06-25T13:15:10","modified_gmt":"2021-06-25T11:15:10","slug":"nevidomy-plavec-david-kratochvil-ziskal-devatenact-medaili","status":"publish","type":"post","link":"https:\/\/www.invarena.cz\/?p=36295","title":{"rendered":"Nevidom\u00fd plavec David Kratochv\u00edl z\u00edskal devaten\u00e1ct medail\u00ed"},"content":{"rendered":"\n<p>T\u0159in\u00e1ctilet\u00fd nevidom\u00fd plavec David Kratochv\u00edl z Tachovska m\u00e1\nza sebou nej\u00fasp\u011b\u0161n\u011bj\u0161\u00ed z\u00e1vody kari\u00e9ry.<\/p>\n\n\n\n<p>David Kratochv\u00edl na z\u00e1vodech IDM Berl\u00edn (mistrovstv\u00ed N\u011bmecka\ns pozv\u00e1n\u00edm sv\u011bta) za \u00fa\u010dasti pades\u00e1ti zem\u00ed z\u00edskal patn\u00e1ct medail\u00ed (sedm zlat\u00fdch,\n\u010dty\u0159i st\u0159\u00edbrn\u00e9 a \u010dty\u0159i bronzov\u00e9) ve sv\u00e9 kategorii do 15 let a \u010dty\u0159i medaile\n(bronz a t\u0159i st\u0159\u00edbrn\u00e9) z fin\u00e1le junior\u016f. To v\u0161e z dvaceti start\u016f.<\/p>\n\n\n\n<p>\u201eDavid ud\u011blal velk\u00fd \u00fasp\u011bch, proto\u017ee ve \u010dty\u0159ech fin\u00e1le\njunior\u016f do 18 let z\u00edskal t\u0159i druh\u00e1 m\u00edsta a jedno t\u0159et\u00ed, co\u017e je maximum, \u010deho\nmohl dos\u00e1hnout, kam mohl postoupit a v \u010dem mohl zabojovat,\u201c \u0159ekla Davidova\nmaminka Stanislava Kratochv\u00edlov\u00e1.<\/p>\n\n\n\n<p>\u201eDavid m\u011bl obrovskou radost, proto\u017ee v\u016fbec ne\u010dekal, \u017ee by se\nmohl prosadit mezi juniory do osmn\u00e1cti let,\u201c dodala.<\/p>\n\n\n\n<p>Stanislava Kratochv\u00edlov\u00e1 uvedla, \u017ee David v Berl\u00edn\u011b\nabsolvoval sv\u016fj nej\u00fasp\u011b\u0161n\u011bj\u0161\u00ed plaveck\u00fd z\u00e1vod. \u201eMo\u017en\u00e1 z\u00e1vody na Madei\u0159e se\nvyrovnaj\u00ed, kde David splnil p\u011bt limit\u016f na paralympi\u00e1du do Tokia, ale v Berl\u00edn\u011b\np\u0159ekonal dal\u0161\u00ed osob\u00e1ky, tak\u017ee se oproti Madei\u0159e zlep\u0161il,\u201c pot\u011b\u0161ilo Davidovu\nmaminku.<\/p>\n\n\n\n<p>David Kratochv\u00edl, kter\u00fd je \u010dlenem Akademie individu\u00e1ln\u00edch\nsport\u016f Plze\u0148sk\u00e9ho kraje, by m\u011bl startovat na paralympi\u00e1d\u011b v Tokiu. V z\u00e1\u0159\u00ed ho\n\u010dek\u00e1 mistrovstv\u00ed \u010cR \u010di mistrovstv\u00ed Slovenska.<\/p>\n\n\n\n<p>Martin \u0160vec<\/p>\n\n\n\n<p>Tachovsk\u00fd den\u00edk<\/p>\n\n\n\n<p><a rel=\"noreferrer noopener\" aria-label=\" (otev\u0159e se na nov\u00e9 z\u00e1lo\u017ece)\" href=\"https:\/\/tachovsky.denik.cz\/\" target=\"_blank\">https:\/\/tachovsky.denik.cz\/<\/a><\/p>\n","protected":false},"excerpt":{"rendered":"<div class=\"mh-excerpt\"><p>T\u0159in\u00e1ctilet\u00fd nevidom\u00fd plavec David Kratochv\u00edl z Tachovska m\u00e1 za sebou nej\u00fasp\u011b\u0161n\u011bj\u0161\u00ed z\u00e1vody kari\u00e9ry. David Kratochv\u00edl na z\u00e1vodech IDM Berl\u00edn (mistrovstv\u00ed N\u011bmecka s pozv\u00e1n\u00edm sv\u011bta) za <a class=\"mh-excerpt-more\" href=\"https:\/\/www.invarena.cz\/?p=36295\" title=\"Nevidom\u00fd plavec David Kratochv\u00edl z\u00edskal devaten\u00e1ct medail\u00ed\">[&#8230;]<\/a><\/p>\n<\/div>","protected":false},"author":1,"featured_media":21009,"comment_status":"open","ping_status":"closed","sticky":false,"template":"","format":"standard","meta":{"footnotes":""},"categories":[9],"tags":[],"class_list":["post-36295","post","type-post","status-publish","format-standard","has-post-thumbnail","hentry","category-zpravy"],"_links":{"self":[{"href":"https:\/\/www.invarena.cz\/index.php?rest_route=\/wp\/v2\/posts\/36295","targetHints":{"allow":["GET"]}}],"collection":[{"href":"https:\/\/www.invarena.cz\/index.php?rest_route=\/wp\/v2\/posts"}],"about":[{"href":"https:\/\/www.invarena.cz\/index.php?rest_route=\/wp\/v2\/types\/post"}],"author":[{"embeddable":true,"href":"https:\/\/www.invarena.cz\/index.php?rest_route=\/wp\/v2\/users\/1"}],"replies":[{"embeddable":true,"href":"https:\/\/www.invarena.cz\/index.php?rest_route=%2Fwp%2Fv2%2Fcomments&post=36295"}],"version-history":[{"count":0,"href":"https:\/\/www.invarena.cz\/index.php?rest_route=\/wp\/v2\/posts\/36295\/revisions"}],"wp:featuredmedia":[{"embeddable":true,"href":"https:\/\/www.invarena.cz\/index.php?rest_route=\/wp\/v2\/media\/21009"}],"wp:attachment":[{"href":"https:\/\/www.invarena.cz\/index.php?rest_route=%2Fwp%2Fv2%2Fmedia&parent=36295"}],"wp:term":[{"taxonomy":"category","embeddable":true,"href":"https:\/\/www.invarena.cz\/index.php?rest_route=%2Fwp%2Fv2%2Fcategories&post=36295"},{"taxonomy":"post_tag","embeddable":true,"href":"https:\/\/www.invarena.cz\/index.php?rest_route=%2Fwp%2Fv2%2Ftags&post=36295"}],"curies":[{"name":"wp","href":"https:\/\/api.w.org\/{rel}","templated":true}]}}